{"id":4376,"date":"2021-12-26T22:04:40","date_gmt":"2021-12-27T01:04:40","guid":{"rendered":"https:\/\/acontecenafronteira.com.br\/?p=4376"},"modified":"2021-12-26T22:04:41","modified_gmt":"2021-12-27T01:04:41","slug":"sete-pessoas-ficam-feridas-em-colisao-frontal-na-br-277-em-santa-tereza-do-oeste","status":"publish","type":"post","link":"https:\/\/acontecenafronteira.com.br\/index.php\/2021\/12\/26\/sete-pessoas-ficam-feridas-em-colisao-frontal-na-br-277-em-santa-tereza-do-oeste\/","title":{"rendered":"Sete pessoas ficam feridas em colis\u00e3o frontal na BR 277, em Santa Tereza do Oeste"},"content":{"rendered":"\n<p><strong><em>Duas ambul\u00e2ncias do Siate e duas do Samu foram acionadas para encaminhar as v\u00edtimas para o hospital<\/em><\/strong><\/p>\n\n\n\n<p>Um grave acidente entre dois carros foi registrado neste s\u00e1bado (25) na BR 277 em Santa Tereza do Oeste.<\/p>\n\n\n\n<p>Segundo informa\u00e7\u00f5es apuradas no local, o Polo seguia sentido Santa Tereza e o Citroen C4 trafegava sentido Cascavel, momento em que o Polo realizou uma ultrapassagem e bateu de frente com o C4.<\/p>\n\n\n\n<p>Duas ambul\u00e2ncias do Siate e duas do Samu foram acionadas para encaminhar as v\u00edtimas para o hospital.<\/p>\n\n\n\n<p>Com a for\u00e7a do impacto, o C4 parou no entre a canaleta de escoamento de \u00e1gua e o barranco da rodovia com uma roda arrancada.<\/p>\n\n\n\n<p>No Citroen havia um casal e duas filhas, o pai, que n\u00e3o precisou ser encaminhado, a m\u00e3e de 29 anos foi encaminhada junto com as filhas de um e nove anos.<\/p>\n\n\n\n<p>No Polo havia quatro pessoas, dois homens e uma mulher que foram encaminhados para uma unidade hospitalar, al\u00e9m de uma crian\u00e7a de 10 anos que est\u00e1 com traumatismo craniano e foi encaminhada ao Hospital Universit\u00e1rio (HUOP).<\/p>\n\n\n\n<p>Fonte: Costa Oeste News<\/p>\n","protected":false},"excerpt":{"rendered":"<p>Duas ambul\u00e2ncias do Siate e duas do Samu foram acionadas para encaminhar as v\u00edtimas para o hospital Um grave acidente entre dois carros foi registrado neste s\u00e1bado (25) na BR 277 em Santa Tereza do Oeste. Segundo informa\u00e7\u00f5es apuradas no local, o Polo seguia sentido Santa Tereza e o Citroen C4 trafegava sentido Cascavel, momento [&hellip;]<\/p>\n","protected":false},"author":2,"featured_media":4377,"comment_status":"open","ping_status":"open","sticky":false,"template":"","format":"standard","meta":{"om_disable_all_campaigns":false,"_monsterinsights_skip_tracking":false,"_monsterinsights_sitenote_active":false,"_monsterinsights_sitenote_note":"","_monsterinsights_sitenote_category":0,"footnotes":""},"categories":[16,5,20],"tags":[],"class_list":["post-4376","post","type-post","status-publish","format-standard","has-post-thumbnail","hentry","category-acidente","category-policia","category-seguranca"],"_links":{"self":[{"href":"https:\/\/acontecenafronteira.com.br\/index.php\/wp-json\/wp\/v2\/posts\/4376","targetHints":{"allow":["GET"]}}],"collection":[{"href":"https:\/\/acontecenafronteira.com.br\/index.php\/wp-json\/wp\/v2\/posts"}],"about":[{"href":"https:\/\/acontecenafronteira.com.br\/index.php\/wp-json\/wp\/v2\/types\/post"}],"author":[{"embeddable":true,"href":"https:\/\/acontecenafronteira.com.br\/index.php\/wp-json\/wp\/v2\/users\/2"}],"replies":[{"embeddable":true,"href":"https:\/\/acontecenafronteira.com.br\/index.php\/wp-json\/wp\/v2\/comments?post=4376"}],"version-history":[{"count":1,"href":"https:\/\/acontecenafronteira.com.br\/index.php\/wp-json\/wp\/v2\/posts\/4376\/revisions"}],"predecessor-version":[{"id":4378,"href":"https:\/\/acontecenafronteira.com.br\/index.php\/wp-json\/wp\/v2\/posts\/4376\/revisions\/4378"}],"wp:featuredmedia":[{"embeddable":true,"href":"https:\/\/acontecenafronteira.com.br\/index.php\/wp-json\/wp\/v2\/media\/4377"}],"wp:attachment":[{"href":"https:\/\/acontecenafronteira.com.br\/index.php\/wp-json\/wp\/v2\/media?parent=4376"}],"wp:term":[{"taxonomy":"category","embeddable":true,"href":"https:\/\/acontecenafronteira.com.br\/index.php\/wp-json\/wp\/v2\/categories?post=4376"},{"taxonomy":"post_tag","embeddable":true,"href":"https:\/\/acontecenafronteira.com.br\/index.php\/wp-json\/wp\/v2\/tags?post=4376"}],"curies":[{"name":"wp","href":"https:\/\/api.w.org\/{rel}","templated":true}]}}