{"id":4340,"date":"2021-12-23T10:21:15","date_gmt":"2021-12-23T13:21:15","guid":{"rendered":"https:\/\/acontecenafronteira.com.br\/?p=4340"},"modified":"2021-12-23T10:21:16","modified_gmt":"2021-12-23T13:21:16","slug":"fieis-celebram-encontro-de-fe-com-padre-manzotti-no-gramadao","status":"publish","type":"post","link":"https:\/\/acontecenafronteira.com.br\/index.php\/2021\/12\/23\/fieis-celebram-encontro-de-fe-com-padre-manzotti-no-gramadao\/","title":{"rendered":"Fi\u00e9is celebram encontro de f\u00e9 com Padre Manzotti no Gramad\u00e3o"},"content":{"rendered":"\n<p>Espa\u00e7o foi tomado por sentimento de gratid\u00e3o e alegria durante missa e show, parte da programa\u00e7\u00e3o do Natal de \u00c1guas e Luzes<\/p>\n\n\n\n<p>Na pen\u00faltima noite da programa\u00e7\u00e3o do Natal de \u00c1guas e Luzes no Gramad\u00e3o da Vila A, a missa e show celebrados pelo padre Reginaldo Manzotti atra\u00edram mais de 15 mil pessoas. Esta foi a primeira apari\u00e7\u00e3o do religioso diante de uma grande plateia a c\u00e9u aberto ap\u00f3s a pandemia.<\/p>\n\n\n\n<blockquote class=\"wp-block-quote is-layout-flow wp-block-quote-is-layout-flow\"><p>\u201cVir a Foz hoje \u00e9 emblem\u00e1tico, pois ser\u00e1 meu primeiro show ap\u00f3s a pandemia, quando parei em mar\u00e7o de 2020. Essa celebra\u00e7\u00e3o \u00e9 de esperan\u00e7a, de vida, e saber que a tempestade est\u00e1 passando. Mais bonito ainda \u00e9 celebrar Jesus e priorizar a caridade e solidariedade\u201d.<\/p><\/blockquote>\n\n\n\n<p>Para ele, a principal li\u00e7\u00e3o deixada pela pandemia \u00e9 a uni\u00e3o. \u201cPrecisamos estar cientes que precisamos e vencemos quando temos uns aos outros\u201d.<\/p>\n\n\n\n<p>A celebra\u00e7\u00e3o da missa contou com a participa\u00e7\u00e3o de p\u00e1rocos da diocese e do bispo S\u00e9rgio de Deus Borges. \u201cO sentimento \u00e9 de alegria, que nossa vida est\u00e1 retomando e podemos manifestar nossa f\u00e9, nosso entusiasmo pelo Natal e, com ele, o esp\u00edrito da esperan\u00e7a\u201d, definiu.<\/p>\n\n\n\n<p>Autoridades da cidade estiveram presentes e participaram da celebra\u00e7\u00e3o. \u201cA vinda do padre representa esse coroamento da organiza\u00e7\u00e3o natalina, representa essa caminhada de esperan\u00e7a, uni\u00e3o e harmonia, e de f\u00e9. Vem nos lembrar que o Natal \u00e9 um momento de celebrar a vida\u201d, comentou o prefeito Chico Brasileiro.<\/p>\n\n\n\n<p>O diretor-geral brasileiro da Itaipu, general Jo\u00e3o Francisco Ferreira, falou sobre a escolha do religioso e a import\u00e2ncia da celebra\u00e7\u00e3o. \u201c\u00c9 uma noite muito especial, quando constru\u00edmos essa programa\u00e7\u00e3o com toda a cidade, nos esmeramos para fazer realmente um Natal de \u00c1guas e de Luzes. Mas hoje foi especial, porque foi uma missa de amor, alegria, uni\u00e3o e ora\u00e7\u00e3o, que nos colocou em contato com esse esp\u00edrito da cristandade\u201d.<\/p>\n\n\n\n<figure class=\"wp-block-gallery columns-3 is-cropped wp-block-gallery-1 is-layout-flex wp-block-gallery-is-layout-flex\"><ul class=\"blocks-gallery-grid\"><li class=\"blocks-gallery-item\"><figure><img loading=\"lazy\" decoding=\"async\" width=\"1024\" height=\"826\" src=\"http:\/\/acontecenafronteira.com.br\/wp-content\/uploads\/2021\/12\/WhatsApp-Image-2021-12-23-at-09.06.02-1024x826.jpeg\" alt=\"\" data-id=\"4341\" data-full-url=\"http:\/\/acontecenafronteira.com.br\/wp-content\/uploads\/2021\/12\/WhatsApp-Image-2021-12-23-at-09.06.02.jpeg\" data-link=\"https:\/\/acontecenafronteira.com.br\/?attachment_id=4341\" class=\"wp-image-4341\" srcset=\"https:\/\/acontecenafronteira.com.br\/wp-content\/uploads\/2021\/12\/WhatsApp-Image-2021-12-23-at-09.06.02-1024x826.jpeg?v=1640265611 1024w, https:\/\/acontecenafronteira.com.br\/wp-content\/uploads\/2021\/12\/WhatsApp-Image-2021-12-23-at-09.06.02-300x242.jpeg?v=1640265611 300w, https:\/\/acontecenafronteira.com.br\/wp-content\/uploads\/2021\/12\/WhatsApp-Image-2021-12-23-at-09.06.02-768x619.jpeg?v=1640265611 768w, https:\/\/acontecenafronteira.com.br\/wp-content\/uploads\/2021\/12\/WhatsApp-Image-2021-12-23-at-09.06.02.jpeg?v=1640265611 1280w\" sizes=\"auto, (max-width: 1024px) 100vw, 1024px\" \/><figcaption class=\"blocks-gallery-item__caption\">Isaura celebrou dez anos de casamento na missa de Manzotti.<\/figcaption><\/figure><\/li><li class=\"blocks-gallery-item\"><figure><img loading=\"lazy\" decoding=\"async\" width=\"1024\" height=\"633\" src=\"http:\/\/acontecenafronteira.com.br\/wp-content\/uploads\/2021\/12\/WhatsApp-Image-2021-12-23-at-09.06.01-1-1024x633.jpeg\" alt=\"\" data-id=\"4342\" data-full-url=\"http:\/\/acontecenafronteira.com.br\/wp-content\/uploads\/2021\/12\/WhatsApp-Image-2021-12-23-at-09.06.01-1.jpeg\" data-link=\"https:\/\/acontecenafronteira.com.br\/?attachment_id=4342\" class=\"wp-image-4342\" srcset=\"https:\/\/acontecenafronteira.com.br\/wp-content\/uploads\/2021\/12\/WhatsApp-Image-2021-12-23-at-09.06.01-1-1024x633.jpeg?v=1640265613 1024w, https:\/\/acontecenafronteira.com.br\/wp-content\/uploads\/2021\/12\/WhatsApp-Image-2021-12-23-at-09.06.01-1-300x185.jpeg?v=1640265613 300w, https:\/\/acontecenafronteira.com.br\/wp-content\/uploads\/2021\/12\/WhatsApp-Image-2021-12-23-at-09.06.01-1-768x475.jpeg?v=1640265613 768w, https:\/\/acontecenafronteira.com.br\/wp-content\/uploads\/2021\/12\/WhatsApp-Image-2021-12-23-at-09.06.01-1.jpeg?v=1640265613 1280w\" sizes=\"auto, (max-width: 1024px) 100vw, 1024px\" \/><figcaption class=\"blocks-gallery-item__caption\">As amigas Helena e Odete: &#8220;momento de paz&#8221;.<\/figcaption><\/figure><\/li><li class=\"blocks-gallery-item\"><figure><img loading=\"lazy\" decoding=\"async\" width=\"1024\" height=\"666\" src=\"http:\/\/acontecenafronteira.com.br\/wp-content\/uploads\/2021\/12\/WhatsApp-Image-2021-12-23-at-09.06.01-1024x666.jpeg\" alt=\"\" data-id=\"4343\" data-full-url=\"http:\/\/acontecenafronteira.com.br\/wp-content\/uploads\/2021\/12\/WhatsApp-Image-2021-12-23-at-09.06.01.jpeg\" data-link=\"https:\/\/acontecenafronteira.com.br\/?attachment_id=4343\" class=\"wp-image-4343\" srcset=\"https:\/\/acontecenafronteira.com.br\/wp-content\/uploads\/2021\/12\/WhatsApp-Image-2021-12-23-at-09.06.01-1024x666.jpeg?v=1640265615 1024w, https:\/\/acontecenafronteira.com.br\/wp-content\/uploads\/2021\/12\/WhatsApp-Image-2021-12-23-at-09.06.01-300x195.jpeg?v=1640265615 300w, https:\/\/acontecenafronteira.com.br\/wp-content\/uploads\/2021\/12\/WhatsApp-Image-2021-12-23-at-09.06.01-768x500.jpeg?v=1640265615 768w, https:\/\/acontecenafronteira.com.br\/wp-content\/uploads\/2021\/12\/WhatsApp-Image-2021-12-23-at-09.06.01.jpeg?v=1640265615 1280w\" sizes=\"auto, (max-width: 1024px) 100vw, 1024px\" \/><figcaption class=\"blocks-gallery-item__caption\">Michele (rosa) veio de Tr\u00eas Lagoas com a fam\u00edlia: &#8220;agradecer por estarmos todos bem&#8221;.<\/figcaption><\/figure><\/li><\/ul><\/figure>\n\n\n\n<p>Plateia<\/p>\n\n\n\n<p>Envoltos no sil\u00eancio necess\u00e1rio para a celebra\u00e7\u00e3o, o Gramad\u00e3o foi transformado num imenso altar ao ar livre. Entre as fam\u00edlias, o momento era de compartilhamento.<\/p>\n\n\n\n<p>Isaura Lonheski de Andrade veio com o marido Daniel e o filho para comemorar um dia especial. \u201cEu acompanho sempre o padre Manzotti pelo r\u00e1dio e tv, mas hoje \u00e9 mais especial ainda, pois estamos completando 10 anos de casados. E estar aqui \u00e9 um presente\u201d.<\/p>\n\n\n\n<p>A dona de casa Helena Pires foi com a amiga e reservou um lugar pr\u00f3ximo ao palco de onde acompanhou a missa. \u201cGosto muito de vir ao Gramad\u00e3o, trazer minhas netas, mas hoje vim para ver o padre. Estou me sentindo em paz aqui\u201d.<\/p>\n\n\n\n<p>A fam\u00edlia de Michele Costa saiu de Tr\u00eas Lagoas para acompanhar a atra\u00e7\u00e3o. \u201cEste ano foi dif\u00edcil e merece uma celebra\u00e7\u00e3o assim, pois todos da fam\u00edlia est\u00e3o bem e com sa\u00fade. S\u00f3 de estarmos hoje, aqui, \u00e9 muita alegria\u201d.<\/p>\n\n\n\n<p>Com \u00e2nimos renovados, o p\u00fablico aplaudiu de p\u00e9 o espet\u00e1culo e recebeu a ben\u00e7\u00e3o final antes do show. Durante o show tamb\u00e9m foram arrecadados alimentos n\u00e3o perec\u00edveis para a \u201cCampanha Natal Feliz: Nenhum Prato Vazio\u201d.<\/p>\n\n\n\n<p>O Natal de \u00c1guas e Luzes \u00e9 uma realiza\u00e7\u00e3o da Prefeitura Municipal, Itaipu Binacional, Fundo Igua\u00e7u, Funda\u00e7\u00e3o Cultural e parceiros. O encerramento das atra\u00e7\u00f5es art\u00edsticas da programa\u00e7\u00e3o de Natal acontece no Gramad\u00e3o nesta quinta-feira (23), a partir das 20 horas com o espet\u00e1culo \u201cO segredo m\u00e1gico do Natal\u201d.<\/p>\n","protected":false},"excerpt":{"rendered":"<p>Espa\u00e7o foi tomado por sentimento de gratid\u00e3o e alegria durante missa e show, parte da programa\u00e7\u00e3o do Natal de \u00c1guas e Luzes Na pen\u00faltima noite da programa\u00e7\u00e3o do Natal de \u00c1guas e Luzes no Gramad\u00e3o da Vila A, a missa e show celebrados pelo padre Reginaldo Manzotti atra\u00edram mais de 15 mil pessoas. Esta foi [&hellip;]<\/p>\n","protected":false},"author":2,"featured_media":4344,"comment_status":"open","ping_status":"open","sticky":false,"template":"","format":"standard","meta":{"om_disable_all_campaigns":false,"_monsterinsights_skip_tracking":false,"_monsterinsights_sitenote_active":false,"_monsterinsights_sitenote_note":"","_monsterinsights_sitenote_category":0,"footnotes":""},"categories":[4,13],"tags":[],"class_list":["post-4340","post","type-post","status-publish","format-standard","has-post-thumbnail","hentry","category-cidade","category-entretenimento"],"_links":{"self":[{"href":"https:\/\/acontecenafronteira.com.br\/index.php\/wp-json\/wp\/v2\/posts\/4340","targetHints":{"allow":["GET"]}}],"collection":[{"href":"https:\/\/acontecenafronteira.com.br\/index.php\/wp-json\/wp\/v2\/posts"}],"about":[{"href":"https:\/\/acontecenafronteira.com.br\/index.php\/wp-json\/wp\/v2\/types\/post"}],"author":[{"embeddable":true,"href":"https:\/\/acontecenafronteira.com.br\/index.php\/wp-json\/wp\/v2\/users\/2"}],"replies":[{"embeddable":true,"href":"https:\/\/acontecenafronteira.com.br\/index.php\/wp-json\/wp\/v2\/comments?post=4340"}],"version-history":[{"count":1,"href":"https:\/\/acontecenafronteira.com.br\/index.php\/wp-json\/wp\/v2\/posts\/4340\/revisions"}],"predecessor-version":[{"id":4346,"href":"https:\/\/acontecenafronteira.com.br\/index.php\/wp-json\/wp\/v2\/posts\/4340\/revisions\/4346"}],"wp:featuredmedia":[{"embeddable":true,"href":"https:\/\/acontecenafronteira.com.br\/index.php\/wp-json\/wp\/v2\/media\/4344"}],"wp:attachment":[{"href":"https:\/\/acontecenafronteira.com.br\/index.php\/wp-json\/wp\/v2\/media?parent=4340"}],"wp:term":[{"taxonomy":"category","embeddable":true,"href":"https:\/\/acontecenafronteira.com.br\/index.php\/wp-json\/wp\/v2\/categories?post=4340"},{"taxonomy":"post_tag","embeddable":true,"href":"https:\/\/acontecenafronteira.com.br\/index.php\/wp-json\/wp\/v2\/tags?post=4340"}],"curies":[{"name":"wp","href":"https:\/\/api.w.org\/{rel}","templated":true}]}}