{"id":428,"date":"2021-10-07T21:33:45","date_gmt":"2021-10-08T00:33:45","guid":{"rendered":"http:\/\/acontecenafronteira.com.br\/?p=428"},"modified":"2021-10-07T21:33:45","modified_gmt":"2021-10-08T00:33:45","slug":"destino-iguacu-participa-da-principal-feira-de-turismo-do-brasil","status":"publish","type":"post","link":"https:\/\/acontecenafronteira.com.br\/index.php\/2021\/10\/07\/destino-iguacu-participa-da-principal-feira-de-turismo-do-brasil\/","title":{"rendered":"Destino Igua\u00e7u participa da principal feira de turismo do Brasil"},"content":{"rendered":"\n<p>A Gest\u00e3o Integrada do Turismo de Foz do Igua\u00e7u, atrav\u00e9s de seus l\u00edderes iniciou tratativas com empresa e operadoras de turismo para alavancar o setor igua\u00e7uense durante a Abav Expo &amp; Collab 2021<\/p>\n\n\n\n<p>O pavilh\u00e3o da Abav Expo &amp; Collab 2021 t\u00eam Foz do Igua\u00e7u e o Paran\u00e1 como principais atra\u00e7\u00f5es. Ao lado de parceiros do setor, a Secretaria Municipal de Turismo e Projetos Estrat\u00e9gicos est\u00e1 marcando presen\u00e7a no evento que \u00e9 considerado o mais completo, tradicional e importante para o turismo brasileiro, que acontece em Fortaleza at\u00e9 sexta-feira (8).\u00a0<br><br>\u00c9 o primeiro evento que o Destino Igua\u00e7u se apresenta com a nova marca, lan\u00e7ada na \u00faltima quarta-feira, 6, reunindo empresas do segmento para impulsionar o trade tur\u00edstico a todo o Brasil.\u00a0<br><br>\u201cA retomada da participa\u00e7\u00e3o de Foz do Igua\u00e7u em grandes eventos de promo\u00e7\u00e3o e divulga\u00e7\u00e3o coincide com a abertura da alta temporada do turismo nacional e estrangeira. S\u00e3o eventos que ocorrem em mercados essenciais para a retomada do turismo de Foz do Igua\u00e7u\u201d, afirma o secret\u00e1rio de Turismo, Projetos Estrat\u00e9gicos e Inova\u00e7\u00e3o, Paulo Angeli.<br><br>Al\u00e9m dos encontros com operadoras e ag\u00eancias de viagens para atrair mais visitantes nos pr\u00f3ximos anos, a equipe iniciou a formaliza\u00e7\u00e3o de tratativas para o in\u00edcio do lan\u00e7amento de voos da empresa a\u00e9rea Itapemirim j\u00e1 a partir de dezembro.\u00a0<br><br>O munic\u00edpio conta com um estande pr\u00f3prio, em parceria com a Paran\u00e1 Turismo, que serve tamb\u00e9m como apoio \u00e0s empresas presentes.\u00a0 \u201cNossas conex\u00f5es e contatos s\u00e3o muito ampliadas quando participamos de eventos onde pessoas com interesses em comum buscam saber mais sobre todo o leque de benef\u00edcios que Foz oferece. Saimos fortalecidos e com esperan\u00e7a de uma forte retomada\u201d, comenta a diretora de Promo\u00e7\u00e3o, Marketing e Eventos, Cristiane Santos.\u00a0<br><br>Cristiane tamb\u00e9m conta que o marketing sensorial faz parte da nova identidade do Destino. Junto \u00e0 marca, foi lan\u00e7ada tamb\u00e9m uma fragr\u00e2ncia pr\u00f3pria, produzida pela empresa igua\u00e7uense Le Jardin.\u00a0<br><br><strong>Integra\u00e7\u00e3o\u00a0<br><br><\/strong>Al\u00e9m da equipe t\u00e9cnica e de empres\u00e1rios, a comitiva de Foz ainda \u00e9 integrada pelo presidente do Visit Iguassu, Felipe Gonzalez, o presidente do Conselho Municipal de Turismo (Comtur), Yuri Benites, e Irapuan Cortes Santos, Diretor de Marketing e Inova\u00e7\u00e3o da Paran\u00e1 Turismo.<br><br>\u201cAs belezas da cidade comp\u00f5em a rica infraestrutura que temos. Ouvimos maravilhas sobre a cidade, isso s\u00f3 mostra o quanto ela \u00e9 admirada e conhecida ao redor do Brasil. Aproveitamos esse gancho para mostrar tamb\u00e9m como ela pode ser acolhedora para eventos\u201d, refor\u00e7a Gonzalez.\u00a0<br><br>\u201cVivemos um momento em que j\u00e1 podemos falar em \u2018p\u00f3s-pandemia\u2019, pois a vacina\u00e7\u00e3o se mostrou eficaz. A retomada acontece em um per\u00edodo onde o contato com a natureza e ambientes abertos se tornam tend\u00eancia. Ou seja, onde mais encontrar tudo isso a n\u00e3o ser em Foz?\u201d, celebra Benites.<\/p>\n\n\n\n<figure class=\"wp-block-gallery columns-3 is-cropped wp-block-gallery-1 is-layout-flex wp-block-gallery-is-layout-flex\"><ul class=\"blocks-gallery-grid\"><li class=\"blocks-gallery-item\"><figure><a href=\"http:\/\/acontecenafronteira.com.br\/wp-content\/uploads\/2021\/10\/WhatsApp-Image-2021-10-07-at-5.21.15-PM.jpeg?v=1633653200\"><img loading=\"lazy\" decoding=\"async\" width=\"529\" height=\"823\" src=\"http:\/\/acontecenafronteira.com.br\/wp-content\/uploads\/2021\/10\/WhatsApp-Image-2021-10-07-at-5.21.15-PM.jpeg\" alt=\"\" data-id=\"430\" data-full-url=\"http:\/\/acontecenafronteira.com.br\/wp-content\/uploads\/2021\/10\/WhatsApp-Image-2021-10-07-at-5.21.15-PM.jpeg?v=1633653200\" data-link=\"http:\/\/acontecenafronteira.com.br\/?attachment_id=430\" class=\"wp-image-430\" srcset=\"https:\/\/acontecenafronteira.com.br\/wp-content\/uploads\/2021\/10\/WhatsApp-Image-2021-10-07-at-5.21.15-PM.jpeg?v=1633653200 529w, https:\/\/acontecenafronteira.com.br\/wp-content\/uploads\/2021\/10\/WhatsApp-Image-2021-10-07-at-5.21.15-PM-193x300.jpeg?v=1633653200 193w\" sizes=\"auto, (max-width: 529px) 100vw, 529px\" \/><\/a><\/figure><\/li><li class=\"blocks-gallery-item\"><figure><a href=\"http:\/\/acontecenafronteira.com.br\/wp-content\/uploads\/2021\/10\/WhatsApp-Image-2021-10-07-at-5.21.14-PM-1.jpeg?v=1633653202\"><img loading=\"lazy\" decoding=\"async\" width=\"1024\" height=\"461\" src=\"http:\/\/acontecenafronteira.com.br\/wp-content\/uploads\/2021\/10\/WhatsApp-Image-2021-10-07-at-5.21.14-PM-1-1024x461.jpeg?v=1633653202\" alt=\"\" data-id=\"431\" data-full-url=\"http:\/\/acontecenafronteira.com.br\/wp-content\/uploads\/2021\/10\/WhatsApp-Image-2021-10-07-at-5.21.14-PM-1.jpeg?v=1633653202\" data-link=\"http:\/\/acontecenafronteira.com.br\/?attachment_id=431\" class=\"wp-image-431\" srcset=\"https:\/\/acontecenafronteira.com.br\/wp-content\/uploads\/2021\/10\/WhatsApp-Image-2021-10-07-at-5.21.14-PM-1-1024x461.jpeg?v=1633653202 1024w, https:\/\/acontecenafronteira.com.br\/wp-content\/uploads\/2021\/10\/WhatsApp-Image-2021-10-07-at-5.21.14-PM-1-300x135.jpeg?v=1633653202 300w, https:\/\/acontecenafronteira.com.br\/wp-content\/uploads\/2021\/10\/WhatsApp-Image-2021-10-07-at-5.21.14-PM-1-768x346.jpeg?v=1633653202 768w, https:\/\/acontecenafronteira.com.br\/wp-content\/uploads\/2021\/10\/WhatsApp-Image-2021-10-07-at-5.21.14-PM-1.jpeg?v=1633653202 1280w\" sizes=\"auto, (max-width: 1024px) 100vw, 1024px\" \/><\/a><\/figure><\/li><li class=\"blocks-gallery-item\"><figure><a href=\"http:\/\/acontecenafronteira.com.br\/wp-content\/uploads\/2021\/10\/WhatsApp-Image-2021-10-07-at-5.21.14-PM.jpeg?v=1633653203\"><img loading=\"lazy\" decoding=\"async\" width=\"1024\" height=\"682\" src=\"http:\/\/acontecenafronteira.com.br\/wp-content\/uploads\/2021\/10\/WhatsApp-Image-2021-10-07-at-5.21.14-PM-1024x682.jpeg?v=1633653203\" alt=\"\" data-id=\"432\" data-full-url=\"http:\/\/acontecenafronteira.com.br\/wp-content\/uploads\/2021\/10\/WhatsApp-Image-2021-10-07-at-5.21.14-PM.jpeg?v=1633653203\" data-link=\"http:\/\/acontecenafronteira.com.br\/?attachment_id=432\" class=\"wp-image-432\" srcset=\"https:\/\/acontecenafronteira.com.br\/wp-content\/uploads\/2021\/10\/WhatsApp-Image-2021-10-07-at-5.21.14-PM-1024x682.jpeg?v=1633653203 1024w, https:\/\/acontecenafronteira.com.br\/wp-content\/uploads\/2021\/10\/WhatsApp-Image-2021-10-07-at-5.21.14-PM-300x200.jpeg?v=1633653203 300w, https:\/\/acontecenafronteira.com.br\/wp-content\/uploads\/2021\/10\/WhatsApp-Image-2021-10-07-at-5.21.14-PM-768x512.jpeg?v=1633653203 768w, https:\/\/acontecenafronteira.com.br\/wp-content\/uploads\/2021\/10\/WhatsApp-Image-2021-10-07-at-5.21.14-PM.jpeg?v=1633653203 1280w\" sizes=\"auto, (max-width: 1024px) 100vw, 1024px\" \/><\/a><\/figure><\/li><\/ul><\/figure>\n","protected":false},"excerpt":{"rendered":"<p>A Gest\u00e3o Integrada do Turismo de Foz do Igua\u00e7u, atrav\u00e9s de seus l\u00edderes iniciou tratativas com empresa e operadoras de turismo para alavancar o setor igua\u00e7uense durante a Abav Expo &amp; Collab 2021 O pavilh\u00e3o da Abav Expo &amp; Collab 2021 t\u00eam Foz do Igua\u00e7u e o Paran\u00e1 como principais atra\u00e7\u00f5es. Ao lado de parceiros [&hellip;]<\/p>\n","protected":false},"author":2,"featured_media":435,"comment_status":"open","ping_status":"open","sticky":false,"template":"","format":"standard","meta":{"om_disable_all_campaigns":false,"_monsterinsights_skip_tracking":false,"_monsterinsights_sitenote_active":false,"_monsterinsights_sitenote_note":"","_monsterinsights_sitenote_category":0,"footnotes":""},"categories":[1],"tags":[],"class_list":["post-428","post","type-post","status-publish","format-standard","has-post-thumbnail","hentry","category-sem-categoria"],"_links":{"self":[{"href":"https:\/\/acontecenafronteira.com.br\/index.php\/wp-json\/wp\/v2\/posts\/428","targetHints":{"allow":["GET"]}}],"collection":[{"href":"https:\/\/acontecenafronteira.com.br\/index.php\/wp-json\/wp\/v2\/posts"}],"about":[{"href":"https:\/\/acontecenafronteira.com.br\/index.php\/wp-json\/wp\/v2\/types\/post"}],"author":[{"embeddable":true,"href":"https:\/\/acontecenafronteira.com.br\/index.php\/wp-json\/wp\/v2\/users\/2"}],"replies":[{"embeddable":true,"href":"https:\/\/acontecenafronteira.com.br\/index.php\/wp-json\/wp\/v2\/comments?post=428"}],"version-history":[{"count":1,"href":"https:\/\/acontecenafronteira.com.br\/index.php\/wp-json\/wp\/v2\/posts\/428\/revisions"}],"predecessor-version":[{"id":436,"href":"https:\/\/acontecenafronteira.com.br\/index.php\/wp-json\/wp\/v2\/posts\/428\/revisions\/436"}],"wp:featuredmedia":[{"embeddable":true,"href":"https:\/\/acontecenafronteira.com.br\/index.php\/wp-json\/wp\/v2\/media\/435"}],"wp:attachment":[{"href":"https:\/\/acontecenafronteira.com.br\/index.php\/wp-json\/wp\/v2\/media?parent=428"}],"wp:term":[{"taxonomy":"category","embeddable":true,"href":"https:\/\/acontecenafronteira.com.br\/index.php\/wp-json\/wp\/v2\/categories?post=428"},{"taxonomy":"post_tag","embeddable":true,"href":"https:\/\/acontecenafronteira.com.br\/index.php\/wp-json\/wp\/v2\/tags?post=428"}],"curies":[{"name":"wp","href":"https:\/\/api.w.org\/{rel}","templated":true}]}}