{"id":4009,"date":"2021-12-16T13:11:00","date_gmt":"2021-12-16T16:11:00","guid":{"rendered":"https:\/\/acontecenafronteira.com.br\/?p=4009"},"modified":"2021-12-16T13:11:02","modified_gmt":"2021-12-16T16:11:02","slug":"tj-nega-liminar-a-consorcio-e-mantem-tarifa-em-r-41","status":"publish","type":"post","link":"https:\/\/acontecenafronteira.com.br\/index.php\/2021\/12\/16\/tj-nega-liminar-a-consorcio-e-mantem-tarifa-em-r-41\/","title":{"rendered":"TJ nega liminar a cons\u00f3rcio e mant\u00e9m tarifa em R$ 4,1"},"content":{"rendered":"\n<p>Decis\u00f5es do judici\u00e1rio atendem os argumentos do Munic\u00edpio que apontam para a precariedade dos servi\u00e7os prestados atualmente pelo sistema de transporte p\u00fablico em Foz do Igua\u00e7u<\/p>\n\n\n\n<p>O Tribunal de Justi\u00e7a do Paran\u00e1 negou recurso do cons\u00f3rcio Sorriso e manteve em R$ 4,10 a tarifa do \u00f4nibus do transporte coletivo de Foz do Igua\u00e7u. A 2\u00aa Vara da Fazenda P\u00fablica local j\u00e1 havia negado liminar do pedido de aumento da tarifa para R$ 5 e o cons\u00f3rcio recorreu ao TJ em Curitiba. O Tribunal de Justi\u00e7a entendeu que o reajuste, conforme se apresenta hoje o sistema de transporte (\u00f4nibus superlotados e atrasos), prejudica e penaliza a popula\u00e7\u00e3o.<br><br>Na decis\u00e3o desta quarta-feira, 15, a 4\u00aa C\u00e2mara C\u00edvel do Tribunal de Justi\u00e7a afirma que a &#8220;verifica\u00e7\u00e3o quando a corre\u00e7\u00e3o ou n\u00e3o do c\u00e1lculo do reajuste tarif\u00e1rio&#8221; requer &#8220;a realiza\u00e7\u00e3o de prova pericial, diante da complexidade matem\u00e1tica da f\u00f3rmula&#8221;.&nbsp;<br><br>&#8220;Recurso desprovido&#8221;, diz a decis\u00e3o do TJ que apontou os argumentos do Munic\u00edpio quanto \u00e0 redu\u00e7\u00e3o da frota dos \u00f4nibus em circula\u00e7\u00e3o, descumprimento de hor\u00e1rios, itiner\u00e1rios e a data base do reajuste salarial acordada com os motoristas e cobradores.<br><br><strong>Liminar negada<br><br><\/strong>&#8220;O agravante (cons\u00f3rcio) pretende a manuten\u00e7\u00e3o do equil\u00edbrio econ\u00f4mico financeiro atrav\u00e9s do reajuste da tarifa cobrada dos usu\u00e1rios. Entretanto, conforme se aduz dos autos origin\u00e1rios, o agravante indicou valores diferenciados para a tarifa, sendo que o Munic\u00edpio, por sua vez, justificou que a insufici\u00eancia da frota em servi\u00e7o, bem como a aus\u00eancia de corre\u00e7\u00e3o dos sal\u00e1rios dos funcion\u00e1rios, entre outros motivos, influenciaram no valor final real da tarifa&#8221;, observa o juiz M\u00e1rcio Jos\u00e9 Tokars no seu voto de relator.<br><br>&#8220;Sendo assim, \u00e9 temer\u00e1rio conceder a liminar, haja vista a necessidade de abertura da instru\u00e7\u00e3o, sob pena de se impor \u00e0s partes e \u00e0 popula\u00e7\u00e3o local valor de tarifa arbitrado unicamente por um polo, com fundamento em quest\u00f5es controvertidas&#8221;, escreve o magistrado no voto acatado pela 4\u00aa C\u00e2mara C\u00edvel.<br><br>&#8220;Assim, ao menos por ora, est\u00e3o ausentes os requisitos legais para a concess\u00e3o datutela provis\u00f3ria recursal, raz\u00e3o pela qual indefiro o pedido de antecipa\u00e7\u00e3o dos efeitos da liminar&#8221;, sentenciou o juiz M\u00e1rcio Jos\u00e9 Tokars.<\/p>\n\n\n\n<p><br><strong>Caducidade<br><br><\/strong>O secret\u00e1rio da Transpar\u00eancia e Governan\u00e7a, Jos\u00e9 Elias Castro Gomes, afirma que o judici\u00e1rio entendeu que at\u00e9 o momento o servi\u00e7o prec\u00e1rio prestado \u00e0 popula\u00e7\u00e3o n\u00e3o merece nenhum tipo de reajuste. &#8220;\u00c9 preciso esclarecer quanto vale o sistema atual em termos de tarifa, j\u00e1 que existe redu\u00e7\u00e3o de frota e linhas, \u00f4nibus lotados e atrasos constantes&#8221;.<br><br>As decis\u00f5es da Vara da Fazenda P\u00fablica e do Tribunal de Justi\u00e7a, segundo Jos\u00e9 Elias Castro Gomes, refor\u00e7am a tese e as a\u00e7\u00f5es da prefeitura que devem culminar na caducidade do contrato com o cons\u00f3rcio que opera o sistema desde 2010. &#8220;N\u00e3o podemos achar que seja utopia melhorar o transporte p\u00fablico em Foz do Igua\u00e7u. Estamos h\u00e1 onze anos com esse sistema que n\u00e3o pode ficar pior do que est\u00e1. A prefeitura jamais vai deixar isso acontecer&#8221;, disse.<br><br>&#8220;O sistema de transporte coletivo \u00e9 uma concess\u00e3o p\u00fablica. N\u00e3o vamos entregar o sistema para uma empresa ou cons\u00f3rcio. Essa concess\u00e3o tem que ter controle social e os custos do sistema devem ser transparentes, auditados. \u00c9 isso que a prefeitura defende e vai fazer&#8221;, completa Castro Gomes.<\/p>\n","protected":false},"excerpt":{"rendered":"<p>Decis\u00f5es do judici\u00e1rio atendem os argumentos do Munic\u00edpio que apontam para a precariedade dos servi\u00e7os prestados atualmente pelo sistema de transporte p\u00fablico em Foz do Igua\u00e7u O Tribunal de Justi\u00e7a do Paran\u00e1 negou recurso do cons\u00f3rcio Sorriso e manteve em R$ 4,10 a tarifa do \u00f4nibus do transporte coletivo de Foz do Igua\u00e7u. A 2\u00aa [&hellip;]<\/p>\n","protected":false},"author":2,"featured_media":4010,"comment_status":"open","ping_status":"open","sticky":false,"template":"","format":"standard","meta":{"om_disable_all_campaigns":false,"_monsterinsights_skip_tracking":false,"_monsterinsights_sitenote_active":false,"_monsterinsights_sitenote_note":"","_monsterinsights_sitenote_category":0,"footnotes":""},"categories":[4],"tags":[],"class_list":["post-4009","post","type-post","status-publish","format-standard","has-post-thumbnail","hentry","category-cidade"],"_links":{"self":[{"href":"https:\/\/acontecenafronteira.com.br\/index.php\/wp-json\/wp\/v2\/posts\/4009","targetHints":{"allow":["GET"]}}],"collection":[{"href":"https:\/\/acontecenafronteira.com.br\/index.php\/wp-json\/wp\/v2\/posts"}],"about":[{"href":"https:\/\/acontecenafronteira.com.br\/index.php\/wp-json\/wp\/v2\/types\/post"}],"author":[{"embeddable":true,"href":"https:\/\/acontecenafronteira.com.br\/index.php\/wp-json\/wp\/v2\/users\/2"}],"replies":[{"embeddable":true,"href":"https:\/\/acontecenafronteira.com.br\/index.php\/wp-json\/wp\/v2\/comments?post=4009"}],"version-history":[{"count":1,"href":"https:\/\/acontecenafronteira.com.br\/index.php\/wp-json\/wp\/v2\/posts\/4009\/revisions"}],"predecessor-version":[{"id":4011,"href":"https:\/\/acontecenafronteira.com.br\/index.php\/wp-json\/wp\/v2\/posts\/4009\/revisions\/4011"}],"wp:featuredmedia":[{"embeddable":true,"href":"https:\/\/acontecenafronteira.com.br\/index.php\/wp-json\/wp\/v2\/media\/4010"}],"wp:attachment":[{"href":"https:\/\/acontecenafronteira.com.br\/index.php\/wp-json\/wp\/v2\/media?parent=4009"}],"wp:term":[{"taxonomy":"category","embeddable":true,"href":"https:\/\/acontecenafronteira.com.br\/index.php\/wp-json\/wp\/v2\/categories?post=4009"},{"taxonomy":"post_tag","embeddable":true,"href":"https:\/\/acontecenafronteira.com.br\/index.php\/wp-json\/wp\/v2\/tags?post=4009"}],"curies":[{"name":"wp","href":"https:\/\/api.w.org\/{rel}","templated":true}]}}