{"id":39,"date":"2021-10-04T00:13:12","date_gmt":"2021-10-04T03:13:12","guid":{"rendered":"http:\/\/acontecenafronteira.com.br\/?p=39"},"modified":"2021-10-04T00:48:22","modified_gmt":"2021-10-04T03:48:22","slug":"apos-acordo-com-o-mpf-empresa-refaz-pavimentacao-da-avenida-morenitas","status":"publish","type":"post","link":"https:\/\/acontecenafronteira.com.br\/index.php\/2021\/10\/04\/apos-acordo-com-o-mpf-empresa-refaz-pavimentacao-da-avenida-morenitas\/","title":{"rendered":"Ap\u00f3s acordo com o MPF, empresa refaz pavimenta\u00e7\u00e3o da Avenida Morenitas"},"content":{"rendered":"\n<p><strong><em>Irregularidades foram constatadas em 2016 pela Opera\u00e7\u00e3o Pec\u00falio e devem ser reparadas at\u00e9 16 de novembro<\/em><\/strong><\/p>\n\n\n\n<p>A empresa Itavel Servi\u00e7os Rodovi\u00e1rios iniciou os trabalhos de corre\u00e7\u00e3o na pavimenta\u00e7\u00e3o asf\u00e1ltica da Avenida Morenitas, localizada no bairro Porto Meira, regi\u00e3o Sul da cidade. Os reparos atendem um Termo de Ajuste de Conduta (TAC) firmado entre o Minist\u00e9rio P\u00fablico Federal (MPF), Prefeitura de Foz do Igua\u00e7u e a empresa.<\/p>\n\n\n\n<p>Por meio do TAC, a Itavel Servi\u00e7os Rodovi\u00e1rios se comprometeu a corrigir os v\u00edcios de obras constatados em 2016, por meio da \u201cOpera\u00e7\u00e3o Pec\u00falio\u201d.<\/p>\n\n\n\n<div class=\"wp-block-image\"><figure class=\"alignleft size-large is-resized\"><img loading=\"lazy\" decoding=\"async\" src=\"http:\/\/acontecenafronteira.com.br\/wp-content\/uploads\/2021\/10\/morenitas-2-1024x682.jpg?v=1633319260\" alt=\"\" class=\"wp-image-64\" width=\"533\" height=\"355\" srcset=\"https:\/\/acontecenafronteira.com.br\/wp-content\/uploads\/2021\/10\/morenitas-2-1024x682.jpg?v=1633319260 1024w, https:\/\/acontecenafronteira.com.br\/wp-content\/uploads\/2021\/10\/morenitas-2-300x200.jpg?v=1633319260 300w, https:\/\/acontecenafronteira.com.br\/wp-content\/uploads\/2021\/10\/morenitas-2-768x512.jpg?v=1633319260 768w, https:\/\/acontecenafronteira.com.br\/wp-content\/uploads\/2021\/10\/morenitas-2.jpg?v=1633319260 1280w\" sizes=\"auto, (max-width: 533px) 100vw, 533px\" \/><\/figure><\/div>\n\n\n\n<blockquote class=\"wp-block-quote is-layout-flow wp-block-quote-is-layout-flow\"><p>\u201cNot\u00edcias de obras paralisadas por conta de irregularidades e les\u00e3o ao er\u00e1rio \u00e9 uma p\u00e1gina virada na hist\u00f3ria de Foz do Igua\u00e7u. A cidade foi muito prejudicada por estas a\u00e7\u00f5es, mas com o apoio e trabalho incondicional da Justi\u00e7a Federal e do MPF, a Prefeitura conseguiu retomar e concluir importantes obras de infraestrutura e mobilidade\u201d, expressou o prefeito Chico Brasileiro.<\/p><p><\/p><\/blockquote>\n\n\n\n<p>\u00c9 o caso, por exemplo, do prolongamento da Avenida Andradina e da pavimenta\u00e7\u00e3o nas vias Felipe Wandscheer, Jos\u00e9 Maria de Brito, Pedro Basso, Ranieri Mazzili e S\u00e9rgio Gasparetto.<\/p>\n\n\n\n<p>Licitada em 2014, o prolongamento da Avenida Andradina integra o Programa de Acelera\u00e7\u00e3o do Crescimento (PAC 2) do Governo Federal. Os trabalhos foram executados em desconformidade com o edital do processo licitat\u00f3rio, de acordo com as per\u00edcias realizadas pela Pol\u00edcia Federal.<\/p>\n\n\n\n<p>A fim de reparar os danos causados \u00e0 coletividade, a empresa est\u00e1 refor\u00e7ando a pavimenta\u00e7\u00e3o na Avenida Morenitas &#8211; servi\u00e7o at\u00e9 ent\u00e3o n\u00e3o executado, no valor de R$ 525.465,97 &#8211; e ressarcir\u00e1\/indenizar\u00e1 o Munic\u00edpio em R$ 411 mil. Al\u00e9m disso, tamb\u00e9m ser\u00e3o feitos refor\u00e7os nas pavimenta\u00e7\u00f5es das Avenidas Portugal e Javier Koelb, a\u00e7\u00f5es avaliadas em R$ 232.531,50.<\/p>\n\n\n\n<p>Todas as a\u00e7\u00f5es de reparos dever\u00e3o ser conclu\u00eddas at\u00e9 16 de novembro de 2021.<\/p>\n\n\n\n<figure class=\"wp-block-image size-large\"><img loading=\"lazy\" decoding=\"async\" width=\"1024\" height=\"682\" src=\"http:\/\/acontecenafronteira.com.br\/wp-content\/uploads\/2021\/10\/morenitas-1024x682.jpg\" alt=\"\" class=\"wp-image-40\" srcset=\"https:\/\/acontecenafronteira.com.br\/wp-content\/uploads\/2021\/10\/morenitas-1024x682.jpg 1024w, https:\/\/acontecenafronteira.com.br\/wp-content\/uploads\/2021\/10\/morenitas-300x200.jpg 300w, https:\/\/acontecenafronteira.com.br\/wp-content\/uploads\/2021\/10\/morenitas-768x512.jpg 768w, https:\/\/acontecenafronteira.com.br\/wp-content\/uploads\/2021\/10\/morenitas.jpg 1280w\" sizes=\"auto, (max-width: 1024px) 100vw, 1024px\" \/><\/figure>\n","protected":false},"excerpt":{"rendered":"<p>Irregularidades foram constatadas em 2016 pela Opera\u00e7\u00e3o Pec\u00falio e devem ser reparadas at\u00e9 16 de novembro A empresa Itavel Servi\u00e7os Rodovi\u00e1rios iniciou os trabalhos de corre\u00e7\u00e3o na pavimenta\u00e7\u00e3o asf\u00e1ltica da Avenida Morenitas, localizada no bairro Porto Meira, regi\u00e3o Sul da cidade. Os reparos atendem um Termo de Ajuste de Conduta (TAC) firmado entre o Minist\u00e9rio [&hellip;]<\/p>\n","protected":false},"author":2,"featured_media":40,"comment_status":"open","ping_status":"open","sticky":false,"template":"","format":"standard","meta":{"om_disable_all_campaigns":false,"_monsterinsights_skip_tracking":false,"_monsterinsights_sitenote_active":false,"_monsterinsights_sitenote_note":"","_monsterinsights_sitenote_category":0,"footnotes":""},"categories":[4,6],"tags":[],"class_list":["post-39","post","type-post","status-publish","format-standard","has-post-thumbnail","hentry","category-cidade","category-mercosul"],"_links":{"self":[{"href":"https:\/\/acontecenafronteira.com.br\/index.php\/wp-json\/wp\/v2\/posts\/39","targetHints":{"allow":["GET"]}}],"collection":[{"href":"https:\/\/acontecenafronteira.com.br\/index.php\/wp-json\/wp\/v2\/posts"}],"about":[{"href":"https:\/\/acontecenafronteira.com.br\/index.php\/wp-json\/wp\/v2\/types\/post"}],"author":[{"embeddable":true,"href":"https:\/\/acontecenafronteira.com.br\/index.php\/wp-json\/wp\/v2\/users\/2"}],"replies":[{"embeddable":true,"href":"https:\/\/acontecenafronteira.com.br\/index.php\/wp-json\/wp\/v2\/comments?post=39"}],"version-history":[{"count":3,"href":"https:\/\/acontecenafronteira.com.br\/index.php\/wp-json\/wp\/v2\/posts\/39\/revisions"}],"predecessor-version":[{"id":65,"href":"https:\/\/acontecenafronteira.com.br\/index.php\/wp-json\/wp\/v2\/posts\/39\/revisions\/65"}],"wp:featuredmedia":[{"embeddable":true,"href":"https:\/\/acontecenafronteira.com.br\/index.php\/wp-json\/wp\/v2\/media\/40"}],"wp:attachment":[{"href":"https:\/\/acontecenafronteira.com.br\/index.php\/wp-json\/wp\/v2\/media?parent=39"}],"wp:term":[{"taxonomy":"category","embeddable":true,"href":"https:\/\/acontecenafronteira.com.br\/index.php\/wp-json\/wp\/v2\/categories?post=39"},{"taxonomy":"post_tag","embeddable":true,"href":"https:\/\/acontecenafronteira.com.br\/index.php\/wp-json\/wp\/v2\/tags?post=39"}],"curies":[{"name":"wp","href":"https:\/\/api.w.org\/{rel}","templated":true}]}}