{"id":3777,"date":"2021-12-12T15:30:48","date_gmt":"2021-12-12T18:30:48","guid":{"rendered":"https:\/\/acontecenafronteira.com.br\/?p=3777"},"modified":"2021-12-12T15:30:53","modified_gmt":"2021-12-12T18:30:53","slug":"em-reuniao-com-o-secretariado-prefeito-conclamou-todos-para-trabalhar-por-servicos-publicos-cada-vez-mais-ageis-e-eficientes-para-os-iguacuenses","status":"publish","type":"post","link":"https:\/\/acontecenafronteira.com.br\/index.php\/2021\/12\/12\/em-reuniao-com-o-secretariado-prefeito-conclamou-todos-para-trabalhar-por-servicos-publicos-cada-vez-mais-ageis-e-eficientes-para-os-iguacuenses\/","title":{"rendered":"Em reuni\u00e3o com o secretariado, Prefeito conclamou todos para trabalhar por servi\u00e7os p\u00fablicos cada vez mais \u00e1geis e eficientes para os igua\u00e7uenses"},"content":{"rendered":"\n<p><strong><em>&#8220;Foz avan\u00e7ou muito, mas ainda \u00e9 preciso mais&#8221;, diz prefeito Chico Brasileiro<\/em><\/strong><\/p>\n\n\n\n<p>Mesmo com as dificuldades impostas tanto pela pandemia como pela heran\u00e7a de administra\u00e7\u00f5es que trouxeram muitos preju\u00edzos \u00e0 cidade, a Prefeitura de Foz do Igua\u00e7u encerra 2021 com as contas em dia e aprovadas pelos \u00f3rg\u00e3os fiscalizadores. Mas n\u00e3o \u00e9 miss\u00e3o cumprida. Segundo o prefeito Chico Brasileiro, os desafios ainda s\u00e3o muitos e \u00e9 preciso seguir trabalhando com afinco para entregar o melhor \u00e0 popula\u00e7\u00e3o.<\/p>\n\n\n\n<p>Esta foi a mensagem da \u00faltima reuni\u00e3o do prefeito com o secretariado, neste s\u00e1bado (11). A mensagem do chefe do executivo foi de otimismo, de parabeniza\u00e7\u00e3o pelo esfor\u00e7o de todas as pastas, mas tamb\u00e9m de cobran\u00e7a para que os servi\u00e7os p\u00fablicos prestados aos igua\u00e7uenses sejam cada vez mais eficientes.<\/p>\n\n\n\n<p>Um dos grandes desafios superados este ano foi em rela\u00e7\u00e3o \u00e0 previd\u00eancia dos servidores. Mesmo com o d\u00e9ficit hist\u00f3rico em rela\u00e7\u00e3o ao Fundo Financeiro do Fozprev &#8211; autarquia respons\u00e1vel por gerir o Regime Pr\u00f3prio de Previd\u00eancia Social (RPPS) &#8211; a prefeitura conseguiu aportar os recursos necess\u00e1rios e cumprir com as obriga\u00e7\u00f5es com os aposentados.<\/p>\n\n\n\n<blockquote class=\"wp-block-quote is-layout-flow wp-block-quote-is-layout-flow\"><p>\u201cEsta \u00e9 uma quest\u00e3o que muitos n\u00e3o enxergam a import\u00e2ncia, mas \u00e9 fundamental ter esse equil\u00edbrio previdenci\u00e1rio e manter em dia o pagamento dos servidores e dos aposentados, pois, do contr\u00e1rio, a administra\u00e7\u00e3o municipal teria um grande descr\u00e9dito com a sociedade e com as entidades parceiras que apoiam as nossas iniciativas\u201d, afirma o prefeito Chico Brasileiro.<\/p><\/blockquote>\n\n\n\n<p><strong>Retomada econ\u00f4mica<\/strong><\/p>\n\n\n\n<blockquote class=\"wp-block-quote is-layout-flow wp-block-quote-is-layout-flow\"><p>\u201cA maior conquista do governo n\u00e3o \u00e9 apenas a entrega de obras, cimento, tijolos, mas as conquistas sociais. Este ano, tivemos um grande avan\u00e7o na quest\u00e3o do emprego em Foz do Igua\u00e7u, a cidade j\u00e1 est\u00e1 em plena retomada econ\u00f4mica e a prova disto foi que em outubro fomos a quarta cidade que mais gerou mais empregos no Estado\u201d, salientou o prefeito.<\/p><\/blockquote>\n\n\n\n<p>A Ag\u00eancia do Trabalhador possui em m\u00e9dia 280 vagas por dia e est\u00e1 adotando a estrat\u00e9gia de fazer mutir\u00f5es nos bairros para levar as oportunidades mais pr\u00f3ximo dos moradores. Na \u00faltima semana, foram levadas mais de 250 vagas para o Bubas<\/p>\n\n\n\n<p>Avan\u00e7os<\/p>\n\n\n\n<p>O prefeito mencionou ainda importantes premia\u00e7\u00f5es recebidas recentemente pela prefeitura &#8211; entre elas o Pr\u00eamio Gestor P\u00fablico Paran\u00e1, pelo oferecimento de cursos de qualifica\u00e7\u00e3o profissional ofertados pela Secretaria de Assist\u00eancia Social em parceria com Sesi\/Senai; e o pr\u00eamio da Fomento Paran\u00e1\/Sebrae pelo maior n\u00famero de financiamentos do Banco do Empreendedor.<\/p>\n\n\n\n<blockquote class=\"wp-block-quote is-layout-flow wp-block-quote-is-layout-flow\"><p>\u201cMais do que pr\u00eamios, essas conquistas representam um importante trabalho feito pelos igua\u00e7uenses. Dar um diploma para um cidad\u00e3o e possibilitar que ele tenha uma boa oportunidade de emprego \u00e9 o maior pr\u00eamio que n\u00f3s podemos receber e temos que continuar nos esfor\u00e7ando para que, cada vez mais, a popula\u00e7\u00e3o tenha uma melhor qualidade de vida\u201d, destacou Brasileiro.<\/p><\/blockquote>\n\n\n\n<p><strong>Miss\u00e3o dada<\/strong><\/p>\n\n\n\n<p>Entre as cobran\u00e7as do prefeito para o secretariado em 2022, est\u00e3o a revis\u00e3o dos contratos da prefeitura, visando maior economicidade. \u201cTemos que ser muito respons\u00e1veis em rela\u00e7\u00e3o \u00e0s nossas contrata\u00e7\u00f5es e, sempre, olhar atentamente no que \u00e9 poss\u00edvel economizar\u201d, disse.<\/p>\n\n\n\n<p>Tamb\u00e9m pediu aos gestores municipais maior agilidade no atendimento \u00e0s demandas da popula\u00e7\u00e3o, especialmente via Central 156 (aplicativo 156 Foz e telefone 156). \u201cEste \u00e9 o nosso principal canal direto com a comunica\u00e7\u00e3o. Este ano, tivemos muitos avan\u00e7os e o n\u00famero de pessoas que utiliza cresceu de forma expressiva, o que aumenta nossa responsabilidade de dar retorno a todos aqueles que fazem suas solicita\u00e7\u00f5es\u201d, salientou o prefeito.<\/p>\n","protected":false},"excerpt":{"rendered":"<p>&#8220;Foz avan\u00e7ou muito, mas ainda \u00e9 preciso mais&#8221;, diz prefeito Chico Brasileiro Mesmo com as dificuldades impostas tanto pela pandemia como pela heran\u00e7a de administra\u00e7\u00f5es que trouxeram muitos preju\u00edzos \u00e0 cidade, a Prefeitura de Foz do Igua\u00e7u encerra 2021 com as contas em dia e aprovadas pelos \u00f3rg\u00e3os fiscalizadores. Mas n\u00e3o \u00e9 miss\u00e3o cumprida. Segundo [&hellip;]<\/p>\n","protected":false},"author":2,"featured_media":3778,"comment_status":"open","ping_status":"open","sticky":false,"template":"","format":"standard","meta":{"om_disable_all_campaigns":false,"_monsterinsights_skip_tracking":false,"_monsterinsights_sitenote_active":false,"_monsterinsights_sitenote_note":"","_monsterinsights_sitenote_category":0,"footnotes":""},"categories":[4,19],"tags":[],"class_list":["post-3777","post","type-post","status-publish","format-standard","has-post-thumbnail","hentry","category-cidade","category-politica"],"_links":{"self":[{"href":"https:\/\/acontecenafronteira.com.br\/index.php\/wp-json\/wp\/v2\/posts\/3777","targetHints":{"allow":["GET"]}}],"collection":[{"href":"https:\/\/acontecenafronteira.com.br\/index.php\/wp-json\/wp\/v2\/posts"}],"about":[{"href":"https:\/\/acontecenafronteira.com.br\/index.php\/wp-json\/wp\/v2\/types\/post"}],"author":[{"embeddable":true,"href":"https:\/\/acontecenafronteira.com.br\/index.php\/wp-json\/wp\/v2\/users\/2"}],"replies":[{"embeddable":true,"href":"https:\/\/acontecenafronteira.com.br\/index.php\/wp-json\/wp\/v2\/comments?post=3777"}],"version-history":[{"count":1,"href":"https:\/\/acontecenafronteira.com.br\/index.php\/wp-json\/wp\/v2\/posts\/3777\/revisions"}],"predecessor-version":[{"id":3779,"href":"https:\/\/acontecenafronteira.com.br\/index.php\/wp-json\/wp\/v2\/posts\/3777\/revisions\/3779"}],"wp:featuredmedia":[{"embeddable":true,"href":"https:\/\/acontecenafronteira.com.br\/index.php\/wp-json\/wp\/v2\/media\/3778"}],"wp:attachment":[{"href":"https:\/\/acontecenafronteira.com.br\/index.php\/wp-json\/wp\/v2\/media?parent=3777"}],"wp:term":[{"taxonomy":"category","embeddable":true,"href":"https:\/\/acontecenafronteira.com.br\/index.php\/wp-json\/wp\/v2\/categories?post=3777"},{"taxonomy":"post_tag","embeddable":true,"href":"https:\/\/acontecenafronteira.com.br\/index.php\/wp-json\/wp\/v2\/tags?post=3777"}],"curies":[{"name":"wp","href":"https:\/\/api.w.org\/{rel}","templated":true}]}}