{"id":376,"date":"2021-10-07T14:35:50","date_gmt":"2021-10-07T17:35:50","guid":{"rendered":"http:\/\/acontecenafronteira.com.br\/?p=376"},"modified":"2021-10-07T14:35:51","modified_gmt":"2021-10-07T17:35:51","slug":"policia-civil-de-londrina-deflagra-operacao-na-fronteira","status":"publish","type":"post","link":"https:\/\/acontecenafronteira.com.br\/index.php\/2021\/10\/07\/policia-civil-de-londrina-deflagra-operacao-na-fronteira\/","title":{"rendered":"POL\u00cdCIA CIVIL DE LONDRINA DEFLAGRA OPERA\u00c7\u00c3O NA FRONTEIRA"},"content":{"rendered":"\n<p>Na manh\u00e3 desta quinta-feira (07), Divis\u00e3o Estadual de Narc\u00f3ticos &#8211; Denarc Londrina, 6\u00aa SDP de Foz do Igua\u00e7u e Delegacia de S\u00e3o Miguel do Igua\u00e7u, deflagraram nas primeiras horas do dia, opera\u00e7\u00e3o policial para o cumprimento de 10 mandados judiciais, sendo 2 mandados de pris\u00e3o, 8 de mandados de busca e apreens\u00e3o e 2 mandados de sequestro de ve\u00edculos.<\/p>\n\n\n\n<p>A opera\u00e7\u00e3o policial decorre de investiga\u00e7\u00f5es iniciadas a partir de uma apreens\u00e3o de mais de meia tonelada de drogas, feita pela pol\u00edcia militar rodovi\u00e1ria no m\u00eas de fevereiro\/2021, no munic\u00edpio de Sertan\u00f3polis\/PR.<\/p>\n\n\n\n<p>Naquela ocasi\u00e3o, um homem foi preso transportando entorpecentes em um ve\u00edculo Nissan\/Livina e, em decorr\u00eancia das dilig\u00eancias, ficou demonstrado que haviam outras pessoas envolvidas no transporte daquela droga que tinha o estado de S\u00e3o Paulo como destino. Um casal que atuava como batedores da carga foi preso e o ve\u00edculo utilizado foi apreendido.<\/p>\n\n\n\n<p>Durante o cumprimento dos mandados de busca e apreens\u00e3o realizados nos bairros Morumbi e Jardim Jupira, foram apreendidos um ve\u00edculo e aparelhos celulares de integrantes da associa\u00e7\u00e3o criminosa. Quanto aos conduzidos, foram encaminhados a Sede da 6\u00aa Subdivis\u00e3o Policial, onde est\u00e3o sendo interrogados pela Autoridade Policial, o delegado Adilson Jos\u00e9 da Silva, Denarc\/Londrina.<\/p>\n\n\n\n<figure class=\"wp-block-image size-full is-resized\"><img loading=\"lazy\" decoding=\"async\" src=\"http:\/\/acontecenafronteira.com.br\/wp-content\/uploads\/2021\/10\/WhatsApp-Image-2021-10-07-at-12.08.33-PM.jpeg\" alt=\"\" class=\"wp-image-378\" width=\"702\" height=\"739\" srcset=\"https:\/\/acontecenafronteira.com.br\/wp-content\/uploads\/2021\/10\/WhatsApp-Image-2021-10-07-at-12.08.33-PM.jpeg?v=1633628144 570w, https:\/\/acontecenafronteira.com.br\/wp-content\/uploads\/2021\/10\/WhatsApp-Image-2021-10-07-at-12.08.33-PM-285x300.jpeg?v=1633628144 285w\" sizes=\"auto, (max-width: 702px) 100vw, 702px\" \/><\/figure>\n\n\n\n<p><\/p>\n","protected":false},"excerpt":{"rendered":"<p>Na manh\u00e3 desta quinta-feira (07), Divis\u00e3o Estadual de Narc\u00f3ticos &#8211; Denarc Londrina, 6\u00aa SDP de Foz do Igua\u00e7u e Delegacia de S\u00e3o Miguel do Igua\u00e7u, deflagraram nas primeiras horas do dia, opera\u00e7\u00e3o policial para o cumprimento de 10 mandados judiciais, sendo 2 mandados de pris\u00e3o, 8 de mandados de busca e apreens\u00e3o e 2 mandados [&hellip;]<\/p>\n","protected":false},"author":2,"featured_media":379,"comment_status":"open","ping_status":"open","sticky":false,"template":"","format":"standard","meta":{"om_disable_all_campaigns":false,"_monsterinsights_skip_tracking":false,"_monsterinsights_sitenote_active":false,"_monsterinsights_sitenote_note":"","_monsterinsights_sitenote_category":0,"footnotes":""},"categories":[1],"tags":[],"class_list":["post-376","post","type-post","status-publish","format-standard","has-post-thumbnail","hentry","category-sem-categoria"],"_links":{"self":[{"href":"https:\/\/acontecenafronteira.com.br\/index.php\/wp-json\/wp\/v2\/posts\/376","targetHints":{"allow":["GET"]}}],"collection":[{"href":"https:\/\/acontecenafronteira.com.br\/index.php\/wp-json\/wp\/v2\/posts"}],"about":[{"href":"https:\/\/acontecenafronteira.com.br\/index.php\/wp-json\/wp\/v2\/types\/post"}],"author":[{"embeddable":true,"href":"https:\/\/acontecenafronteira.com.br\/index.php\/wp-json\/wp\/v2\/users\/2"}],"replies":[{"embeddable":true,"href":"https:\/\/acontecenafronteira.com.br\/index.php\/wp-json\/wp\/v2\/comments?post=376"}],"version-history":[{"count":1,"href":"https:\/\/acontecenafronteira.com.br\/index.php\/wp-json\/wp\/v2\/posts\/376\/revisions"}],"predecessor-version":[{"id":380,"href":"https:\/\/acontecenafronteira.com.br\/index.php\/wp-json\/wp\/v2\/posts\/376\/revisions\/380"}],"wp:featuredmedia":[{"embeddable":true,"href":"https:\/\/acontecenafronteira.com.br\/index.php\/wp-json\/wp\/v2\/media\/379"}],"wp:attachment":[{"href":"https:\/\/acontecenafronteira.com.br\/index.php\/wp-json\/wp\/v2\/media?parent=376"}],"wp:term":[{"taxonomy":"category","embeddable":true,"href":"https:\/\/acontecenafronteira.com.br\/index.php\/wp-json\/wp\/v2\/categories?post=376"},{"taxonomy":"post_tag","embeddable":true,"href":"https:\/\/acontecenafronteira.com.br\/index.php\/wp-json\/wp\/v2\/tags?post=376"}],"curies":[{"name":"wp","href":"https:\/\/api.w.org\/{rel}","templated":true}]}}