{"id":36900,"date":"2026-09-06T18:37:35","date_gmt":"2026-09-06T21:37:35","guid":{"rendered":"https:\/\/acontecenafronteira.com.br\/?p=36900"},"modified":"2026-09-06T18:37:35","modified_gmt":"2026-09-06T21:37:35","slug":"caiado-aponta-crise-no-stf-e-cobra-postura-da-suprema-corte","status":"publish","type":"post","link":"https:\/\/acontecenafronteira.com.br\/index.php\/2026\/09\/06\/caiado-aponta-crise-no-stf-e-cobra-postura-da-suprema-corte\/","title":{"rendered":"Caiado aponta crise no STF e cobra postura da Suprema Corte"},"content":{"rendered":"<p>O governador de Goi\u00e1s e postulante ao Pal\u00e1cio do Planalto pelo PSD, Ronaldo Caiado, declarou recentemente que o Supremo Tribunal Federal enfrenta uma fase bastante delicada. Segundo ele, a mais alta Corte do pa\u00eds precisa dar uma resposta clara e efetiva \u00e0 popula\u00e7\u00e3o brasileira para superar as turbul\u00eancias atuais.<\/p>\n<h2>O cen\u00e1rio pol\u00edtico e a atua\u00e7\u00e3o do Judici\u00e1rio<\/h2>\n<p>Para o pol\u00edtico, a harmonia entre os Poderes \u00e9 fundamental para a estabilidade democr\u00e1tica, mas isso exige que cada institui\u00e7\u00e3o atue estritamente dentro de seus limites constitucionais. As declara\u00e7\u00f5es geraram ampla repercuss\u00e3o nos bastidores de Bras\u00edlia, reacendendo o debate sobre o ativismo judicial e o papel do tribunal no cen\u00e1rio nacional.<\/p>\n<h3>Repercuss\u00e3o nacional e os desdobramentos<\/h3>\n<p>A fala de Caiado acontece em um momento em que diversas pautas de interesse p\u00fablico e pol\u00edtico tramitam no Supremo, atraindo os olhares de analistas e cidad\u00e3os de todo o pa\u00eds. A cobran\u00e7a por transpar\u00eancia e equil\u00edbrio institucional continua no centro das discuss\u00f5es entre lideran\u00e7as partid\u00e1rias e operadores do direito.<\/p>\n<p>A postura adotada pelo governador refor\u00e7a sua estrat\u00e9gia de se posicionar como uma voz firme em rela\u00e7\u00e3o aos rumos da pol\u00edtica e da justi\u00e7a no Brasil, mirando o pleito presidencial.<\/p>\n<p>Por Reda\u00e7\u00e3o Acontece<\/p>\n<p>Cr\u00e9ditos da imagem: Divulga\u00e7\u00e3o<\/p>\n","protected":false},"excerpt":{"rendered":"<p>O governador de Goi\u00e1s e postulante ao Pal\u00e1cio do Planalto pelo PSD, Ronaldo Caiado, declarou recentemente que o Supremo Tribunal Federal enfrenta uma fase bastante delicada. Segundo ele, a mais alta Corte do pa\u00eds precisa dar uma resposta clara e efetiva \u00e0 popula\u00e7\u00e3o brasileira para superar as turbul\u00eancias atuais. O cen\u00e1rio pol\u00edtico e a atua\u00e7\u00e3o [&hellip;]<\/p>\n","protected":false},"author":0,"featured_media":36907,"comment_status":"open","ping_status":"open","sticky":false,"template":"","format":"standard","meta":{"_monsterinsights_skip_tracking":false,"_uf_show_specific_survey":0,"_uf_disable_surveys":false,"footnotes":""},"categories":[18],"tags":[],"class_list":["post-36900","post","type-post","status-publish","format-standard","has-post-thumbnail","hentry","category-parana"],"aioseo_notices":[],"aioseo_head":"\n\t\t<!-- All in One SEO 5.0.1.1 - aioseo.com -->\n\t<meta name=\"description\" content=\"O governador de Goi\u00e1s e postulante ao Pal\u00e1cio do Planalto pelo PSD, Ronaldo Caiado, declarou recentemente que o Supremo Tribunal Federal enfrenta uma fase bastante delicada. Segundo ele, a mais alta Corte do pa\u00eds precisa dar uma resposta clara e efetiva \u00e0 popula\u00e7\u00e3o brasileira para superar as turbul\u00eancias atuais. O cen\u00e1rio pol\u00edtico e a atua\u00e7\u00e3o\" \/>\n\t<meta name=\"robots\" content=\"max-image-preview:large\" \/>\n\t<link rel=\"canonical\" href=\"https:\/\/acontecenafronteira.com.br\/index.php\/2026\/09\/06\/caiado-aponta-crise-no-stf-e-cobra-postura-da-suprema-corte\/\" \/>\n\t<meta name=\"generator\" content=\"All in One SEO (AIOSEO) 5.0.1.1\" \/>\n\t\t<meta property=\"og:locale\" content=\"pt_PT\" \/>\n\t\t<meta property=\"og:site_name\" content=\"Acontece Na Fronteira - Noticias da Triplice Fronteira\" \/>\n\t\t<meta property=\"og:type\" content=\"article\" \/>\n\t\t<meta property=\"og:title\" content=\"Caiado aponta crise no STF e cobra postura da Suprema Corte - Acontece Na Fronteira\" \/>\n\t\t<meta property=\"og:description\" content=\"O governador de Goi\u00e1s e postulante ao Pal\u00e1cio do Planalto pelo PSD, Ronaldo Caiado, declarou recentemente que o Supremo Tribunal Federal enfrenta uma fase bastante delicada. Segundo ele, a mais alta Corte do pa\u00eds precisa dar uma resposta clara e efetiva \u00e0 popula\u00e7\u00e3o brasileira para superar as turbul\u00eancias atuais. O cen\u00e1rio pol\u00edtico e a atua\u00e7\u00e3o\" \/>\n\t\t<meta property=\"og:url\" content=\"https:\/\/acontecenafronteira.com.br\/index.php\/2026\/09\/06\/caiado-aponta-crise-no-stf-e-cobra-postura-da-suprema-corte\/\" \/>\n\t\t<meta property=\"og:image\" content=\"https:\/\/acontecenafronteira.com.br\/wp-content\/uploads\/2021\/11\/logo-acontece-1.jpg\" \/>\n\t\t<meta property=\"og:image:secure_url\" content=\"https:\/\/acontecenafronteira.com.br\/wp-content\/uploads\/2021\/11\/logo-acontece-1.jpg\" \/>\n\t\t<meta property=\"article:published_time\" content=\"2026-09-06T21:37:35+00:00\" \/>\n\t\t<meta property=\"article:modified_time\" content=\"2026-09-06T21:37:35+00:00\" \/>\n\t\t<meta name=\"twitter:card\" content=\"summary_large_image\" \/>\n\t\t<meta name=\"twitter:title\" content=\"Caiado aponta crise no STF e cobra postura da Suprema Corte - Acontece Na Fronteira\" \/>\n\t\t<meta name=\"twitter:description\" content=\"O governador de Goi\u00e1s e postulante ao Pal\u00e1cio do Planalto pelo PSD, Ronaldo Caiado, declarou recentemente que o Supremo Tribunal Federal enfrenta uma fase bastante delicada. Segundo ele, a mais alta Corte do pa\u00eds precisa dar uma resposta clara e efetiva \u00e0 popula\u00e7\u00e3o brasileira para superar as turbul\u00eancias atuais. O cen\u00e1rio pol\u00edtico e a atua\u00e7\u00e3o\" \/>\n\t\t<meta name=\"twitter:image\" content=\"https:\/\/acontecenafronteira.com.br\/wp-content\/uploads\/2021\/11\/logo-acontece-1.jpg\" \/>\n\t\t<script type=\"application\/ld+json\" class=\"aioseo-schema\">\n\t\t\t{\"@context\":\"https:\\\/\\\/schema.org\",\"@graph\":[{\"@type\":\"BlogPosting\",\"@id\":\"https:\\\/\\\/acontecenafronteira.com.br\\\/index.php\\\/2026\\\/09\\\/06\\\/caiado-aponta-crise-no-stf-e-cobra-postura-da-suprema-corte\\\/#blogposting\",\"name\":\"Caiado aponta crise no STF e cobra postura da Suprema Corte - Acontece Na Fronteira\",\"headline\":\"Caiado aponta crise no STF e cobra postura da Suprema Corte\",\"author\":{\"@id\":\"https:\\\/\\\/acontecenafronteira.com.br\\\/index.php\\\/author\\\/#author\"},\"publisher\":{\"@id\":\"https:\\\/\\\/acontecenafronteira.com.br\\\/#organization\"},\"image\":{\"@type\":\"ImageObject\",\"url\":\"https:\\\/\\\/acontecenafronteira.com.br\\\/wp-content\\\/uploads\\\/2026\\\/09\\\/caiado-diz-que-stf-vive-momento-delicado-e-cobra-resposta-a-populacao-1788730655.jpg?v=1788730655\",\"width\":730,\"height\":400,\"caption\":\"Caiado diz que STF vive momento delicado e cobra resposta \\u00e0 popula\\u00e7\\u00e3o\"},\"datePublished\":\"2026-09-06T18:37:35-03:00\",\"dateModified\":\"2026-09-06T18:37:35-03:00\",\"inLanguage\":\"pt-PT\",\"mainEntityOfPage\":{\"@id\":\"https:\\\/\\\/acontecenafronteira.com.br\\\/index.php\\\/2026\\\/09\\\/06\\\/caiado-aponta-crise-no-stf-e-cobra-postura-da-suprema-corte\\\/#webpage\"},\"isPartOf\":{\"@id\":\"https:\\\/\\\/acontecenafronteira.com.br\\\/index.php\\\/2026\\\/09\\\/06\\\/caiado-aponta-crise-no-stf-e-cobra-postura-da-suprema-corte\\\/#webpage\"},\"articleSection\":\"Paran\\u00e1\"},{\"@type\":\"BreadcrumbList\",\"@id\":\"https:\\\/\\\/acontecenafronteira.com.br\\\/index.php\\\/2026\\\/09\\\/06\\\/caiado-aponta-crise-no-stf-e-cobra-postura-da-suprema-corte\\\/#breadcrumblist\",\"itemListElement\":[{\"@type\":\"ListItem\",\"@id\":\"https:\\\/\\\/acontecenafronteira.com.br#listItem\",\"position\":1,\"name\":\"Home\",\"item\":\"https:\\\/\\\/acontecenafronteira.com.br\",\"nextItem\":{\"@type\":\"ListItem\",\"@id\":\"https:\\\/\\\/acontecenafronteira.com.br\\\/index.php\\\/category\\\/parana\\\/#listItem\",\"name\":\"Paran\\u00e1\"}},{\"@type\":\"ListItem\",\"@id\":\"https:\\\/\\\/acontecenafronteira.com.br\\\/index.php\\\/category\\\/parana\\\/#listItem\",\"position\":2,\"name\":\"Paran\\u00e1\",\"item\":\"https:\\\/\\\/acontecenafronteira.com.br\\\/index.php\\\/category\\\/parana\\\/\",\"nextItem\":{\"@type\":\"ListItem\",\"@id\":\"https:\\\/\\\/acontecenafronteira.com.br\\\/index.php\\\/2026\\\/09\\\/06\\\/caiado-aponta-crise-no-stf-e-cobra-postura-da-suprema-corte\\\/#listItem\",\"name\":\"Caiado aponta crise no STF e cobra postura da Suprema Corte\"},\"previousItem\":{\"@type\":\"ListItem\",\"@id\":\"https:\\\/\\\/acontecenafronteira.com.br#listItem\",\"name\":\"Home\"}},{\"@type\":\"ListItem\",\"@id\":\"https:\\\/\\\/acontecenafronteira.com.br\\\/index.php\\\/2026\\\/09\\\/06\\\/caiado-aponta-crise-no-stf-e-cobra-postura-da-suprema-corte\\\/#listItem\",\"position\":3,\"name\":\"Caiado aponta crise no STF e cobra postura da Suprema Corte\",\"previousItem\":{\"@type\":\"ListItem\",\"@id\":\"https:\\\/\\\/acontecenafronteira.com.br\\\/index.php\\\/category\\\/parana\\\/#listItem\",\"name\":\"Paran\\u00e1\"}}]},{\"@type\":\"Organization\",\"@id\":\"https:\\\/\\\/acontecenafronteira.com.br\\\/#organization\",\"name\":\"Acontece Na Fronteira\",\"description\":\"Noticias da Triplice Fronteira\",\"url\":\"https:\\\/\\\/acontecenafronteira.com.br\\\/\",\"logo\":{\"@type\":\"ImageObject\",\"url\":\"https:\\\/\\\/acontecenafronteira.com.br\\\/wp-content\\\/uploads\\\/2021\\\/11\\\/logo-acontece-1.jpg\",\"@id\":\"https:\\\/\\\/acontecenafronteira.com.br\\\/index.php\\\/2026\\\/09\\\/06\\\/caiado-aponta-crise-no-stf-e-cobra-postura-da-suprema-corte\\\/#organizationLogo\",\"width\":519,\"height\":134},\"image\":{\"@id\":\"https:\\\/\\\/acontecenafronteira.com.br\\\/index.php\\\/2026\\\/09\\\/06\\\/caiado-aponta-crise-no-stf-e-cobra-postura-da-suprema-corte\\\/#organizationLogo\"}},{\"@type\":\"WebPage\",\"@id\":\"https:\\\/\\\/acontecenafronteira.com.br\\\/index.php\\\/2026\\\/09\\\/06\\\/caiado-aponta-crise-no-stf-e-cobra-postura-da-suprema-corte\\\/#webpage\",\"url\":\"https:\\\/\\\/acontecenafronteira.com.br\\\/index.php\\\/2026\\\/09\\\/06\\\/caiado-aponta-crise-no-stf-e-cobra-postura-da-suprema-corte\\\/\",\"name\":\"Caiado aponta crise no STF e cobra postura da Suprema Corte - Acontece Na Fronteira\",\"description\":\"O governador de Goi\\u00e1s e postulante ao Pal\\u00e1cio do Planalto pelo PSD, Ronaldo Caiado, declarou recentemente que o Supremo Tribunal Federal enfrenta uma fase bastante delicada. Segundo ele, a mais alta Corte do pa\\u00eds precisa dar uma resposta clara e efetiva \\u00e0 popula\\u00e7\\u00e3o brasileira para superar as turbul\\u00eancias atuais. O cen\\u00e1rio pol\\u00edtico e a atua\\u00e7\\u00e3o\",\"inLanguage\":\"pt-PT\",\"isPartOf\":{\"@id\":\"https:\\\/\\\/acontecenafronteira.com.br\\\/#website\"},\"breadcrumb\":{\"@id\":\"https:\\\/\\\/acontecenafronteira.com.br\\\/index.php\\\/2026\\\/09\\\/06\\\/caiado-aponta-crise-no-stf-e-cobra-postura-da-suprema-corte\\\/#breadcrumblist\"},\"author\":{\"@id\":\"https:\\\/\\\/acontecenafronteira.com.br\\\/index.php\\\/author\\\/#author\"},\"creator\":{\"@id\":\"https:\\\/\\\/acontecenafronteira.com.br\\\/index.php\\\/author\\\/#author\"},\"image\":{\"@type\":\"ImageObject\",\"url\":\"https:\\\/\\\/acontecenafronteira.com.br\\\/wp-content\\\/uploads\\\/2026\\\/09\\\/caiado-diz-que-stf-vive-momento-delicado-e-cobra-resposta-a-populacao-1788730655.jpg?v=1788730655\",\"@id\":\"https:\\\/\\\/acontecenafronteira.com.br\\\/index.php\\\/2026\\\/09\\\/06\\\/caiado-aponta-crise-no-stf-e-cobra-postura-da-suprema-corte\\\/#mainImage\",\"width\":730,\"height\":400,\"caption\":\"Caiado diz que STF vive momento delicado e cobra resposta \\u00e0 popula\\u00e7\\u00e3o\"},\"primaryImageOfPage\":{\"@id\":\"https:\\\/\\\/acontecenafronteira.com.br\\\/index.php\\\/2026\\\/09\\\/06\\\/caiado-aponta-crise-no-stf-e-cobra-postura-da-suprema-corte\\\/#mainImage\"},\"datePublished\":\"2026-09-06T18:37:35-03:00\",\"dateModified\":\"2026-09-06T18:37:35-03:00\"},{\"@type\":\"WebSite\",\"@id\":\"https:\\\/\\\/acontecenafronteira.com.br\\\/#website\",\"url\":\"https:\\\/\\\/acontecenafronteira.com.br\\\/\",\"name\":\"Acontece Na Fronteira\",\"description\":\"Noticias da Triplice Fronteira\",\"inLanguage\":\"pt-PT\",\"publisher\":{\"@id\":\"https:\\\/\\\/acontecenafronteira.com.br\\\/#organization\"}}]}\n\t\t<\/script>\n\t\t<!-- All in One SEO -->\n\n","aioseo_head_json":{"title":"Caiado aponta crise no STF e cobra postura da Suprema Corte - Acontece Na Fronteira","description":"O governador de Goi\u00e1s e postulante ao Pal\u00e1cio do Planalto pelo PSD, Ronaldo Caiado, declarou recentemente que o Supremo Tribunal Federal enfrenta uma fase bastante delicada. Segundo ele, a mais alta Corte do pa\u00eds precisa dar uma resposta clara e efetiva \u00e0 popula\u00e7\u00e3o brasileira para superar as turbul\u00eancias atuais. O cen\u00e1rio pol\u00edtico e a atua\u00e7\u00e3o","canonical_url":"https:\/\/acontecenafronteira.com.br\/index.php\/2026\/09\/06\/caiado-aponta-crise-no-stf-e-cobra-postura-da-suprema-corte\/","robots":"max-image-preview:large","keywords":"","webmasterTools":{"miscellaneous":""},"schema":{"@context":"https:\/\/schema.org","@graph":[{"@type":"BlogPosting","@id":"https:\/\/acontecenafronteira.com.br\/index.php\/2026\/09\/06\/caiado-aponta-crise-no-stf-e-cobra-postura-da-suprema-corte\/#blogposting","name":"Caiado aponta crise no STF e cobra postura da Suprema Corte - Acontece Na Fronteira","headline":"Caiado aponta crise no STF e cobra postura da Suprema Corte","author":{"@id":"https:\/\/acontecenafronteira.com.br\/index.php\/author\/#author"},"publisher":{"@id":"https:\/\/acontecenafronteira.com.br\/#organization"},"image":{"@type":"ImageObject","url":"https:\/\/acontecenafronteira.com.br\/wp-content\/uploads\/2026\/09\/caiado-diz-que-stf-vive-momento-delicado-e-cobra-resposta-a-populacao-1788730655.jpg?v=1788730655","width":730,"height":400,"caption":"Caiado diz que STF vive momento delicado e cobra resposta \u00e0 popula\u00e7\u00e3o"},"datePublished":"2026-09-06T18:37:35-03:00","dateModified":"2026-09-06T18:37:35-03:00","inLanguage":"pt-PT","mainEntityOfPage":{"@id":"https:\/\/acontecenafronteira.com.br\/index.php\/2026\/09\/06\/caiado-aponta-crise-no-stf-e-cobra-postura-da-suprema-corte\/#webpage"},"isPartOf":{"@id":"https:\/\/acontecenafronteira.com.br\/index.php\/2026\/09\/06\/caiado-aponta-crise-no-stf-e-cobra-postura-da-suprema-corte\/#webpage"},"articleSection":"Paran\u00e1"},{"@type":"BreadcrumbList","@id":"https:\/\/acontecenafronteira.com.br\/index.php\/2026\/09\/06\/caiado-aponta-crise-no-stf-e-cobra-postura-da-suprema-corte\/#breadcrumblist","itemListElement":[{"@type":"ListItem","@id":"https:\/\/acontecenafronteira.com.br#listItem","position":1,"name":"Home","item":"https:\/\/acontecenafronteira.com.br","nextItem":{"@type":"ListItem","@id":"https:\/\/acontecenafronteira.com.br\/index.php\/category\/parana\/#listItem","name":"Paran\u00e1"}},{"@type":"ListItem","@id":"https:\/\/acontecenafronteira.com.br\/index.php\/category\/parana\/#listItem","position":2,"name":"Paran\u00e1","item":"https:\/\/acontecenafronteira.com.br\/index.php\/category\/parana\/","nextItem":{"@type":"ListItem","@id":"https:\/\/acontecenafronteira.com.br\/index.php\/2026\/09\/06\/caiado-aponta-crise-no-stf-e-cobra-postura-da-suprema-corte\/#listItem","name":"Caiado aponta crise no STF e cobra postura da Suprema Corte"},"previousItem":{"@type":"ListItem","@id":"https:\/\/acontecenafronteira.com.br#listItem","name":"Home"}},{"@type":"ListItem","@id":"https:\/\/acontecenafronteira.com.br\/index.php\/2026\/09\/06\/caiado-aponta-crise-no-stf-e-cobra-postura-da-suprema-corte\/#listItem","position":3,"name":"Caiado aponta crise no STF e cobra postura da Suprema Corte","previousItem":{"@type":"ListItem","@id":"https:\/\/acontecenafronteira.com.br\/index.php\/category\/parana\/#listItem","name":"Paran\u00e1"}}]},{"@type":"Organization","@id":"https:\/\/acontecenafronteira.com.br\/#organization","name":"Acontece Na Fronteira","description":"Noticias da Triplice Fronteira","url":"https:\/\/acontecenafronteira.com.br\/","logo":{"@type":"ImageObject","url":"https:\/\/acontecenafronteira.com.br\/wp-content\/uploads\/2021\/11\/logo-acontece-1.jpg","@id":"https:\/\/acontecenafronteira.com.br\/index.php\/2026\/09\/06\/caiado-aponta-crise-no-stf-e-cobra-postura-da-suprema-corte\/#organizationLogo","width":519,"height":134},"image":{"@id":"https:\/\/acontecenafronteira.com.br\/index.php\/2026\/09\/06\/caiado-aponta-crise-no-stf-e-cobra-postura-da-suprema-corte\/#organizationLogo"}},{"@type":"WebPage","@id":"https:\/\/acontecenafronteira.com.br\/index.php\/2026\/09\/06\/caiado-aponta-crise-no-stf-e-cobra-postura-da-suprema-corte\/#webpage","url":"https:\/\/acontecenafronteira.com.br\/index.php\/2026\/09\/06\/caiado-aponta-crise-no-stf-e-cobra-postura-da-suprema-corte\/","name":"Caiado aponta crise no STF e cobra postura da Suprema Corte - Acontece Na Fronteira","description":"O governador de Goi\u00e1s e postulante ao Pal\u00e1cio do Planalto pelo PSD, Ronaldo Caiado, declarou recentemente que o Supremo Tribunal Federal enfrenta uma fase bastante delicada. Segundo ele, a mais alta Corte do pa\u00eds precisa dar uma resposta clara e efetiva \u00e0 popula\u00e7\u00e3o brasileira para superar as turbul\u00eancias atuais. O cen\u00e1rio pol\u00edtico e a atua\u00e7\u00e3o","inLanguage":"pt-PT","isPartOf":{"@id":"https:\/\/acontecenafronteira.com.br\/#website"},"breadcrumb":{"@id":"https:\/\/acontecenafronteira.com.br\/index.php\/2026\/09\/06\/caiado-aponta-crise-no-stf-e-cobra-postura-da-suprema-corte\/#breadcrumblist"},"author":{"@id":"https:\/\/acontecenafronteira.com.br\/index.php\/author\/#author"},"creator":{"@id":"https:\/\/acontecenafronteira.com.br\/index.php\/author\/#author"},"image":{"@type":"ImageObject","url":"https:\/\/acontecenafronteira.com.br\/wp-content\/uploads\/2026\/09\/caiado-diz-que-stf-vive-momento-delicado-e-cobra-resposta-a-populacao-1788730655.jpg?v=1788730655","@id":"https:\/\/acontecenafronteira.com.br\/index.php\/2026\/09\/06\/caiado-aponta-crise-no-stf-e-cobra-postura-da-suprema-corte\/#mainImage","width":730,"height":400,"caption":"Caiado diz que STF vive momento delicado e cobra resposta \u00e0 popula\u00e7\u00e3o"},"primaryImageOfPage":{"@id":"https:\/\/acontecenafronteira.com.br\/index.php\/2026\/09\/06\/caiado-aponta-crise-no-stf-e-cobra-postura-da-suprema-corte\/#mainImage"},"datePublished":"2026-09-06T18:37:35-03:00","dateModified":"2026-09-06T18:37:35-03:00"},{"@type":"WebSite","@id":"https:\/\/acontecenafronteira.com.br\/#website","url":"https:\/\/acontecenafronteira.com.br\/","name":"Acontece Na Fronteira","description":"Noticias da Triplice Fronteira","inLanguage":"pt-PT","publisher":{"@id":"https:\/\/acontecenafronteira.com.br\/#organization"}}]},"og:locale":"pt_PT","og:site_name":"Acontece Na Fronteira - Noticias da Triplice Fronteira","og:type":"article","og:title":"Caiado aponta crise no STF e cobra postura da Suprema Corte - Acontece Na Fronteira","og:description":"O governador de Goi\u00e1s e postulante ao Pal\u00e1cio do Planalto pelo PSD, Ronaldo Caiado, declarou recentemente que o Supremo Tribunal Federal enfrenta uma fase bastante delicada. Segundo ele, a mais alta Corte do pa\u00eds precisa dar uma resposta clara e efetiva \u00e0 popula\u00e7\u00e3o brasileira para superar as turbul\u00eancias atuais. O cen\u00e1rio pol\u00edtico e a atua\u00e7\u00e3o","og:url":"https:\/\/acontecenafronteira.com.br\/index.php\/2026\/09\/06\/caiado-aponta-crise-no-stf-e-cobra-postura-da-suprema-corte\/","og:image":"https:\/\/acontecenafronteira.com.br\/wp-content\/uploads\/2021\/11\/logo-acontece-1.jpg","og:image:secure_url":"https:\/\/acontecenafronteira.com.br\/wp-content\/uploads\/2021\/11\/logo-acontece-1.jpg","article:published_time":"2026-09-06T21:37:35+00:00","article:modified_time":"2026-09-06T21:37:35+00:00","twitter:card":"summary_large_image","twitter:title":"Caiado aponta crise no STF e cobra postura da Suprema Corte - Acontece Na Fronteira","twitter:description":"O governador de Goi\u00e1s e postulante ao Pal\u00e1cio do Planalto pelo PSD, Ronaldo Caiado, declarou recentemente que o Supremo Tribunal Federal enfrenta uma fase bastante delicada. Segundo ele, a mais alta Corte do pa\u00eds precisa dar uma resposta clara e efetiva \u00e0 popula\u00e7\u00e3o brasileira para superar as turbul\u00eancias atuais. O cen\u00e1rio pol\u00edtico e a atua\u00e7\u00e3o","twitter:image":"https:\/\/acontecenafronteira.com.br\/wp-content\/uploads\/2021\/11\/logo-acontece-1.jpg"},"aioseo_meta_data":{"post_id":"36900","title":null,"description":null,"keywords":null,"keyphrases":{"focus":[],"additional":[]},"primary_term":null,"canonical_url":null,"og_title":null,"og_description":null,"og_object_type":"default","og_image_type":"default","og_image_url":null,"og_image_width":null,"og_image_height":null,"og_image_custom_url":null,"og_image_custom_fields":null,"og_video":null,"og_custom_url":null,"og_article_section":null,"og_article_tags":null,"twitter_use_og":false,"twitter_card":"default","twitter_image_type":"default","twitter_image_url":null,"twitter_image_custom_url":null,"twitter_image_custom_fields":null,"twitter_title":null,"twitter_description":null,"schema":{"blockGraphs":[],"customGraphs":[],"default":{"data":{"Article":[],"Course":[],"Dataset":[],"FAQPage":[],"Movie":[],"Person":[],"Product":[],"ProductReview":[],"Car":[],"Recipe":[],"Service":[],"SoftwareApplication":[],"WebPage":[]},"graphName":"","isEnabled":true},"graphs":[]},"schema_type":"default","schema_type_options":null,"pillar_content":false,"robots_default":true,"robots_noindex":false,"robots_noarchive":false,"robots_nosnippet":false,"robots_nofollow":false,"robots_noimageindex":false,"robots_noodp":false,"robots_notranslate":false,"robots_max_snippet":null,"robots_max_videopreview":null,"robots_max_imagepreview":"large","priority":null,"frequency":null,"local_seo":null,"limit_modified_date":false,"created":"2026-09-06 22:29:18","updated":"2026-09-06 22:29:18","focus_keyword":null,"additional_keywords":null,"truseo_locale":null,"ai":null,"breadcrumb_settings":null,"seo_analyzer_scan_date":null},"aioseo_breadcrumb":"<div class=\"aioseo-breadcrumbs\"><span class=\"aioseo-breadcrumb\">\n\t\t\t<a href=\"https:\/\/acontecenafronteira.com.br\" title=\"Home\">Home<\/a>\n\t\t<\/span><span class=\"aioseo-breadcrumb-separator\">&raquo;<\/span><span class=\"aioseo-breadcrumb\">\n\t\t\t<a href=\"https:\/\/acontecenafronteira.com.br\/index.php\/category\/parana\/\" title=\"Paran\u00e1\">Paran\u00e1<\/a>\n\t\t<\/span><span class=\"aioseo-breadcrumb-separator\">&raquo;<\/span><span class=\"aioseo-breadcrumb\">\n\t\t\tCaiado aponta crise no STF e cobra postura da Suprema Corte\n\t\t<\/span><\/div>","aioseo_breadcrumb_json":[{"label":"Home","link":"https:\/\/acontecenafronteira.com.br"},{"label":"Paran\u00e1","link":"https:\/\/acontecenafronteira.com.br\/index.php\/category\/parana\/"},{"label":"Caiado aponta crise no STF e cobra postura da Suprema Corte","link":"https:\/\/acontecenafronteira.com.br\/index.php\/2026\/09\/06\/caiado-aponta-crise-no-stf-e-cobra-postura-da-suprema-corte\/"}],"_links":{"self":[{"href":"https:\/\/acontecenafronteira.com.br\/index.php\/wp-json\/wp\/v2\/posts\/36900","targetHints":{"allow":["GET"]}}],"collection":[{"href":"https:\/\/acontecenafronteira.com.br\/index.php\/wp-json\/wp\/v2\/posts"}],"about":[{"href":"https:\/\/acontecenafronteira.com.br\/index.php\/wp-json\/wp\/v2\/types\/post"}],"replies":[{"embeddable":true,"href":"https:\/\/acontecenafronteira.com.br\/index.php\/wp-json\/wp\/v2\/comments?post=36900"}],"version-history":[{"count":1,"href":"https:\/\/acontecenafronteira.com.br\/index.php\/wp-json\/wp\/v2\/posts\/36900\/revisions"}],"predecessor-version":[{"id":36906,"href":"https:\/\/acontecenafronteira.com.br\/index.php\/wp-json\/wp\/v2\/posts\/36900\/revisions\/36906"}],"wp:featuredmedia":[{"embeddable":true,"href":"https:\/\/acontecenafronteira.com.br\/index.php\/wp-json\/wp\/v2\/media\/36907"}],"wp:attachment":[{"href":"https:\/\/acontecenafronteira.com.br\/index.php\/wp-json\/wp\/v2\/media?parent=36900"}],"wp:term":[{"taxonomy":"category","embeddable":true,"href":"https:\/\/acontecenafronteira.com.br\/index.php\/wp-json\/wp\/v2\/categories?post=36900"},{"taxonomy":"post_tag","embeddable":true,"href":"https:\/\/acontecenafronteira.com.br\/index.php\/wp-json\/wp\/v2\/tags?post=36900"}],"curies":[{"name":"wp","href":"https:\/\/api.w.org\/{rel}","templated":true}]}}