{"id":36899,"date":"2026-09-06T18:37:32","date_gmt":"2026-09-06T21:37:32","guid":{"rendered":"https:\/\/acontecenafronteira.com.br\/?p=36899"},"modified":"2026-09-06T18:37:32","modified_gmt":"2026-09-06T21:37:32","slug":"anitta-sera-rainha-de-bateria-da-grande-rio-no-carnaval-2027","status":"publish","type":"post","link":"https:\/\/acontecenafronteira.com.br\/index.php\/2026\/09\/06\/anitta-sera-rainha-de-bateria-da-grande-rio-no-carnaval-2027\/","title":{"rendered":"Anitta ser\u00e1 rainha de bateria da Grande Rio no Carnaval 2027"},"content":{"rendered":"<p>A escola de samba Acad\u00eamicos do Grande Rio surpreendeu o mundo do samba neste domingo (6) ao oficializar a cantora Anitta como sua nova rainha de bateria para o desfile oficial do Carnaval de 2027. A confirma\u00e7\u00e3o hist\u00f3rica foi anunciada pela pr\u00f3pria agremia\u00e7\u00e3o carioca, gerando grande repercuss\u00e3o entre os f\u00e3s da artista e entusiastas da folia.<\/p>\n<h2>A escolha da artista para o posto<\/h2>\n<p>A chegada da megastar pop ao ic\u00f4nico cargo da tricolor de Caxias coroa uma rela\u00e7\u00e3o de longa data entre a cantora e a comunidade da Baixada Fluminense. Conhecida internacionalmente por seus hits, a artista assume um dos postos mais cobi\u00e7ados e tradicionais do Carnaval brasileiro com a miss\u00e3o de abrilhantar ainda mais a bateria comandada pelos mestres de ritmo da escola.<\/p>\n<h2>Preparativos para a folia<\/h2>\n<p>Embora o an\u00fancio ocorra com bastante anteced\u00eancia em rela\u00e7\u00e3o ao desfile de 2027, a expectativa nos bastidores da agremia\u00e7\u00e3o j\u00e1 \u00e9 alt\u00edssima. A presen\u00e7a da voz de &#8220;Girl from Rio&#8221; promete atrair ainda mais holofotes e investimentos para o projeto de carnaval da escola, que segue firme na busca por novos t\u00edtulos no Samb\u00f3dromo da Marquiza de Sapuca\u00ed.<\/p>\n<p>A confirma\u00e7\u00e3o consolida o forte v\u00ednculo que a estrela mant\u00e9m com a cultura popular brasileira, mesmo com sua agenda internacional intensa. A comunidade da Grande Rio j\u00e1 se mobiliza para receber a nova soberana de sua bateria nos ensaios que antecedem a grande festa na avenida.<\/p>\n<p>Por Reda\u00e7\u00e3o Acontece<\/p>\n<p>Foto: Divulga\u00e7\u00e3o \/ Redes Sociais<\/p>\n","protected":false},"excerpt":{"rendered":"<p>A escola de samba Acad\u00eamicos do Grande Rio surpreendeu o mundo do samba neste domingo (6) ao oficializar a cantora Anitta como sua nova rainha de bateria para o desfile oficial do Carnaval de 2027. A confirma\u00e7\u00e3o hist\u00f3rica foi anunciada pela pr\u00f3pria agremia\u00e7\u00e3o carioca, gerando grande repercuss\u00e3o entre os f\u00e3s da artista e entusiastas da [&hellip;]<\/p>\n","protected":false},"author":0,"featured_media":36905,"comment_status":"open","ping_status":"open","sticky":false,"template":"","format":"standard","meta":{"_monsterinsights_skip_tracking":false,"_uf_show_specific_survey":0,"_uf_disable_surveys":false,"footnotes":""},"categories":[18],"tags":[],"class_list":["post-36899","post","type-post","status-publish","format-standard","has-post-thumbnail","hentry","category-parana"],"aioseo_notices":[],"aioseo_head":"\n\t\t<!-- All in One SEO 5.0.1.1 - aioseo.com -->\n\t<meta name=\"description\" content=\"A escola de samba Acad\u00eamicos do Grande Rio surpreendeu o mundo do samba neste domingo (6) ao oficializar a cantora Anitta como sua nova rainha de bateria para o desfile oficial do Carnaval de 2027. A confirma\u00e7\u00e3o hist\u00f3rica foi anunciada pela pr\u00f3pria agremia\u00e7\u00e3o carioca, gerando grande repercuss\u00e3o entre os f\u00e3s da artista e entusiastas da\" \/>\n\t<meta name=\"robots\" content=\"max-image-preview:large\" \/>\n\t<link rel=\"canonical\" href=\"https:\/\/acontecenafronteira.com.br\/index.php\/2026\/09\/06\/anitta-sera-rainha-de-bateria-da-grande-rio-no-carnaval-2027\/\" \/>\n\t<meta name=\"generator\" content=\"All in One SEO (AIOSEO) 5.0.1.1\" \/>\n\t\t<meta property=\"og:locale\" content=\"pt_PT\" \/>\n\t\t<meta property=\"og:site_name\" content=\"Acontece Na Fronteira - Noticias da Triplice Fronteira\" \/>\n\t\t<meta property=\"og:type\" content=\"article\" \/>\n\t\t<meta property=\"og:title\" content=\"Anitta ser\u00e1 rainha de bateria da Grande Rio no Carnaval 2027 - Acontece Na Fronteira\" \/>\n\t\t<meta property=\"og:description\" content=\"A escola de samba Acad\u00eamicos do Grande Rio surpreendeu o mundo do samba neste domingo (6) ao oficializar a cantora Anitta como sua nova rainha de bateria para o desfile oficial do Carnaval de 2027. A confirma\u00e7\u00e3o hist\u00f3rica foi anunciada pela pr\u00f3pria agremia\u00e7\u00e3o carioca, gerando grande repercuss\u00e3o entre os f\u00e3s da artista e entusiastas da\" \/>\n\t\t<meta property=\"og:url\" content=\"https:\/\/acontecenafronteira.com.br\/index.php\/2026\/09\/06\/anitta-sera-rainha-de-bateria-da-grande-rio-no-carnaval-2027\/\" \/>\n\t\t<meta property=\"og:image\" content=\"https:\/\/acontecenafronteira.com.br\/wp-content\/uploads\/2021\/11\/logo-acontece-1.jpg\" \/>\n\t\t<meta property=\"og:image:secure_url\" content=\"https:\/\/acontecenafronteira.com.br\/wp-content\/uploads\/2021\/11\/logo-acontece-1.jpg\" \/>\n\t\t<meta property=\"article:published_time\" content=\"2026-09-06T21:37:32+00:00\" \/>\n\t\t<meta property=\"article:modified_time\" content=\"2026-09-06T21:37:32+00:00\" \/>\n\t\t<meta name=\"twitter:card\" content=\"summary_large_image\" \/>\n\t\t<meta name=\"twitter:title\" content=\"Anitta ser\u00e1 rainha de bateria da Grande Rio no Carnaval 2027 - Acontece Na Fronteira\" \/>\n\t\t<meta name=\"twitter:description\" content=\"A escola de samba Acad\u00eamicos do Grande Rio surpreendeu o mundo do samba neste domingo (6) ao oficializar a cantora Anitta como sua nova rainha de bateria para o desfile oficial do Carnaval de 2027. A confirma\u00e7\u00e3o hist\u00f3rica foi anunciada pela pr\u00f3pria agremia\u00e7\u00e3o carioca, gerando grande repercuss\u00e3o entre os f\u00e3s da artista e entusiastas da\" \/>\n\t\t<meta name=\"twitter:image\" content=\"https:\/\/acontecenafronteira.com.br\/wp-content\/uploads\/2021\/11\/logo-acontece-1.jpg\" \/>\n\t\t<script type=\"application\/ld+json\" class=\"aioseo-schema\">\n\t\t\t{\"@context\":\"https:\\\/\\\/schema.org\",\"@graph\":[{\"@type\":\"BlogPosting\",\"@id\":\"https:\\\/\\\/acontecenafronteira.com.br\\\/index.php\\\/2026\\\/09\\\/06\\\/anitta-sera-rainha-de-bateria-da-grande-rio-no-carnaval-2027\\\/#blogposting\",\"name\":\"Anitta ser\\u00e1 rainha de bateria da Grande Rio no Carnaval 2027 - Acontece Na Fronteira\",\"headline\":\"Anitta ser\\u00e1 rainha de bateria da Grande Rio no Carnaval 2027\",\"author\":{\"@id\":\"https:\\\/\\\/acontecenafronteira.com.br\\\/index.php\\\/author\\\/#author\"},\"publisher\":{\"@id\":\"https:\\\/\\\/acontecenafronteira.com.br\\\/#organization\"},\"image\":{\"@type\":\"ImageObject\",\"url\":\"https:\\\/\\\/acontecenafronteira.com.br\\\/wp-content\\\/uploads\\\/2026\\\/09\\\/anitta-e-anunciada-como-rainha-de-bateria-da-grande-rio-para-2027-1788730652.jpg?v=1788730652\",\"width\":730,\"height\":400,\"caption\":\"Anitta \\u00e9 anunciada como rainha de bateria da Grande Rio para 2027\"},\"datePublished\":\"2026-09-06T18:37:32-03:00\",\"dateModified\":\"2026-09-06T18:37:32-03:00\",\"inLanguage\":\"pt-PT\",\"mainEntityOfPage\":{\"@id\":\"https:\\\/\\\/acontecenafronteira.com.br\\\/index.php\\\/2026\\\/09\\\/06\\\/anitta-sera-rainha-de-bateria-da-grande-rio-no-carnaval-2027\\\/#webpage\"},\"isPartOf\":{\"@id\":\"https:\\\/\\\/acontecenafronteira.com.br\\\/index.php\\\/2026\\\/09\\\/06\\\/anitta-sera-rainha-de-bateria-da-grande-rio-no-carnaval-2027\\\/#webpage\"},\"articleSection\":\"Paran\\u00e1\"},{\"@type\":\"BreadcrumbList\",\"@id\":\"https:\\\/\\\/acontecenafronteira.com.br\\\/index.php\\\/2026\\\/09\\\/06\\\/anitta-sera-rainha-de-bateria-da-grande-rio-no-carnaval-2027\\\/#breadcrumblist\",\"itemListElement\":[{\"@type\":\"ListItem\",\"@id\":\"https:\\\/\\\/acontecenafronteira.com.br#listItem\",\"position\":1,\"name\":\"Home\",\"item\":\"https:\\\/\\\/acontecenafronteira.com.br\",\"nextItem\":{\"@type\":\"ListItem\",\"@id\":\"https:\\\/\\\/acontecenafronteira.com.br\\\/index.php\\\/category\\\/parana\\\/#listItem\",\"name\":\"Paran\\u00e1\"}},{\"@type\":\"ListItem\",\"@id\":\"https:\\\/\\\/acontecenafronteira.com.br\\\/index.php\\\/category\\\/parana\\\/#listItem\",\"position\":2,\"name\":\"Paran\\u00e1\",\"item\":\"https:\\\/\\\/acontecenafronteira.com.br\\\/index.php\\\/category\\\/parana\\\/\",\"nextItem\":{\"@type\":\"ListItem\",\"@id\":\"https:\\\/\\\/acontecenafronteira.com.br\\\/index.php\\\/2026\\\/09\\\/06\\\/anitta-sera-rainha-de-bateria-da-grande-rio-no-carnaval-2027\\\/#listItem\",\"name\":\"Anitta ser\\u00e1 rainha de bateria da Grande Rio no Carnaval 2027\"},\"previousItem\":{\"@type\":\"ListItem\",\"@id\":\"https:\\\/\\\/acontecenafronteira.com.br#listItem\",\"name\":\"Home\"}},{\"@type\":\"ListItem\",\"@id\":\"https:\\\/\\\/acontecenafronteira.com.br\\\/index.php\\\/2026\\\/09\\\/06\\\/anitta-sera-rainha-de-bateria-da-grande-rio-no-carnaval-2027\\\/#listItem\",\"position\":3,\"name\":\"Anitta ser\\u00e1 rainha de bateria da Grande Rio no Carnaval 2027\",\"previousItem\":{\"@type\":\"ListItem\",\"@id\":\"https:\\\/\\\/acontecenafronteira.com.br\\\/index.php\\\/category\\\/parana\\\/#listItem\",\"name\":\"Paran\\u00e1\"}}]},{\"@type\":\"Organization\",\"@id\":\"https:\\\/\\\/acontecenafronteira.com.br\\\/#organization\",\"name\":\"Acontece Na Fronteira\",\"description\":\"Noticias da Triplice Fronteira\",\"url\":\"https:\\\/\\\/acontecenafronteira.com.br\\\/\",\"logo\":{\"@type\":\"ImageObject\",\"url\":\"https:\\\/\\\/acontecenafronteira.com.br\\\/wp-content\\\/uploads\\\/2021\\\/11\\\/logo-acontece-1.jpg\",\"@id\":\"https:\\\/\\\/acontecenafronteira.com.br\\\/index.php\\\/2026\\\/09\\\/06\\\/anitta-sera-rainha-de-bateria-da-grande-rio-no-carnaval-2027\\\/#organizationLogo\",\"width\":519,\"height\":134},\"image\":{\"@id\":\"https:\\\/\\\/acontecenafronteira.com.br\\\/index.php\\\/2026\\\/09\\\/06\\\/anitta-sera-rainha-de-bateria-da-grande-rio-no-carnaval-2027\\\/#organizationLogo\"}},{\"@type\":\"WebPage\",\"@id\":\"https:\\\/\\\/acontecenafronteira.com.br\\\/index.php\\\/2026\\\/09\\\/06\\\/anitta-sera-rainha-de-bateria-da-grande-rio-no-carnaval-2027\\\/#webpage\",\"url\":\"https:\\\/\\\/acontecenafronteira.com.br\\\/index.php\\\/2026\\\/09\\\/06\\\/anitta-sera-rainha-de-bateria-da-grande-rio-no-carnaval-2027\\\/\",\"name\":\"Anitta ser\\u00e1 rainha de bateria da Grande Rio no Carnaval 2027 - Acontece Na Fronteira\",\"description\":\"A escola de samba Acad\\u00eamicos do Grande Rio surpreendeu o mundo do samba neste domingo (6) ao oficializar a cantora Anitta como sua nova rainha de bateria para o desfile oficial do Carnaval de 2027. A confirma\\u00e7\\u00e3o hist\\u00f3rica foi anunciada pela pr\\u00f3pria agremia\\u00e7\\u00e3o carioca, gerando grande repercuss\\u00e3o entre os f\\u00e3s da artista e entusiastas da\",\"inLanguage\":\"pt-PT\",\"isPartOf\":{\"@id\":\"https:\\\/\\\/acontecenafronteira.com.br\\\/#website\"},\"breadcrumb\":{\"@id\":\"https:\\\/\\\/acontecenafronteira.com.br\\\/index.php\\\/2026\\\/09\\\/06\\\/anitta-sera-rainha-de-bateria-da-grande-rio-no-carnaval-2027\\\/#breadcrumblist\"},\"author\":{\"@id\":\"https:\\\/\\\/acontecenafronteira.com.br\\\/index.php\\\/author\\\/#author\"},\"creator\":{\"@id\":\"https:\\\/\\\/acontecenafronteira.com.br\\\/index.php\\\/author\\\/#author\"},\"image\":{\"@type\":\"ImageObject\",\"url\":\"https:\\\/\\\/acontecenafronteira.com.br\\\/wp-content\\\/uploads\\\/2026\\\/09\\\/anitta-e-anunciada-como-rainha-de-bateria-da-grande-rio-para-2027-1788730652.jpg?v=1788730652\",\"@id\":\"https:\\\/\\\/acontecenafronteira.com.br\\\/index.php\\\/2026\\\/09\\\/06\\\/anitta-sera-rainha-de-bateria-da-grande-rio-no-carnaval-2027\\\/#mainImage\",\"width\":730,\"height\":400,\"caption\":\"Anitta \\u00e9 anunciada como rainha de bateria da Grande Rio para 2027\"},\"primaryImageOfPage\":{\"@id\":\"https:\\\/\\\/acontecenafronteira.com.br\\\/index.php\\\/2026\\\/09\\\/06\\\/anitta-sera-rainha-de-bateria-da-grande-rio-no-carnaval-2027\\\/#mainImage\"},\"datePublished\":\"2026-09-06T18:37:32-03:00\",\"dateModified\":\"2026-09-06T18:37:32-03:00\"},{\"@type\":\"WebSite\",\"@id\":\"https:\\\/\\\/acontecenafronteira.com.br\\\/#website\",\"url\":\"https:\\\/\\\/acontecenafronteira.com.br\\\/\",\"name\":\"Acontece Na Fronteira\",\"description\":\"Noticias da Triplice Fronteira\",\"inLanguage\":\"pt-PT\",\"publisher\":{\"@id\":\"https:\\\/\\\/acontecenafronteira.com.br\\\/#organization\"}}]}\n\t\t<\/script>\n\t\t<!-- All in One SEO -->\n\n","aioseo_head_json":{"title":"Anitta ser\u00e1 rainha de bateria da Grande Rio no Carnaval 2027 - Acontece Na Fronteira","description":"A escola de samba Acad\u00eamicos do Grande Rio surpreendeu o mundo do samba neste domingo (6) ao oficializar a cantora Anitta como sua nova rainha de bateria para o desfile oficial do Carnaval de 2027. A confirma\u00e7\u00e3o hist\u00f3rica foi anunciada pela pr\u00f3pria agremia\u00e7\u00e3o carioca, gerando grande repercuss\u00e3o entre os f\u00e3s da artista e entusiastas da","canonical_url":"https:\/\/acontecenafronteira.com.br\/index.php\/2026\/09\/06\/anitta-sera-rainha-de-bateria-da-grande-rio-no-carnaval-2027\/","robots":"max-image-preview:large","keywords":"","webmasterTools":{"miscellaneous":""},"schema":{"@context":"https:\/\/schema.org","@graph":[{"@type":"BlogPosting","@id":"https:\/\/acontecenafronteira.com.br\/index.php\/2026\/09\/06\/anitta-sera-rainha-de-bateria-da-grande-rio-no-carnaval-2027\/#blogposting","name":"Anitta ser\u00e1 rainha de bateria da Grande Rio no Carnaval 2027 - Acontece Na Fronteira","headline":"Anitta ser\u00e1 rainha de bateria da Grande Rio no Carnaval 2027","author":{"@id":"https:\/\/acontecenafronteira.com.br\/index.php\/author\/#author"},"publisher":{"@id":"https:\/\/acontecenafronteira.com.br\/#organization"},"image":{"@type":"ImageObject","url":"https:\/\/acontecenafronteira.com.br\/wp-content\/uploads\/2026\/09\/anitta-e-anunciada-como-rainha-de-bateria-da-grande-rio-para-2027-1788730652.jpg?v=1788730652","width":730,"height":400,"caption":"Anitta \u00e9 anunciada como rainha de bateria da Grande Rio para 2027"},"datePublished":"2026-09-06T18:37:32-03:00","dateModified":"2026-09-06T18:37:32-03:00","inLanguage":"pt-PT","mainEntityOfPage":{"@id":"https:\/\/acontecenafronteira.com.br\/index.php\/2026\/09\/06\/anitta-sera-rainha-de-bateria-da-grande-rio-no-carnaval-2027\/#webpage"},"isPartOf":{"@id":"https:\/\/acontecenafronteira.com.br\/index.php\/2026\/09\/06\/anitta-sera-rainha-de-bateria-da-grande-rio-no-carnaval-2027\/#webpage"},"articleSection":"Paran\u00e1"},{"@type":"BreadcrumbList","@id":"https:\/\/acontecenafronteira.com.br\/index.php\/2026\/09\/06\/anitta-sera-rainha-de-bateria-da-grande-rio-no-carnaval-2027\/#breadcrumblist","itemListElement":[{"@type":"ListItem","@id":"https:\/\/acontecenafronteira.com.br#listItem","position":1,"name":"Home","item":"https:\/\/acontecenafronteira.com.br","nextItem":{"@type":"ListItem","@id":"https:\/\/acontecenafronteira.com.br\/index.php\/category\/parana\/#listItem","name":"Paran\u00e1"}},{"@type":"ListItem","@id":"https:\/\/acontecenafronteira.com.br\/index.php\/category\/parana\/#listItem","position":2,"name":"Paran\u00e1","item":"https:\/\/acontecenafronteira.com.br\/index.php\/category\/parana\/","nextItem":{"@type":"ListItem","@id":"https:\/\/acontecenafronteira.com.br\/index.php\/2026\/09\/06\/anitta-sera-rainha-de-bateria-da-grande-rio-no-carnaval-2027\/#listItem","name":"Anitta ser\u00e1 rainha de bateria da Grande Rio no Carnaval 2027"},"previousItem":{"@type":"ListItem","@id":"https:\/\/acontecenafronteira.com.br#listItem","name":"Home"}},{"@type":"ListItem","@id":"https:\/\/acontecenafronteira.com.br\/index.php\/2026\/09\/06\/anitta-sera-rainha-de-bateria-da-grande-rio-no-carnaval-2027\/#listItem","position":3,"name":"Anitta ser\u00e1 rainha de bateria da Grande Rio no Carnaval 2027","previousItem":{"@type":"ListItem","@id":"https:\/\/acontecenafronteira.com.br\/index.php\/category\/parana\/#listItem","name":"Paran\u00e1"}}]},{"@type":"Organization","@id":"https:\/\/acontecenafronteira.com.br\/#organization","name":"Acontece Na Fronteira","description":"Noticias da Triplice Fronteira","url":"https:\/\/acontecenafronteira.com.br\/","logo":{"@type":"ImageObject","url":"https:\/\/acontecenafronteira.com.br\/wp-content\/uploads\/2021\/11\/logo-acontece-1.jpg","@id":"https:\/\/acontecenafronteira.com.br\/index.php\/2026\/09\/06\/anitta-sera-rainha-de-bateria-da-grande-rio-no-carnaval-2027\/#organizationLogo","width":519,"height":134},"image":{"@id":"https:\/\/acontecenafronteira.com.br\/index.php\/2026\/09\/06\/anitta-sera-rainha-de-bateria-da-grande-rio-no-carnaval-2027\/#organizationLogo"}},{"@type":"WebPage","@id":"https:\/\/acontecenafronteira.com.br\/index.php\/2026\/09\/06\/anitta-sera-rainha-de-bateria-da-grande-rio-no-carnaval-2027\/#webpage","url":"https:\/\/acontecenafronteira.com.br\/index.php\/2026\/09\/06\/anitta-sera-rainha-de-bateria-da-grande-rio-no-carnaval-2027\/","name":"Anitta ser\u00e1 rainha de bateria da Grande Rio no Carnaval 2027 - Acontece Na Fronteira","description":"A escola de samba Acad\u00eamicos do Grande Rio surpreendeu o mundo do samba neste domingo (6) ao oficializar a cantora Anitta como sua nova rainha de bateria para o desfile oficial do Carnaval de 2027. A confirma\u00e7\u00e3o hist\u00f3rica foi anunciada pela pr\u00f3pria agremia\u00e7\u00e3o carioca, gerando grande repercuss\u00e3o entre os f\u00e3s da artista e entusiastas da","inLanguage":"pt-PT","isPartOf":{"@id":"https:\/\/acontecenafronteira.com.br\/#website"},"breadcrumb":{"@id":"https:\/\/acontecenafronteira.com.br\/index.php\/2026\/09\/06\/anitta-sera-rainha-de-bateria-da-grande-rio-no-carnaval-2027\/#breadcrumblist"},"author":{"@id":"https:\/\/acontecenafronteira.com.br\/index.php\/author\/#author"},"creator":{"@id":"https:\/\/acontecenafronteira.com.br\/index.php\/author\/#author"},"image":{"@type":"ImageObject","url":"https:\/\/acontecenafronteira.com.br\/wp-content\/uploads\/2026\/09\/anitta-e-anunciada-como-rainha-de-bateria-da-grande-rio-para-2027-1788730652.jpg?v=1788730652","@id":"https:\/\/acontecenafronteira.com.br\/index.php\/2026\/09\/06\/anitta-sera-rainha-de-bateria-da-grande-rio-no-carnaval-2027\/#mainImage","width":730,"height":400,"caption":"Anitta \u00e9 anunciada como rainha de bateria da Grande Rio para 2027"},"primaryImageOfPage":{"@id":"https:\/\/acontecenafronteira.com.br\/index.php\/2026\/09\/06\/anitta-sera-rainha-de-bateria-da-grande-rio-no-carnaval-2027\/#mainImage"},"datePublished":"2026-09-06T18:37:32-03:00","dateModified":"2026-09-06T18:37:32-03:00"},{"@type":"WebSite","@id":"https:\/\/acontecenafronteira.com.br\/#website","url":"https:\/\/acontecenafronteira.com.br\/","name":"Acontece Na Fronteira","description":"Noticias da Triplice Fronteira","inLanguage":"pt-PT","publisher":{"@id":"https:\/\/acontecenafronteira.com.br\/#organization"}}]},"og:locale":"pt_PT","og:site_name":"Acontece Na Fronteira - Noticias da Triplice Fronteira","og:type":"article","og:title":"Anitta ser\u00e1 rainha de bateria da Grande Rio no Carnaval 2027 - Acontece Na Fronteira","og:description":"A escola de samba Acad\u00eamicos do Grande Rio surpreendeu o mundo do samba neste domingo (6) ao oficializar a cantora Anitta como sua nova rainha de bateria para o desfile oficial do Carnaval de 2027. A confirma\u00e7\u00e3o hist\u00f3rica foi anunciada pela pr\u00f3pria agremia\u00e7\u00e3o carioca, gerando grande repercuss\u00e3o entre os f\u00e3s da artista e entusiastas da","og:url":"https:\/\/acontecenafronteira.com.br\/index.php\/2026\/09\/06\/anitta-sera-rainha-de-bateria-da-grande-rio-no-carnaval-2027\/","og:image":"https:\/\/acontecenafronteira.com.br\/wp-content\/uploads\/2021\/11\/logo-acontece-1.jpg","og:image:secure_url":"https:\/\/acontecenafronteira.com.br\/wp-content\/uploads\/2021\/11\/logo-acontece-1.jpg","article:published_time":"2026-09-06T21:37:32+00:00","article:modified_time":"2026-09-06T21:37:32+00:00","twitter:card":"summary_large_image","twitter:title":"Anitta ser\u00e1 rainha de bateria da Grande Rio no Carnaval 2027 - Acontece Na Fronteira","twitter:description":"A escola de samba Acad\u00eamicos do Grande Rio surpreendeu o mundo do samba neste domingo (6) ao oficializar a cantora Anitta como sua nova rainha de bateria para o desfile oficial do Carnaval de 2027. A confirma\u00e7\u00e3o hist\u00f3rica foi anunciada pela pr\u00f3pria agremia\u00e7\u00e3o carioca, gerando grande repercuss\u00e3o entre os f\u00e3s da artista e entusiastas da","twitter:image":"https:\/\/acontecenafronteira.com.br\/wp-content\/uploads\/2021\/11\/logo-acontece-1.jpg"},"aioseo_meta_data":{"post_id":"36899","title":null,"description":null,"keywords":null,"keyphrases":{"focus":[],"additional":[]},"primary_term":null,"canonical_url":null,"og_title":null,"og_description":null,"og_object_type":"default","og_image_type":"default","og_image_url":null,"og_image_width":null,"og_image_height":null,"og_image_custom_url":null,"og_image_custom_fields":null,"og_video":null,"og_custom_url":null,"og_article_section":null,"og_article_tags":null,"twitter_use_og":false,"twitter_card":"default","twitter_image_type":"default","twitter_image_url":null,"twitter_image_custom_url":null,"twitter_image_custom_fields":null,"twitter_title":null,"twitter_description":null,"schema":{"blockGraphs":[],"customGraphs":[],"default":{"data":{"Article":[],"Course":[],"Dataset":[],"FAQPage":[],"Movie":[],"Person":[],"Product":[],"ProductReview":[],"Car":[],"Recipe":[],"Service":[],"SoftwareApplication":[],"WebPage":[]},"graphName":"","isEnabled":true},"graphs":[]},"schema_type":"default","schema_type_options":null,"pillar_content":false,"robots_default":true,"robots_noindex":false,"robots_noarchive":false,"robots_nosnippet":false,"robots_nofollow":false,"robots_noimageindex":false,"robots_noodp":false,"robots_notranslate":false,"robots_max_snippet":null,"robots_max_videopreview":null,"robots_max_imagepreview":"large","priority":null,"frequency":null,"local_seo":null,"limit_modified_date":false,"created":"2026-09-06 22:29:18","updated":"2026-09-06 22:29:18","focus_keyword":null,"additional_keywords":null,"truseo_locale":null,"ai":null,"breadcrumb_settings":null,"seo_analyzer_scan_date":null},"aioseo_breadcrumb":"<div class=\"aioseo-breadcrumbs\"><span class=\"aioseo-breadcrumb\">\n\t\t\t<a href=\"https:\/\/acontecenafronteira.com.br\" title=\"Home\">Home<\/a>\n\t\t<\/span><span class=\"aioseo-breadcrumb-separator\">&raquo;<\/span><span class=\"aioseo-breadcrumb\">\n\t\t\t<a href=\"https:\/\/acontecenafronteira.com.br\/index.php\/category\/parana\/\" title=\"Paran\u00e1\">Paran\u00e1<\/a>\n\t\t<\/span><span class=\"aioseo-breadcrumb-separator\">&raquo;<\/span><span class=\"aioseo-breadcrumb\">\n\t\t\tAnitta ser\u00e1 rainha de bateria da Grande Rio no Carnaval 2027\n\t\t<\/span><\/div>","aioseo_breadcrumb_json":[{"label":"Home","link":"https:\/\/acontecenafronteira.com.br"},{"label":"Paran\u00e1","link":"https:\/\/acontecenafronteira.com.br\/index.php\/category\/parana\/"},{"label":"Anitta ser\u00e1 rainha de bateria da Grande Rio no Carnaval 2027","link":"https:\/\/acontecenafronteira.com.br\/index.php\/2026\/09\/06\/anitta-sera-rainha-de-bateria-da-grande-rio-no-carnaval-2027\/"}],"_links":{"self":[{"href":"https:\/\/acontecenafronteira.com.br\/index.php\/wp-json\/wp\/v2\/posts\/36899","targetHints":{"allow":["GET"]}}],"collection":[{"href":"https:\/\/acontecenafronteira.com.br\/index.php\/wp-json\/wp\/v2\/posts"}],"about":[{"href":"https:\/\/acontecenafronteira.com.br\/index.php\/wp-json\/wp\/v2\/types\/post"}],"replies":[{"embeddable":true,"href":"https:\/\/acontecenafronteira.com.br\/index.php\/wp-json\/wp\/v2\/comments?post=36899"}],"version-history":[{"count":1,"href":"https:\/\/acontecenafronteira.com.br\/index.php\/wp-json\/wp\/v2\/posts\/36899\/revisions"}],"predecessor-version":[{"id":36904,"href":"https:\/\/acontecenafronteira.com.br\/index.php\/wp-json\/wp\/v2\/posts\/36899\/revisions\/36904"}],"wp:featuredmedia":[{"embeddable":true,"href":"https:\/\/acontecenafronteira.com.br\/index.php\/wp-json\/wp\/v2\/media\/36905"}],"wp:attachment":[{"href":"https:\/\/acontecenafronteira.com.br\/index.php\/wp-json\/wp\/v2\/media?parent=36899"}],"wp:term":[{"taxonomy":"category","embeddable":true,"href":"https:\/\/acontecenafronteira.com.br\/index.php\/wp-json\/wp\/v2\/categories?post=36899"},{"taxonomy":"post_tag","embeddable":true,"href":"https:\/\/acontecenafronteira.com.br\/index.php\/wp-json\/wp\/v2\/tags?post=36899"}],"curies":[{"name":"wp","href":"https:\/\/api.w.org\/{rel}","templated":true}]}}