{"id":36893,"date":"2026-09-06T18:36:07","date_gmt":"2026-09-06T21:36:07","guid":{"rendered":"https:\/\/acontecenafronteira.com.br\/?p=36893"},"modified":"2026-09-06T18:36:07","modified_gmt":"2026-09-06T21:36:07","slug":"eleicoes-no-parana-candidatos-ao-governo-intensificam-agendas","status":"publish","type":"post","link":"https:\/\/acontecenafronteira.com.br\/index.php\/2026\/09\/06\/eleicoes-no-parana-candidatos-ao-governo-intensificam-agendas\/","title":{"rendered":"Elei\u00e7\u00f5es no Paran\u00e1: candidatos ao governo intensificam agendas"},"content":{"rendered":"<p>Os postulantes ao comando do Pal\u00e1cio Igua\u00e7u movimentaram diferentes regi\u00f5es do estado neste domingo para intensificar a busca por eleitores.<\/p>\n<h2>Agenda dos candidatos no litoral e na capital<\/h2>\n<p>As atividades de campanha inclu\u00edram carreatas pelas praias paranaenses, reuni\u00f5es com apoiadores, panfletagem e compromissos religiosos.<\/p>\n<p>Sandro Alex (PSD) marcou presen\u00e7a em uma carreata que passou por Pontal do Paran\u00e1 e outras praias do litoral, al\u00e9m de comparecer a um congresso de miss\u00f5es da Assembleia de Deus em Rio Branco do Sul.<\/p>\n<p>S\u00e9rgio Moro (PL) tamb\u00e9m concentrou seus atos na regi\u00e3o litor\u00e2nea, realizando carreatas em Pontal do Paran\u00e1, Matinhos e Guaratuba, onde ainda promoveu uma caminhada pelas ruas.<\/p>\n<h2>Outras atividades e compromissos pelo estado<\/h2>\n<p>Em Curitiba, Samuel Mattos (PSTU) realizou uma a\u00e7\u00e3o de panfletagem na tradicional Rua XV de Novembro, enquanto Tayn\u00e1 Miessa (UP) conversou com eleitores e fez campanha no Largo da Ordem.<\/p>\n<p>Adriano Teixeira (PCO) optou por uma agenda diversificada que incluiu uma partida de futebol com amigos no Est\u00e1dio Municipal de Paranava\u00ed, seguida de encontro com militantes e passagem por um evento cultural na Pra\u00e7a dos Pioneiros.<\/p>\n<p>Alexandre Salom\u00e3o (Mobiliza) interagiu com o eleitorado e apresentou suas propostas por meio de uma transmiss\u00e3o ao vivo com outros candidatos. J\u00e1 Luiz Fran\u00e7a (Miss\u00e3o) e Requi\u00e3o Filho (PDT) n\u00e3o divulgaram compromissos p\u00fablicos abertos para o dia.<\/p>\n<h2>Calend\u00e1rio e disputa eleitoral<\/h2>\n<p>A corrida eleitoral oficial teve in\u00edcio no \u00faltimo domingo (16) em todo o territ\u00f3rio nacional, liberando pr\u00e1ticas como pedidos de votos, com\u00edcios, caminhadas, debates e veicula\u00e7\u00e3o de propagandas nos meios de comunica\u00e7\u00e3o, sempre sob a fiscaliza\u00e7\u00e3o da Justi\u00e7a Eleitoral.<\/p>\n<p>O pleito para o primeiro turno est\u00e1 agendado para o dia 4 de outubro, enquanto um eventual segundo turno ocorrer\u00e1 em 25 de outubro. Ao todo, oito chapas registraram candidaturas na disputa pelo governo estadual paranaense: Adriano Teixeira (PCO), Alexandre Salom\u00e3o (Mobiliza), Luiz Fran\u00e7a (Miss\u00e3o), Requi\u00e3o Filho (PDT), Samuel Mattos (PSTU), Sandro Alex (PSD), S\u00e9rgio Moro (PL) e Tayn\u00e1 Miessa (UP).<\/p>\n<p>Por Reda\u00e7\u00e3o Acontece<\/p>\n<p>Foto: Roberto Dziura Jr\/AEN e Marcelo Camargo\/Ag\u00eancia Brasil<\/p>\n","protected":false},"excerpt":{"rendered":"<p>Os postulantes ao comando do Pal\u00e1cio Igua\u00e7u movimentaram diferentes regi\u00f5es do estado neste domingo para intensificar a busca por eleitores. Agenda dos candidatos no litoral e na capital As atividades de campanha inclu\u00edram carreatas pelas praias paranaenses, reuni\u00f5es com apoiadores, panfletagem e compromissos religiosos. Sandro Alex (PSD) marcou presen\u00e7a em uma carreata que passou por [&hellip;]<\/p>\n","protected":false},"author":0,"featured_media":36896,"comment_status":"open","ping_status":"open","sticky":false,"template":"","format":"standard","meta":{"_monsterinsights_skip_tracking":false,"_uf_show_specific_survey":0,"_uf_disable_surveys":false,"footnotes":""},"categories":[18],"tags":[],"class_list":["post-36893","post","type-post","status-publish","format-standard","has-post-thumbnail","hentry","category-parana"],"aioseo_notices":[],"aioseo_head":"\n\t\t<!-- All in One SEO 5.0.1.1 - aioseo.com -->\n\t<meta name=\"description\" content=\"Os postulantes ao comando do Pal\u00e1cio Igua\u00e7u movimentaram diferentes regi\u00f5es do estado neste domingo para intensificar a busca por eleitores. Agenda dos candidatos no litoral e na capital As atividades de campanha inclu\u00edram carreatas pelas praias paranaenses, reuni\u00f5es com apoiadores, panfletagem e compromissos religiosos. Sandro Alex (PSD) marcou presen\u00e7a em uma carreata que passou por\" \/>\n\t<meta name=\"robots\" content=\"max-image-preview:large\" \/>\n\t<link rel=\"canonical\" href=\"https:\/\/acontecenafronteira.com.br\/index.php\/2026\/09\/06\/eleicoes-no-parana-candidatos-ao-governo-intensificam-agendas\/\" \/>\n\t<meta name=\"generator\" content=\"All in One SEO (AIOSEO) 5.0.1.1\" \/>\n\t\t<meta property=\"og:locale\" content=\"pt_PT\" \/>\n\t\t<meta property=\"og:site_name\" content=\"Acontece Na Fronteira - Noticias da Triplice Fronteira\" \/>\n\t\t<meta property=\"og:type\" content=\"article\" \/>\n\t\t<meta property=\"og:title\" content=\"Elei\u00e7\u00f5es no Paran\u00e1: candidatos ao governo intensificam agendas - Acontece Na Fronteira\" \/>\n\t\t<meta property=\"og:description\" content=\"Os postulantes ao comando do Pal\u00e1cio Igua\u00e7u movimentaram diferentes regi\u00f5es do estado neste domingo para intensificar a busca por eleitores. Agenda dos candidatos no litoral e na capital As atividades de campanha inclu\u00edram carreatas pelas praias paranaenses, reuni\u00f5es com apoiadores, panfletagem e compromissos religiosos. Sandro Alex (PSD) marcou presen\u00e7a em uma carreata que passou por\" \/>\n\t\t<meta property=\"og:url\" content=\"https:\/\/acontecenafronteira.com.br\/index.php\/2026\/09\/06\/eleicoes-no-parana-candidatos-ao-governo-intensificam-agendas\/\" \/>\n\t\t<meta property=\"og:image\" content=\"https:\/\/acontecenafronteira.com.br\/wp-content\/uploads\/2021\/11\/logo-acontece-1.jpg\" \/>\n\t\t<meta property=\"og:image:secure_url\" content=\"https:\/\/acontecenafronteira.com.br\/wp-content\/uploads\/2021\/11\/logo-acontece-1.jpg\" \/>\n\t\t<meta property=\"article:published_time\" content=\"2026-09-06T21:36:07+00:00\" \/>\n\t\t<meta property=\"article:modified_time\" content=\"2026-09-06T21:36:07+00:00\" \/>\n\t\t<meta name=\"twitter:card\" content=\"summary_large_image\" \/>\n\t\t<meta name=\"twitter:title\" content=\"Elei\u00e7\u00f5es no Paran\u00e1: candidatos ao governo intensificam agendas - Acontece Na Fronteira\" \/>\n\t\t<meta name=\"twitter:description\" content=\"Os postulantes ao comando do Pal\u00e1cio Igua\u00e7u movimentaram diferentes regi\u00f5es do estado neste domingo para intensificar a busca por eleitores. Agenda dos candidatos no litoral e na capital As atividades de campanha inclu\u00edram carreatas pelas praias paranaenses, reuni\u00f5es com apoiadores, panfletagem e compromissos religiosos. Sandro Alex (PSD) marcou presen\u00e7a em uma carreata que passou por\" \/>\n\t\t<meta name=\"twitter:image\" content=\"https:\/\/acontecenafronteira.com.br\/wp-content\/uploads\/2021\/11\/logo-acontece-1.jpg\" \/>\n\t\t<script type=\"application\/ld+json\" class=\"aioseo-schema\">\n\t\t\t{\"@context\":\"https:\\\/\\\/schema.org\",\"@graph\":[{\"@type\":\"BlogPosting\",\"@id\":\"https:\\\/\\\/acontecenafronteira.com.br\\\/index.php\\\/2026\\\/09\\\/06\\\/eleicoes-no-parana-candidatos-ao-governo-intensificam-agendas\\\/#blogposting\",\"name\":\"Elei\\u00e7\\u00f5es no Paran\\u00e1: candidatos ao governo intensificam agendas - Acontece Na Fronteira\",\"headline\":\"Elei\\u00e7\\u00f5es no Paran\\u00e1: candidatos ao governo intensificam agendas\",\"author\":{\"@id\":\"https:\\\/\\\/acontecenafronteira.com.br\\\/index.php\\\/author\\\/#author\"},\"publisher\":{\"@id\":\"https:\\\/\\\/acontecenafronteira.com.br\\\/#organization\"},\"image\":{\"@type\":\"ImageObject\",\"url\":\"https:\\\/\\\/acontecenafronteira.com.br\\\/wp-content\\\/uploads\\\/2026\\\/09\\\/candidatos-ao-governo-do-parana-cumprem-agendas-com-carreatas-e-eventos-1788730566.jpg?v=1788730567\",\"width\":1200,\"height\":800,\"caption\":\"Candidatos ao governo do Paran\\u00e1 cumprem agendas com carreatas e eventos\"},\"datePublished\":\"2026-09-06T18:36:07-03:00\",\"dateModified\":\"2026-09-06T18:36:07-03:00\",\"inLanguage\":\"pt-PT\",\"mainEntityOfPage\":{\"@id\":\"https:\\\/\\\/acontecenafronteira.com.br\\\/index.php\\\/2026\\\/09\\\/06\\\/eleicoes-no-parana-candidatos-ao-governo-intensificam-agendas\\\/#webpage\"},\"isPartOf\":{\"@id\":\"https:\\\/\\\/acontecenafronteira.com.br\\\/index.php\\\/2026\\\/09\\\/06\\\/eleicoes-no-parana-candidatos-ao-governo-intensificam-agendas\\\/#webpage\"},\"articleSection\":\"Paran\\u00e1\"},{\"@type\":\"BreadcrumbList\",\"@id\":\"https:\\\/\\\/acontecenafronteira.com.br\\\/index.php\\\/2026\\\/09\\\/06\\\/eleicoes-no-parana-candidatos-ao-governo-intensificam-agendas\\\/#breadcrumblist\",\"itemListElement\":[{\"@type\":\"ListItem\",\"@id\":\"https:\\\/\\\/acontecenafronteira.com.br#listItem\",\"position\":1,\"name\":\"Home\",\"item\":\"https:\\\/\\\/acontecenafronteira.com.br\",\"nextItem\":{\"@type\":\"ListItem\",\"@id\":\"https:\\\/\\\/acontecenafronteira.com.br\\\/index.php\\\/category\\\/parana\\\/#listItem\",\"name\":\"Paran\\u00e1\"}},{\"@type\":\"ListItem\",\"@id\":\"https:\\\/\\\/acontecenafronteira.com.br\\\/index.php\\\/category\\\/parana\\\/#listItem\",\"position\":2,\"name\":\"Paran\\u00e1\",\"item\":\"https:\\\/\\\/acontecenafronteira.com.br\\\/index.php\\\/category\\\/parana\\\/\",\"nextItem\":{\"@type\":\"ListItem\",\"@id\":\"https:\\\/\\\/acontecenafronteira.com.br\\\/index.php\\\/2026\\\/09\\\/06\\\/eleicoes-no-parana-candidatos-ao-governo-intensificam-agendas\\\/#listItem\",\"name\":\"Elei\\u00e7\\u00f5es no Paran\\u00e1: candidatos ao governo intensificam agendas\"},\"previousItem\":{\"@type\":\"ListItem\",\"@id\":\"https:\\\/\\\/acontecenafronteira.com.br#listItem\",\"name\":\"Home\"}},{\"@type\":\"ListItem\",\"@id\":\"https:\\\/\\\/acontecenafronteira.com.br\\\/index.php\\\/2026\\\/09\\\/06\\\/eleicoes-no-parana-candidatos-ao-governo-intensificam-agendas\\\/#listItem\",\"position\":3,\"name\":\"Elei\\u00e7\\u00f5es no Paran\\u00e1: candidatos ao governo intensificam agendas\",\"previousItem\":{\"@type\":\"ListItem\",\"@id\":\"https:\\\/\\\/acontecenafronteira.com.br\\\/index.php\\\/category\\\/parana\\\/#listItem\",\"name\":\"Paran\\u00e1\"}}]},{\"@type\":\"Organization\",\"@id\":\"https:\\\/\\\/acontecenafronteira.com.br\\\/#organization\",\"name\":\"Acontece Na Fronteira\",\"description\":\"Noticias da Triplice Fronteira\",\"url\":\"https:\\\/\\\/acontecenafronteira.com.br\\\/\",\"logo\":{\"@type\":\"ImageObject\",\"url\":\"https:\\\/\\\/acontecenafronteira.com.br\\\/wp-content\\\/uploads\\\/2021\\\/11\\\/logo-acontece-1.jpg\",\"@id\":\"https:\\\/\\\/acontecenafronteira.com.br\\\/index.php\\\/2026\\\/09\\\/06\\\/eleicoes-no-parana-candidatos-ao-governo-intensificam-agendas\\\/#organizationLogo\",\"width\":519,\"height\":134},\"image\":{\"@id\":\"https:\\\/\\\/acontecenafronteira.com.br\\\/index.php\\\/2026\\\/09\\\/06\\\/eleicoes-no-parana-candidatos-ao-governo-intensificam-agendas\\\/#organizationLogo\"}},{\"@type\":\"WebPage\",\"@id\":\"https:\\\/\\\/acontecenafronteira.com.br\\\/index.php\\\/2026\\\/09\\\/06\\\/eleicoes-no-parana-candidatos-ao-governo-intensificam-agendas\\\/#webpage\",\"url\":\"https:\\\/\\\/acontecenafronteira.com.br\\\/index.php\\\/2026\\\/09\\\/06\\\/eleicoes-no-parana-candidatos-ao-governo-intensificam-agendas\\\/\",\"name\":\"Elei\\u00e7\\u00f5es no Paran\\u00e1: candidatos ao governo intensificam agendas - Acontece Na Fronteira\",\"description\":\"Os postulantes ao comando do Pal\\u00e1cio Igua\\u00e7u movimentaram diferentes regi\\u00f5es do estado neste domingo para intensificar a busca por eleitores. Agenda dos candidatos no litoral e na capital As atividades de campanha inclu\\u00edram carreatas pelas praias paranaenses, reuni\\u00f5es com apoiadores, panfletagem e compromissos religiosos. Sandro Alex (PSD) marcou presen\\u00e7a em uma carreata que passou por\",\"inLanguage\":\"pt-PT\",\"isPartOf\":{\"@id\":\"https:\\\/\\\/acontecenafronteira.com.br\\\/#website\"},\"breadcrumb\":{\"@id\":\"https:\\\/\\\/acontecenafronteira.com.br\\\/index.php\\\/2026\\\/09\\\/06\\\/eleicoes-no-parana-candidatos-ao-governo-intensificam-agendas\\\/#breadcrumblist\"},\"author\":{\"@id\":\"https:\\\/\\\/acontecenafronteira.com.br\\\/index.php\\\/author\\\/#author\"},\"creator\":{\"@id\":\"https:\\\/\\\/acontecenafronteira.com.br\\\/index.php\\\/author\\\/#author\"},\"image\":{\"@type\":\"ImageObject\",\"url\":\"https:\\\/\\\/acontecenafronteira.com.br\\\/wp-content\\\/uploads\\\/2026\\\/09\\\/candidatos-ao-governo-do-parana-cumprem-agendas-com-carreatas-e-eventos-1788730566.jpg?v=1788730567\",\"@id\":\"https:\\\/\\\/acontecenafronteira.com.br\\\/index.php\\\/2026\\\/09\\\/06\\\/eleicoes-no-parana-candidatos-ao-governo-intensificam-agendas\\\/#mainImage\",\"width\":1200,\"height\":800,\"caption\":\"Candidatos ao governo do Paran\\u00e1 cumprem agendas com carreatas e eventos\"},\"primaryImageOfPage\":{\"@id\":\"https:\\\/\\\/acontecenafronteira.com.br\\\/index.php\\\/2026\\\/09\\\/06\\\/eleicoes-no-parana-candidatos-ao-governo-intensificam-agendas\\\/#mainImage\"},\"datePublished\":\"2026-09-06T18:36:07-03:00\",\"dateModified\":\"2026-09-06T18:36:07-03:00\"},{\"@type\":\"WebSite\",\"@id\":\"https:\\\/\\\/acontecenafronteira.com.br\\\/#website\",\"url\":\"https:\\\/\\\/acontecenafronteira.com.br\\\/\",\"name\":\"Acontece Na Fronteira\",\"description\":\"Noticias da Triplice Fronteira\",\"inLanguage\":\"pt-PT\",\"publisher\":{\"@id\":\"https:\\\/\\\/acontecenafronteira.com.br\\\/#organization\"}}]}\n\t\t<\/script>\n\t\t<!-- All in One SEO -->\n\n","aioseo_head_json":{"title":"Elei\u00e7\u00f5es no Paran\u00e1: candidatos ao governo intensificam agendas - Acontece Na Fronteira","description":"Os postulantes ao comando do Pal\u00e1cio Igua\u00e7u movimentaram diferentes regi\u00f5es do estado neste domingo para intensificar a busca por eleitores. Agenda dos candidatos no litoral e na capital As atividades de campanha inclu\u00edram carreatas pelas praias paranaenses, reuni\u00f5es com apoiadores, panfletagem e compromissos religiosos. Sandro Alex (PSD) marcou presen\u00e7a em uma carreata que passou por","canonical_url":"https:\/\/acontecenafronteira.com.br\/index.php\/2026\/09\/06\/eleicoes-no-parana-candidatos-ao-governo-intensificam-agendas\/","robots":"max-image-preview:large","keywords":"","webmasterTools":{"miscellaneous":""},"schema":{"@context":"https:\/\/schema.org","@graph":[{"@type":"BlogPosting","@id":"https:\/\/acontecenafronteira.com.br\/index.php\/2026\/09\/06\/eleicoes-no-parana-candidatos-ao-governo-intensificam-agendas\/#blogposting","name":"Elei\u00e7\u00f5es no Paran\u00e1: candidatos ao governo intensificam agendas - Acontece Na Fronteira","headline":"Elei\u00e7\u00f5es no Paran\u00e1: candidatos ao governo intensificam agendas","author":{"@id":"https:\/\/acontecenafronteira.com.br\/index.php\/author\/#author"},"publisher":{"@id":"https:\/\/acontecenafronteira.com.br\/#organization"},"image":{"@type":"ImageObject","url":"https:\/\/acontecenafronteira.com.br\/wp-content\/uploads\/2026\/09\/candidatos-ao-governo-do-parana-cumprem-agendas-com-carreatas-e-eventos-1788730566.jpg?v=1788730567","width":1200,"height":800,"caption":"Candidatos ao governo do Paran\u00e1 cumprem agendas com carreatas e eventos"},"datePublished":"2026-09-06T18:36:07-03:00","dateModified":"2026-09-06T18:36:07-03:00","inLanguage":"pt-PT","mainEntityOfPage":{"@id":"https:\/\/acontecenafronteira.com.br\/index.php\/2026\/09\/06\/eleicoes-no-parana-candidatos-ao-governo-intensificam-agendas\/#webpage"},"isPartOf":{"@id":"https:\/\/acontecenafronteira.com.br\/index.php\/2026\/09\/06\/eleicoes-no-parana-candidatos-ao-governo-intensificam-agendas\/#webpage"},"articleSection":"Paran\u00e1"},{"@type":"BreadcrumbList","@id":"https:\/\/acontecenafronteira.com.br\/index.php\/2026\/09\/06\/eleicoes-no-parana-candidatos-ao-governo-intensificam-agendas\/#breadcrumblist","itemListElement":[{"@type":"ListItem","@id":"https:\/\/acontecenafronteira.com.br#listItem","position":1,"name":"Home","item":"https:\/\/acontecenafronteira.com.br","nextItem":{"@type":"ListItem","@id":"https:\/\/acontecenafronteira.com.br\/index.php\/category\/parana\/#listItem","name":"Paran\u00e1"}},{"@type":"ListItem","@id":"https:\/\/acontecenafronteira.com.br\/index.php\/category\/parana\/#listItem","position":2,"name":"Paran\u00e1","item":"https:\/\/acontecenafronteira.com.br\/index.php\/category\/parana\/","nextItem":{"@type":"ListItem","@id":"https:\/\/acontecenafronteira.com.br\/index.php\/2026\/09\/06\/eleicoes-no-parana-candidatos-ao-governo-intensificam-agendas\/#listItem","name":"Elei\u00e7\u00f5es no Paran\u00e1: candidatos ao governo intensificam agendas"},"previousItem":{"@type":"ListItem","@id":"https:\/\/acontecenafronteira.com.br#listItem","name":"Home"}},{"@type":"ListItem","@id":"https:\/\/acontecenafronteira.com.br\/index.php\/2026\/09\/06\/eleicoes-no-parana-candidatos-ao-governo-intensificam-agendas\/#listItem","position":3,"name":"Elei\u00e7\u00f5es no Paran\u00e1: candidatos ao governo intensificam agendas","previousItem":{"@type":"ListItem","@id":"https:\/\/acontecenafronteira.com.br\/index.php\/category\/parana\/#listItem","name":"Paran\u00e1"}}]},{"@type":"Organization","@id":"https:\/\/acontecenafronteira.com.br\/#organization","name":"Acontece Na Fronteira","description":"Noticias da Triplice Fronteira","url":"https:\/\/acontecenafronteira.com.br\/","logo":{"@type":"ImageObject","url":"https:\/\/acontecenafronteira.com.br\/wp-content\/uploads\/2021\/11\/logo-acontece-1.jpg","@id":"https:\/\/acontecenafronteira.com.br\/index.php\/2026\/09\/06\/eleicoes-no-parana-candidatos-ao-governo-intensificam-agendas\/#organizationLogo","width":519,"height":134},"image":{"@id":"https:\/\/acontecenafronteira.com.br\/index.php\/2026\/09\/06\/eleicoes-no-parana-candidatos-ao-governo-intensificam-agendas\/#organizationLogo"}},{"@type":"WebPage","@id":"https:\/\/acontecenafronteira.com.br\/index.php\/2026\/09\/06\/eleicoes-no-parana-candidatos-ao-governo-intensificam-agendas\/#webpage","url":"https:\/\/acontecenafronteira.com.br\/index.php\/2026\/09\/06\/eleicoes-no-parana-candidatos-ao-governo-intensificam-agendas\/","name":"Elei\u00e7\u00f5es no Paran\u00e1: candidatos ao governo intensificam agendas - Acontece Na Fronteira","description":"Os postulantes ao comando do Pal\u00e1cio Igua\u00e7u movimentaram diferentes regi\u00f5es do estado neste domingo para intensificar a busca por eleitores. Agenda dos candidatos no litoral e na capital As atividades de campanha inclu\u00edram carreatas pelas praias paranaenses, reuni\u00f5es com apoiadores, panfletagem e compromissos religiosos. Sandro Alex (PSD) marcou presen\u00e7a em uma carreata que passou por","inLanguage":"pt-PT","isPartOf":{"@id":"https:\/\/acontecenafronteira.com.br\/#website"},"breadcrumb":{"@id":"https:\/\/acontecenafronteira.com.br\/index.php\/2026\/09\/06\/eleicoes-no-parana-candidatos-ao-governo-intensificam-agendas\/#breadcrumblist"},"author":{"@id":"https:\/\/acontecenafronteira.com.br\/index.php\/author\/#author"},"creator":{"@id":"https:\/\/acontecenafronteira.com.br\/index.php\/author\/#author"},"image":{"@type":"ImageObject","url":"https:\/\/acontecenafronteira.com.br\/wp-content\/uploads\/2026\/09\/candidatos-ao-governo-do-parana-cumprem-agendas-com-carreatas-e-eventos-1788730566.jpg?v=1788730567","@id":"https:\/\/acontecenafronteira.com.br\/index.php\/2026\/09\/06\/eleicoes-no-parana-candidatos-ao-governo-intensificam-agendas\/#mainImage","width":1200,"height":800,"caption":"Candidatos ao governo do Paran\u00e1 cumprem agendas com carreatas e eventos"},"primaryImageOfPage":{"@id":"https:\/\/acontecenafronteira.com.br\/index.php\/2026\/09\/06\/eleicoes-no-parana-candidatos-ao-governo-intensificam-agendas\/#mainImage"},"datePublished":"2026-09-06T18:36:07-03:00","dateModified":"2026-09-06T18:36:07-03:00"},{"@type":"WebSite","@id":"https:\/\/acontecenafronteira.com.br\/#website","url":"https:\/\/acontecenafronteira.com.br\/","name":"Acontece Na Fronteira","description":"Noticias da Triplice Fronteira","inLanguage":"pt-PT","publisher":{"@id":"https:\/\/acontecenafronteira.com.br\/#organization"}}]},"og:locale":"pt_PT","og:site_name":"Acontece Na Fronteira - Noticias da Triplice Fronteira","og:type":"article","og:title":"Elei\u00e7\u00f5es no Paran\u00e1: candidatos ao governo intensificam agendas - Acontece Na Fronteira","og:description":"Os postulantes ao comando do Pal\u00e1cio Igua\u00e7u movimentaram diferentes regi\u00f5es do estado neste domingo para intensificar a busca por eleitores. Agenda dos candidatos no litoral e na capital As atividades de campanha inclu\u00edram carreatas pelas praias paranaenses, reuni\u00f5es com apoiadores, panfletagem e compromissos religiosos. Sandro Alex (PSD) marcou presen\u00e7a em uma carreata que passou por","og:url":"https:\/\/acontecenafronteira.com.br\/index.php\/2026\/09\/06\/eleicoes-no-parana-candidatos-ao-governo-intensificam-agendas\/","og:image":"https:\/\/acontecenafronteira.com.br\/wp-content\/uploads\/2021\/11\/logo-acontece-1.jpg","og:image:secure_url":"https:\/\/acontecenafronteira.com.br\/wp-content\/uploads\/2021\/11\/logo-acontece-1.jpg","article:published_time":"2026-09-06T21:36:07+00:00","article:modified_time":"2026-09-06T21:36:07+00:00","twitter:card":"summary_large_image","twitter:title":"Elei\u00e7\u00f5es no Paran\u00e1: candidatos ao governo intensificam agendas - Acontece Na Fronteira","twitter:description":"Os postulantes ao comando do Pal\u00e1cio Igua\u00e7u movimentaram diferentes regi\u00f5es do estado neste domingo para intensificar a busca por eleitores. Agenda dos candidatos no litoral e na capital As atividades de campanha inclu\u00edram carreatas pelas praias paranaenses, reuni\u00f5es com apoiadores, panfletagem e compromissos religiosos. Sandro Alex (PSD) marcou presen\u00e7a em uma carreata que passou por","twitter:image":"https:\/\/acontecenafronteira.com.br\/wp-content\/uploads\/2021\/11\/logo-acontece-1.jpg"},"aioseo_meta_data":{"post_id":"36893","title":null,"description":null,"keywords":null,"keyphrases":{"focus":[],"additional":[]},"primary_term":null,"canonical_url":null,"og_title":null,"og_description":null,"og_object_type":"default","og_image_type":"default","og_image_url":null,"og_image_width":null,"og_image_height":null,"og_image_custom_url":null,"og_image_custom_fields":null,"og_video":null,"og_custom_url":null,"og_article_section":null,"og_article_tags":null,"twitter_use_og":false,"twitter_card":"default","twitter_image_type":"default","twitter_image_url":null,"twitter_image_custom_url":null,"twitter_image_custom_fields":null,"twitter_title":null,"twitter_description":null,"schema":{"blockGraphs":[],"customGraphs":[],"default":{"data":{"Article":[],"Course":[],"Dataset":[],"FAQPage":[],"Movie":[],"Person":[],"Product":[],"ProductReview":[],"Car":[],"Recipe":[],"Service":[],"SoftwareApplication":[],"WebPage":[]},"graphName":"","isEnabled":true},"graphs":[]},"schema_type":"default","schema_type_options":null,"pillar_content":false,"robots_default":true,"robots_noindex":false,"robots_noarchive":false,"robots_nosnippet":false,"robots_nofollow":false,"robots_noimageindex":false,"robots_noodp":false,"robots_notranslate":false,"robots_max_snippet":null,"robots_max_videopreview":null,"robots_max_imagepreview":"large","priority":null,"frequency":null,"local_seo":null,"limit_modified_date":false,"created":"2026-09-06 22:29:18","updated":"2026-09-06 22:29:18","focus_keyword":null,"additional_keywords":null,"truseo_locale":null,"ai":null,"breadcrumb_settings":null,"seo_analyzer_scan_date":null},"aioseo_breadcrumb":"<div class=\"aioseo-breadcrumbs\"><span class=\"aioseo-breadcrumb\">\n\t\t\t<a href=\"https:\/\/acontecenafronteira.com.br\" title=\"Home\">Home<\/a>\n\t\t<\/span><span class=\"aioseo-breadcrumb-separator\">&raquo;<\/span><span class=\"aioseo-breadcrumb\">\n\t\t\t<a href=\"https:\/\/acontecenafronteira.com.br\/index.php\/category\/parana\/\" title=\"Paran\u00e1\">Paran\u00e1<\/a>\n\t\t<\/span><span class=\"aioseo-breadcrumb-separator\">&raquo;<\/span><span class=\"aioseo-breadcrumb\">\n\t\t\tElei\u00e7\u00f5es no Paran\u00e1: candidatos ao governo intensificam agendas\n\t\t<\/span><\/div>","aioseo_breadcrumb_json":[{"label":"Home","link":"https:\/\/acontecenafronteira.com.br"},{"label":"Paran\u00e1","link":"https:\/\/acontecenafronteira.com.br\/index.php\/category\/parana\/"},{"label":"Elei\u00e7\u00f5es no Paran\u00e1: candidatos ao governo intensificam agendas","link":"https:\/\/acontecenafronteira.com.br\/index.php\/2026\/09\/06\/eleicoes-no-parana-candidatos-ao-governo-intensificam-agendas\/"}],"_links":{"self":[{"href":"https:\/\/acontecenafronteira.com.br\/index.php\/wp-json\/wp\/v2\/posts\/36893","targetHints":{"allow":["GET"]}}],"collection":[{"href":"https:\/\/acontecenafronteira.com.br\/index.php\/wp-json\/wp\/v2\/posts"}],"about":[{"href":"https:\/\/acontecenafronteira.com.br\/index.php\/wp-json\/wp\/v2\/types\/post"}],"replies":[{"embeddable":true,"href":"https:\/\/acontecenafronteira.com.br\/index.php\/wp-json\/wp\/v2\/comments?post=36893"}],"version-history":[{"count":1,"href":"https:\/\/acontecenafronteira.com.br\/index.php\/wp-json\/wp\/v2\/posts\/36893\/revisions"}],"predecessor-version":[{"id":36895,"href":"https:\/\/acontecenafronteira.com.br\/index.php\/wp-json\/wp\/v2\/posts\/36893\/revisions\/36895"}],"wp:featuredmedia":[{"embeddable":true,"href":"https:\/\/acontecenafronteira.com.br\/index.php\/wp-json\/wp\/v2\/media\/36896"}],"wp:attachment":[{"href":"https:\/\/acontecenafronteira.com.br\/index.php\/wp-json\/wp\/v2\/media?parent=36893"}],"wp:term":[{"taxonomy":"category","embeddable":true,"href":"https:\/\/acontecenafronteira.com.br\/index.php\/wp-json\/wp\/v2\/categories?post=36893"},{"taxonomy":"post_tag","embeddable":true,"href":"https:\/\/acontecenafronteira.com.br\/index.php\/wp-json\/wp\/v2\/tags?post=36893"}],"curies":[{"name":"wp","href":"https:\/\/api.w.org\/{rel}","templated":true}]}}