{"id":36886,"date":"2026-09-06T17:37:52","date_gmt":"2026-09-06T20:37:52","guid":{"rendered":"https:\/\/acontecenafronteira.com.br\/?p=36886"},"modified":"2026-09-06T17:37:52","modified_gmt":"2026-09-06T20:37:52","slug":"homem-e-preso-em-onibus-com-drogas-em-petropolis-rj","status":"publish","type":"post","link":"https:\/\/acontecenafronteira.com.br\/index.php\/2026\/09\/06\/homem-e-preso-em-onibus-com-drogas-em-petropolis-rj\/","title":{"rendered":"Homem \u00e9 preso em \u00f4nibus com drogas em Petr\u00f3polis (RJ)"},"content":{"rendered":"<p>Uma opera\u00e7\u00e3o conjunta entre as pol\u00edcias Civil e Militar resultou na pris\u00e3o em flagrante de um homem que transportava uma grande quantidade de entorpecentes dentro de uma mochila, em um \u00f4nibus na Regi\u00e3o Serrana do Rio de Janeiro.<\/p>\n<h2>Apreens\u00e3o recorde de entorpecentes<\/h2>\n<p>O que mais impressionou as autoridades policiais n\u00e3o foi apenas o volume de material il\u00edcito encontrado, mas tamb\u00e9m a enorme variedade de drogas que o suspeito levava consigo durante a viagem de coletivo.<\/p>\n<p>Durante a abordagem realizada na \u00faltima sexta-feira (4\/9), os agentes contabilizaram 1.055 c\u00e1psulas de coca\u00edna, 344 pedras de crack e 145 tiras de maconha.<\/p>\n<h2>Material qu\u00edmico e rota do tr\u00e1fico<\/h2>\n<p>Al\u00e9m das drogas mais comuns, a fiscaliza\u00e7\u00e3o encontrou 104 frascos e um gal\u00e3o contendo aproximadamente cinco litros de &#8220;lol\u00f3&#8221;, l\u00edquido entorpecente altamente perigoso.<\/p>\n<p>A a\u00e7\u00e3o policial ocorreu na Estrada Uni\u00e3o e Ind\u00fastria, situada no distrito de Itaipava, na cidade de Petr\u00f3polis.<\/p>\n<p>Investiga\u00e7\u00f5es pr\u00e9vias apontavam que o indiv\u00edduo trazia o carregamento il\u00edcito com destino final na regi\u00e3o de Posse, o que motivou o planejamento do cerco t\u00e1tico.<\/p>\n<p>No Brasil, o crime de tr\u00e1fico de drogas \u00e9 severamente punido pela legisla\u00e7\u00e3o vigente, com pena prevista de cinco a 15 anos de reclus\u00e3o, conforme estabelece o artigo 33 da Lei de Drogas (Lei n\u00ba 11.343\/2006).<\/p>\n<p>Por Reda\u00e7\u00e3o Acontece<\/p>\n<p>Cr\u00e9ditos da imagem: Divulga\u00e7\u00e3o \/ Pol\u00edcia Civil<\/p>\n","protected":false},"excerpt":{"rendered":"<p>Uma opera\u00e7\u00e3o conjunta entre as pol\u00edcias Civil e Militar resultou na pris\u00e3o em flagrante de um homem que transportava uma grande quantidade de entorpecentes dentro de uma mochila, em um \u00f4nibus na Regi\u00e3o Serrana do Rio de Janeiro. Apreens\u00e3o recorde de entorpecentes O que mais impressionou as autoridades policiais n\u00e3o foi apenas o volume de [&hellip;]<\/p>\n","protected":false},"author":0,"featured_media":36892,"comment_status":"open","ping_status":"open","sticky":false,"template":"","format":"standard","meta":{"_monsterinsights_skip_tracking":false,"_uf_show_specific_survey":0,"_uf_disable_surveys":false,"footnotes":""},"categories":[6],"tags":[],"class_list":["post-36886","post","type-post","status-publish","format-standard","has-post-thumbnail","hentry","category-mercosul"],"aioseo_notices":[],"aioseo_head":"\n\t\t<!-- All in One SEO 5.0.1.1 - aioseo.com -->\n\t<meta name=\"description\" content=\"Uma opera\u00e7\u00e3o conjunta entre as pol\u00edcias Civil e Militar resultou na pris\u00e3o em flagrante de um homem que transportava uma grande quantidade de entorpecentes dentro de uma mochila, em um \u00f4nibus na Regi\u00e3o Serrana do Rio de Janeiro. Apreens\u00e3o recorde de entorpecentes O que mais impressionou as autoridades policiais n\u00e3o foi apenas o volume de\" \/>\n\t<meta name=\"robots\" content=\"max-image-preview:large\" \/>\n\t<link rel=\"canonical\" href=\"https:\/\/acontecenafronteira.com.br\/index.php\/2026\/09\/06\/homem-e-preso-em-onibus-com-drogas-em-petropolis-rj\/\" \/>\n\t<meta name=\"generator\" content=\"All in One SEO (AIOSEO) 5.0.1.1\" \/>\n\t\t<meta property=\"og:locale\" content=\"pt_PT\" \/>\n\t\t<meta property=\"og:site_name\" content=\"Acontece Na Fronteira - Noticias da Triplice Fronteira\" \/>\n\t\t<meta property=\"og:type\" content=\"article\" \/>\n\t\t<meta property=\"og:title\" content=\"Homem \u00e9 preso em \u00f4nibus com drogas em Petr\u00f3polis (RJ) - Acontece Na Fronteira\" \/>\n\t\t<meta property=\"og:description\" content=\"Uma opera\u00e7\u00e3o conjunta entre as pol\u00edcias Civil e Militar resultou na pris\u00e3o em flagrante de um homem que transportava uma grande quantidade de entorpecentes dentro de uma mochila, em um \u00f4nibus na Regi\u00e3o Serrana do Rio de Janeiro. Apreens\u00e3o recorde de entorpecentes O que mais impressionou as autoridades policiais n\u00e3o foi apenas o volume de\" \/>\n\t\t<meta property=\"og:url\" content=\"https:\/\/acontecenafronteira.com.br\/index.php\/2026\/09\/06\/homem-e-preso-em-onibus-com-drogas-em-petropolis-rj\/\" \/>\n\t\t<meta property=\"og:image\" content=\"https:\/\/acontecenafronteira.com.br\/wp-content\/uploads\/2021\/11\/logo-acontece-1.jpg\" \/>\n\t\t<meta property=\"og:image:secure_url\" content=\"https:\/\/acontecenafronteira.com.br\/wp-content\/uploads\/2021\/11\/logo-acontece-1.jpg\" \/>\n\t\t<meta property=\"article:published_time\" content=\"2026-09-06T20:37:52+00:00\" \/>\n\t\t<meta property=\"article:modified_time\" content=\"2026-09-06T20:37:52+00:00\" \/>\n\t\t<meta name=\"twitter:card\" content=\"summary_large_image\" \/>\n\t\t<meta name=\"twitter:title\" content=\"Homem \u00e9 preso em \u00f4nibus com drogas em Petr\u00f3polis (RJ) - Acontece Na Fronteira\" \/>\n\t\t<meta name=\"twitter:description\" content=\"Uma opera\u00e7\u00e3o conjunta entre as pol\u00edcias Civil e Militar resultou na pris\u00e3o em flagrante de um homem que transportava uma grande quantidade de entorpecentes dentro de uma mochila, em um \u00f4nibus na Regi\u00e3o Serrana do Rio de Janeiro. Apreens\u00e3o recorde de entorpecentes O que mais impressionou as autoridades policiais n\u00e3o foi apenas o volume de\" \/>\n\t\t<meta name=\"twitter:image\" content=\"https:\/\/acontecenafronteira.com.br\/wp-content\/uploads\/2021\/11\/logo-acontece-1.jpg\" \/>\n\t\t<script type=\"application\/ld+json\" class=\"aioseo-schema\">\n\t\t\t{\"@context\":\"https:\\\/\\\/schema.org\",\"@graph\":[{\"@type\":\"BlogPosting\",\"@id\":\"https:\\\/\\\/acontecenafronteira.com.br\\\/index.php\\\/2026\\\/09\\\/06\\\/homem-e-preso-em-onibus-com-drogas-em-petropolis-rj\\\/#blogposting\",\"name\":\"Homem \\u00e9 preso em \\u00f4nibus com drogas em Petr\\u00f3polis (RJ) - Acontece Na Fronteira\",\"headline\":\"Homem \\u00e9 preso em \\u00f4nibus com drogas em Petr\\u00f3polis (RJ)\",\"author\":{\"@id\":\"https:\\\/\\\/acontecenafronteira.com.br\\\/index.php\\\/author\\\/#author\"},\"publisher\":{\"@id\":\"https:\\\/\\\/acontecenafronteira.com.br\\\/#organization\"},\"image\":{\"@type\":\"ImageObject\",\"url\":\"https:\\\/\\\/acontecenafronteira.com.br\\\/wp-content\\\/uploads\\\/2026\\\/09\\\/homem-e-preso-em-onibus-com-quantidade-impressionante-de-drogas-na-mochila-1788727071.jpg?v=1788727072\",\"width\":1200,\"height\":800,\"caption\":\"Homem \\u00e9 preso em \\u00f4nibus com quantidade impressionante de drogas na mochila\"},\"datePublished\":\"2026-09-06T17:37:52-03:00\",\"dateModified\":\"2026-09-06T17:37:52-03:00\",\"inLanguage\":\"pt-PT\",\"mainEntityOfPage\":{\"@id\":\"https:\\\/\\\/acontecenafronteira.com.br\\\/index.php\\\/2026\\\/09\\\/06\\\/homem-e-preso-em-onibus-com-drogas-em-petropolis-rj\\\/#webpage\"},\"isPartOf\":{\"@id\":\"https:\\\/\\\/acontecenafronteira.com.br\\\/index.php\\\/2026\\\/09\\\/06\\\/homem-e-preso-em-onibus-com-drogas-em-petropolis-rj\\\/#webpage\"},\"articleSection\":\"Mercosul\"},{\"@type\":\"BreadcrumbList\",\"@id\":\"https:\\\/\\\/acontecenafronteira.com.br\\\/index.php\\\/2026\\\/09\\\/06\\\/homem-e-preso-em-onibus-com-drogas-em-petropolis-rj\\\/#breadcrumblist\",\"itemListElement\":[{\"@type\":\"ListItem\",\"@id\":\"https:\\\/\\\/acontecenafronteira.com.br#listItem\",\"position\":1,\"name\":\"Home\",\"item\":\"https:\\\/\\\/acontecenafronteira.com.br\",\"nextItem\":{\"@type\":\"ListItem\",\"@id\":\"https:\\\/\\\/acontecenafronteira.com.br\\\/index.php\\\/category\\\/mercosul\\\/#listItem\",\"name\":\"Mercosul\"}},{\"@type\":\"ListItem\",\"@id\":\"https:\\\/\\\/acontecenafronteira.com.br\\\/index.php\\\/category\\\/mercosul\\\/#listItem\",\"position\":2,\"name\":\"Mercosul\",\"item\":\"https:\\\/\\\/acontecenafronteira.com.br\\\/index.php\\\/category\\\/mercosul\\\/\",\"nextItem\":{\"@type\":\"ListItem\",\"@id\":\"https:\\\/\\\/acontecenafronteira.com.br\\\/index.php\\\/2026\\\/09\\\/06\\\/homem-e-preso-em-onibus-com-drogas-em-petropolis-rj\\\/#listItem\",\"name\":\"Homem \\u00e9 preso em \\u00f4nibus com drogas em Petr\\u00f3polis (RJ)\"},\"previousItem\":{\"@type\":\"ListItem\",\"@id\":\"https:\\\/\\\/acontecenafronteira.com.br#listItem\",\"name\":\"Home\"}},{\"@type\":\"ListItem\",\"@id\":\"https:\\\/\\\/acontecenafronteira.com.br\\\/index.php\\\/2026\\\/09\\\/06\\\/homem-e-preso-em-onibus-com-drogas-em-petropolis-rj\\\/#listItem\",\"position\":3,\"name\":\"Homem \\u00e9 preso em \\u00f4nibus com drogas em Petr\\u00f3polis (RJ)\",\"previousItem\":{\"@type\":\"ListItem\",\"@id\":\"https:\\\/\\\/acontecenafronteira.com.br\\\/index.php\\\/category\\\/mercosul\\\/#listItem\",\"name\":\"Mercosul\"}}]},{\"@type\":\"Organization\",\"@id\":\"https:\\\/\\\/acontecenafronteira.com.br\\\/#organization\",\"name\":\"Acontece Na Fronteira\",\"description\":\"Noticias da Triplice Fronteira\",\"url\":\"https:\\\/\\\/acontecenafronteira.com.br\\\/\",\"logo\":{\"@type\":\"ImageObject\",\"url\":\"https:\\\/\\\/acontecenafronteira.com.br\\\/wp-content\\\/uploads\\\/2021\\\/11\\\/logo-acontece-1.jpg\",\"@id\":\"https:\\\/\\\/acontecenafronteira.com.br\\\/index.php\\\/2026\\\/09\\\/06\\\/homem-e-preso-em-onibus-com-drogas-em-petropolis-rj\\\/#organizationLogo\",\"width\":519,\"height\":134},\"image\":{\"@id\":\"https:\\\/\\\/acontecenafronteira.com.br\\\/index.php\\\/2026\\\/09\\\/06\\\/homem-e-preso-em-onibus-com-drogas-em-petropolis-rj\\\/#organizationLogo\"}},{\"@type\":\"WebPage\",\"@id\":\"https:\\\/\\\/acontecenafronteira.com.br\\\/index.php\\\/2026\\\/09\\\/06\\\/homem-e-preso-em-onibus-com-drogas-em-petropolis-rj\\\/#webpage\",\"url\":\"https:\\\/\\\/acontecenafronteira.com.br\\\/index.php\\\/2026\\\/09\\\/06\\\/homem-e-preso-em-onibus-com-drogas-em-petropolis-rj\\\/\",\"name\":\"Homem \\u00e9 preso em \\u00f4nibus com drogas em Petr\\u00f3polis (RJ) - Acontece Na Fronteira\",\"description\":\"Uma opera\\u00e7\\u00e3o conjunta entre as pol\\u00edcias Civil e Militar resultou na pris\\u00e3o em flagrante de um homem que transportava uma grande quantidade de entorpecentes dentro de uma mochila, em um \\u00f4nibus na Regi\\u00e3o Serrana do Rio de Janeiro. Apreens\\u00e3o recorde de entorpecentes O que mais impressionou as autoridades policiais n\\u00e3o foi apenas o volume de\",\"inLanguage\":\"pt-PT\",\"isPartOf\":{\"@id\":\"https:\\\/\\\/acontecenafronteira.com.br\\\/#website\"},\"breadcrumb\":{\"@id\":\"https:\\\/\\\/acontecenafronteira.com.br\\\/index.php\\\/2026\\\/09\\\/06\\\/homem-e-preso-em-onibus-com-drogas-em-petropolis-rj\\\/#breadcrumblist\"},\"author\":{\"@id\":\"https:\\\/\\\/acontecenafronteira.com.br\\\/index.php\\\/author\\\/#author\"},\"creator\":{\"@id\":\"https:\\\/\\\/acontecenafronteira.com.br\\\/index.php\\\/author\\\/#author\"},\"image\":{\"@type\":\"ImageObject\",\"url\":\"https:\\\/\\\/acontecenafronteira.com.br\\\/wp-content\\\/uploads\\\/2026\\\/09\\\/homem-e-preso-em-onibus-com-quantidade-impressionante-de-drogas-na-mochila-1788727071.jpg?v=1788727072\",\"@id\":\"https:\\\/\\\/acontecenafronteira.com.br\\\/index.php\\\/2026\\\/09\\\/06\\\/homem-e-preso-em-onibus-com-drogas-em-petropolis-rj\\\/#mainImage\",\"width\":1200,\"height\":800,\"caption\":\"Homem \\u00e9 preso em \\u00f4nibus com quantidade impressionante de drogas na mochila\"},\"primaryImageOfPage\":{\"@id\":\"https:\\\/\\\/acontecenafronteira.com.br\\\/index.php\\\/2026\\\/09\\\/06\\\/homem-e-preso-em-onibus-com-drogas-em-petropolis-rj\\\/#mainImage\"},\"datePublished\":\"2026-09-06T17:37:52-03:00\",\"dateModified\":\"2026-09-06T17:37:52-03:00\"},{\"@type\":\"WebSite\",\"@id\":\"https:\\\/\\\/acontecenafronteira.com.br\\\/#website\",\"url\":\"https:\\\/\\\/acontecenafronteira.com.br\\\/\",\"name\":\"Acontece Na Fronteira\",\"description\":\"Noticias da Triplice Fronteira\",\"inLanguage\":\"pt-PT\",\"publisher\":{\"@id\":\"https:\\\/\\\/acontecenafronteira.com.br\\\/#organization\"}}]}\n\t\t<\/script>\n\t\t<!-- All in One SEO -->\n\n","aioseo_head_json":{"title":"Homem \u00e9 preso em \u00f4nibus com drogas em Petr\u00f3polis (RJ) - Acontece Na Fronteira","description":"Uma opera\u00e7\u00e3o conjunta entre as pol\u00edcias Civil e Militar resultou na pris\u00e3o em flagrante de um homem que transportava uma grande quantidade de entorpecentes dentro de uma mochila, em um \u00f4nibus na Regi\u00e3o Serrana do Rio de Janeiro. Apreens\u00e3o recorde de entorpecentes O que mais impressionou as autoridades policiais n\u00e3o foi apenas o volume de","canonical_url":"https:\/\/acontecenafronteira.com.br\/index.php\/2026\/09\/06\/homem-e-preso-em-onibus-com-drogas-em-petropolis-rj\/","robots":"max-image-preview:large","keywords":"","webmasterTools":{"miscellaneous":""},"schema":{"@context":"https:\/\/schema.org","@graph":[{"@type":"BlogPosting","@id":"https:\/\/acontecenafronteira.com.br\/index.php\/2026\/09\/06\/homem-e-preso-em-onibus-com-drogas-em-petropolis-rj\/#blogposting","name":"Homem \u00e9 preso em \u00f4nibus com drogas em Petr\u00f3polis (RJ) - Acontece Na Fronteira","headline":"Homem \u00e9 preso em \u00f4nibus com drogas em Petr\u00f3polis (RJ)","author":{"@id":"https:\/\/acontecenafronteira.com.br\/index.php\/author\/#author"},"publisher":{"@id":"https:\/\/acontecenafronteira.com.br\/#organization"},"image":{"@type":"ImageObject","url":"https:\/\/acontecenafronteira.com.br\/wp-content\/uploads\/2026\/09\/homem-e-preso-em-onibus-com-quantidade-impressionante-de-drogas-na-mochila-1788727071.jpg?v=1788727072","width":1200,"height":800,"caption":"Homem \u00e9 preso em \u00f4nibus com quantidade impressionante de drogas na mochila"},"datePublished":"2026-09-06T17:37:52-03:00","dateModified":"2026-09-06T17:37:52-03:00","inLanguage":"pt-PT","mainEntityOfPage":{"@id":"https:\/\/acontecenafronteira.com.br\/index.php\/2026\/09\/06\/homem-e-preso-em-onibus-com-drogas-em-petropolis-rj\/#webpage"},"isPartOf":{"@id":"https:\/\/acontecenafronteira.com.br\/index.php\/2026\/09\/06\/homem-e-preso-em-onibus-com-drogas-em-petropolis-rj\/#webpage"},"articleSection":"Mercosul"},{"@type":"BreadcrumbList","@id":"https:\/\/acontecenafronteira.com.br\/index.php\/2026\/09\/06\/homem-e-preso-em-onibus-com-drogas-em-petropolis-rj\/#breadcrumblist","itemListElement":[{"@type":"ListItem","@id":"https:\/\/acontecenafronteira.com.br#listItem","position":1,"name":"Home","item":"https:\/\/acontecenafronteira.com.br","nextItem":{"@type":"ListItem","@id":"https:\/\/acontecenafronteira.com.br\/index.php\/category\/mercosul\/#listItem","name":"Mercosul"}},{"@type":"ListItem","@id":"https:\/\/acontecenafronteira.com.br\/index.php\/category\/mercosul\/#listItem","position":2,"name":"Mercosul","item":"https:\/\/acontecenafronteira.com.br\/index.php\/category\/mercosul\/","nextItem":{"@type":"ListItem","@id":"https:\/\/acontecenafronteira.com.br\/index.php\/2026\/09\/06\/homem-e-preso-em-onibus-com-drogas-em-petropolis-rj\/#listItem","name":"Homem \u00e9 preso em \u00f4nibus com drogas em Petr\u00f3polis (RJ)"},"previousItem":{"@type":"ListItem","@id":"https:\/\/acontecenafronteira.com.br#listItem","name":"Home"}},{"@type":"ListItem","@id":"https:\/\/acontecenafronteira.com.br\/index.php\/2026\/09\/06\/homem-e-preso-em-onibus-com-drogas-em-petropolis-rj\/#listItem","position":3,"name":"Homem \u00e9 preso em \u00f4nibus com drogas em Petr\u00f3polis (RJ)","previousItem":{"@type":"ListItem","@id":"https:\/\/acontecenafronteira.com.br\/index.php\/category\/mercosul\/#listItem","name":"Mercosul"}}]},{"@type":"Organization","@id":"https:\/\/acontecenafronteira.com.br\/#organization","name":"Acontece Na Fronteira","description":"Noticias da Triplice Fronteira","url":"https:\/\/acontecenafronteira.com.br\/","logo":{"@type":"ImageObject","url":"https:\/\/acontecenafronteira.com.br\/wp-content\/uploads\/2021\/11\/logo-acontece-1.jpg","@id":"https:\/\/acontecenafronteira.com.br\/index.php\/2026\/09\/06\/homem-e-preso-em-onibus-com-drogas-em-petropolis-rj\/#organizationLogo","width":519,"height":134},"image":{"@id":"https:\/\/acontecenafronteira.com.br\/index.php\/2026\/09\/06\/homem-e-preso-em-onibus-com-drogas-em-petropolis-rj\/#organizationLogo"}},{"@type":"WebPage","@id":"https:\/\/acontecenafronteira.com.br\/index.php\/2026\/09\/06\/homem-e-preso-em-onibus-com-drogas-em-petropolis-rj\/#webpage","url":"https:\/\/acontecenafronteira.com.br\/index.php\/2026\/09\/06\/homem-e-preso-em-onibus-com-drogas-em-petropolis-rj\/","name":"Homem \u00e9 preso em \u00f4nibus com drogas em Petr\u00f3polis (RJ) - Acontece Na Fronteira","description":"Uma opera\u00e7\u00e3o conjunta entre as pol\u00edcias Civil e Militar resultou na pris\u00e3o em flagrante de um homem que transportava uma grande quantidade de entorpecentes dentro de uma mochila, em um \u00f4nibus na Regi\u00e3o Serrana do Rio de Janeiro. Apreens\u00e3o recorde de entorpecentes O que mais impressionou as autoridades policiais n\u00e3o foi apenas o volume de","inLanguage":"pt-PT","isPartOf":{"@id":"https:\/\/acontecenafronteira.com.br\/#website"},"breadcrumb":{"@id":"https:\/\/acontecenafronteira.com.br\/index.php\/2026\/09\/06\/homem-e-preso-em-onibus-com-drogas-em-petropolis-rj\/#breadcrumblist"},"author":{"@id":"https:\/\/acontecenafronteira.com.br\/index.php\/author\/#author"},"creator":{"@id":"https:\/\/acontecenafronteira.com.br\/index.php\/author\/#author"},"image":{"@type":"ImageObject","url":"https:\/\/acontecenafronteira.com.br\/wp-content\/uploads\/2026\/09\/homem-e-preso-em-onibus-com-quantidade-impressionante-de-drogas-na-mochila-1788727071.jpg?v=1788727072","@id":"https:\/\/acontecenafronteira.com.br\/index.php\/2026\/09\/06\/homem-e-preso-em-onibus-com-drogas-em-petropolis-rj\/#mainImage","width":1200,"height":800,"caption":"Homem \u00e9 preso em \u00f4nibus com quantidade impressionante de drogas na mochila"},"primaryImageOfPage":{"@id":"https:\/\/acontecenafronteira.com.br\/index.php\/2026\/09\/06\/homem-e-preso-em-onibus-com-drogas-em-petropolis-rj\/#mainImage"},"datePublished":"2026-09-06T17:37:52-03:00","dateModified":"2026-09-06T17:37:52-03:00"},{"@type":"WebSite","@id":"https:\/\/acontecenafronteira.com.br\/#website","url":"https:\/\/acontecenafronteira.com.br\/","name":"Acontece Na Fronteira","description":"Noticias da Triplice Fronteira","inLanguage":"pt-PT","publisher":{"@id":"https:\/\/acontecenafronteira.com.br\/#organization"}}]},"og:locale":"pt_PT","og:site_name":"Acontece Na Fronteira - Noticias da Triplice Fronteira","og:type":"article","og:title":"Homem \u00e9 preso em \u00f4nibus com drogas em Petr\u00f3polis (RJ) - Acontece Na Fronteira","og:description":"Uma opera\u00e7\u00e3o conjunta entre as pol\u00edcias Civil e Militar resultou na pris\u00e3o em flagrante de um homem que transportava uma grande quantidade de entorpecentes dentro de uma mochila, em um \u00f4nibus na Regi\u00e3o Serrana do Rio de Janeiro. Apreens\u00e3o recorde de entorpecentes O que mais impressionou as autoridades policiais n\u00e3o foi apenas o volume de","og:url":"https:\/\/acontecenafronteira.com.br\/index.php\/2026\/09\/06\/homem-e-preso-em-onibus-com-drogas-em-petropolis-rj\/","og:image":"https:\/\/acontecenafronteira.com.br\/wp-content\/uploads\/2021\/11\/logo-acontece-1.jpg","og:image:secure_url":"https:\/\/acontecenafronteira.com.br\/wp-content\/uploads\/2021\/11\/logo-acontece-1.jpg","article:published_time":"2026-09-06T20:37:52+00:00","article:modified_time":"2026-09-06T20:37:52+00:00","twitter:card":"summary_large_image","twitter:title":"Homem \u00e9 preso em \u00f4nibus com drogas em Petr\u00f3polis (RJ) - Acontece Na Fronteira","twitter:description":"Uma opera\u00e7\u00e3o conjunta entre as pol\u00edcias Civil e Militar resultou na pris\u00e3o em flagrante de um homem que transportava uma grande quantidade de entorpecentes dentro de uma mochila, em um \u00f4nibus na Regi\u00e3o Serrana do Rio de Janeiro. Apreens\u00e3o recorde de entorpecentes O que mais impressionou as autoridades policiais n\u00e3o foi apenas o volume de","twitter:image":"https:\/\/acontecenafronteira.com.br\/wp-content\/uploads\/2021\/11\/logo-acontece-1.jpg"},"aioseo_meta_data":[],"aioseo_breadcrumb":"<div class=\"aioseo-breadcrumbs\"><span class=\"aioseo-breadcrumb\">\n\t\t\t<a href=\"https:\/\/acontecenafronteira.com.br\" title=\"Home\">Home<\/a>\n\t\t<\/span><span class=\"aioseo-breadcrumb-separator\">&raquo;<\/span><span class=\"aioseo-breadcrumb\">\n\t\t\t<a href=\"https:\/\/acontecenafronteira.com.br\/index.php\/category\/mercosul\/\" title=\"Mercosul\">Mercosul<\/a>\n\t\t<\/span><span class=\"aioseo-breadcrumb-separator\">&raquo;<\/span><span class=\"aioseo-breadcrumb\">\n\t\t\tHomem \u00e9 preso em \u00f4nibus com drogas em Petr\u00f3polis (RJ)\n\t\t<\/span><\/div>","aioseo_breadcrumb_json":[{"label":"Home","link":"https:\/\/acontecenafronteira.com.br"},{"label":"Mercosul","link":"https:\/\/acontecenafronteira.com.br\/index.php\/category\/mercosul\/"},{"label":"Homem \u00e9 preso em \u00f4nibus com drogas em Petr\u00f3polis (RJ)","link":"https:\/\/acontecenafronteira.com.br\/index.php\/2026\/09\/06\/homem-e-preso-em-onibus-com-drogas-em-petropolis-rj\/"}],"_links":{"self":[{"href":"https:\/\/acontecenafronteira.com.br\/index.php\/wp-json\/wp\/v2\/posts\/36886","targetHints":{"allow":["GET"]}}],"collection":[{"href":"https:\/\/acontecenafronteira.com.br\/index.php\/wp-json\/wp\/v2\/posts"}],"about":[{"href":"https:\/\/acontecenafronteira.com.br\/index.php\/wp-json\/wp\/v2\/types\/post"}],"replies":[{"embeddable":true,"href":"https:\/\/acontecenafronteira.com.br\/index.php\/wp-json\/wp\/v2\/comments?post=36886"}],"version-history":[{"count":1,"href":"https:\/\/acontecenafronteira.com.br\/index.php\/wp-json\/wp\/v2\/posts\/36886\/revisions"}],"predecessor-version":[{"id":36891,"href":"https:\/\/acontecenafronteira.com.br\/index.php\/wp-json\/wp\/v2\/posts\/36886\/revisions\/36891"}],"wp:featuredmedia":[{"embeddable":true,"href":"https:\/\/acontecenafronteira.com.br\/index.php\/wp-json\/wp\/v2\/media\/36892"}],"wp:attachment":[{"href":"https:\/\/acontecenafronteira.com.br\/index.php\/wp-json\/wp\/v2\/media?parent=36886"}],"wp:term":[{"taxonomy":"category","embeddable":true,"href":"https:\/\/acontecenafronteira.com.br\/index.php\/wp-json\/wp\/v2\/categories?post=36886"},{"taxonomy":"post_tag","embeddable":true,"href":"https:\/\/acontecenafronteira.com.br\/index.php\/wp-json\/wp\/v2\/tags?post=36886"}],"curies":[{"name":"wp","href":"https:\/\/api.w.org\/{rel}","templated":true}]}}