{"id":36875,"date":"2026-09-06T17:36:44","date_gmt":"2026-09-06T20:36:44","guid":{"rendered":"https:\/\/acontecenafronteira.com.br\/?p=36875"},"modified":"2026-09-06T17:36:44","modified_gmt":"2026-09-06T20:36:44","slug":"justica-eleitoral-garante-direito-de-resposta-no-parana","status":"publish","type":"post","link":"https:\/\/acontecenafronteira.com.br\/index.php\/2026\/09\/06\/justica-eleitoral-garante-direito-de-resposta-no-parana\/","title":{"rendered":"Justi\u00e7a Eleitoral garante direito de resposta no Paran\u00e1"},"content":{"rendered":"<p>A Justi\u00e7a Eleitoral concedeu o direito de resposta a um candidato ap\u00f3s a exibi\u00e7\u00e3o de uma propaganda pol\u00edtica considerada descontextualizada por meio de montagem em inser\u00e7\u00f5es veiculadas na televis\u00e3o e nas redes sociais.<\/p>\n<h2>Entenda a decis\u00e3o judicial no Paran\u00e1<\/h2>\n<p>A medida foi decretada ap\u00f3s a constata\u00e7\u00e3o de que a pe\u00e7a publicit\u00e1ria utilizou trechos de declara\u00e7\u00f5es de momentos e contextos totalmente diferentes para sugerir semelhan\u00e7as comportamentais e pol\u00edticas.<\/p>\n<p>A defesa argumentou que a edi\u00e7\u00e3o da campanha advers\u00e1ria uniu fatos separados para construir uma narrativa prejudicial e agressiva, ultrapassando os limites da liberdade de express\u00e3o e da cr\u00edtica pol\u00edtica aceit\u00e1vel no per\u00edodo eleitoral.<\/p>\n<h3>Impacto das regras eleitorais na propaganda<\/h3>\n<p>O magistrado respons\u00e1vel pelo caso ressaltou que a legisla\u00e7\u00e3o permite o uso de falas anteriores e o confronto de ideias entre concorrentes, mas veda expressamente o uso de artif\u00edcios de edi\u00e7\u00e3o que distor\u00e7am a realidade dos fatos apresentados aos eleitores.<\/p>\n<p>Como consequ\u00eancia da decis\u00e3o, a coliga\u00e7\u00e3o respons\u00e1vel pela pe\u00e7a contestada foi condenada a ceder tempo de inser\u00e7\u00e3o para a resposta oficial, al\u00e9m de arcar com a publica\u00e7\u00e3o nos canais digitais oficiais e multas em caso de descumprimento.<\/p>\n<p>Por Reda\u00e7\u00e3o Acontece<\/p>\n<p>Imagem: Divulga\u00e7\u00e3o \/ Tribunal Regional Eleitoral<\/p>\n","protected":false},"excerpt":{"rendered":"<p>A Justi\u00e7a Eleitoral concedeu o direito de resposta a um candidato ap\u00f3s a exibi\u00e7\u00e3o de uma propaganda pol\u00edtica considerada descontextualizada por meio de montagem em inser\u00e7\u00f5es veiculadas na televis\u00e3o e nas redes sociais. Entenda a decis\u00e3o judicial no Paran\u00e1 A medida foi decretada ap\u00f3s a constata\u00e7\u00e3o de que a pe\u00e7a publicit\u00e1ria utilizou trechos de declara\u00e7\u00f5es [&hellip;]<\/p>\n","protected":false},"author":0,"featured_media":36884,"comment_status":"open","ping_status":"open","sticky":false,"template":"","format":"standard","meta":{"_monsterinsights_skip_tracking":false,"_uf_show_specific_survey":0,"_uf_disable_surveys":false,"footnotes":""},"categories":[28],"tags":[],"class_list":["post-36875","post","type-post","status-publish","format-standard","has-post-thumbnail","hentry","category-mundo"],"aioseo_notices":[],"aioseo_head":"\n\t\t<!-- All in One SEO 5.0.1.1 - aioseo.com -->\n\t<meta name=\"description\" content=\"A Justi\u00e7a Eleitoral concedeu o direito de resposta a um candidato ap\u00f3s a exibi\u00e7\u00e3o de uma propaganda pol\u00edtica considerada descontextualizada por meio de montagem em inser\u00e7\u00f5es veiculadas na televis\u00e3o e nas redes sociais. Entenda a decis\u00e3o judicial no Paran\u00e1 A medida foi decretada ap\u00f3s a constata\u00e7\u00e3o de que a pe\u00e7a publicit\u00e1ria utilizou trechos de declara\u00e7\u00f5es\" \/>\n\t<meta name=\"robots\" content=\"max-image-preview:large\" \/>\n\t<link rel=\"canonical\" href=\"https:\/\/acontecenafronteira.com.br\/index.php\/2026\/09\/06\/justica-eleitoral-garante-direito-de-resposta-no-parana\/\" \/>\n\t<meta name=\"generator\" content=\"All in One SEO (AIOSEO) 5.0.1.1\" \/>\n\t\t<meta property=\"og:locale\" content=\"pt_PT\" \/>\n\t\t<meta property=\"og:site_name\" content=\"Acontece Na Fronteira - Noticias da Triplice Fronteira\" \/>\n\t\t<meta property=\"og:type\" content=\"article\" \/>\n\t\t<meta property=\"og:title\" content=\"Justi\u00e7a Eleitoral garante direito de resposta no Paran\u00e1 - Acontece Na Fronteira\" \/>\n\t\t<meta property=\"og:description\" content=\"A Justi\u00e7a Eleitoral concedeu o direito de resposta a um candidato ap\u00f3s a exibi\u00e7\u00e3o de uma propaganda pol\u00edtica considerada descontextualizada por meio de montagem em inser\u00e7\u00f5es veiculadas na televis\u00e3o e nas redes sociais. Entenda a decis\u00e3o judicial no Paran\u00e1 A medida foi decretada ap\u00f3s a constata\u00e7\u00e3o de que a pe\u00e7a publicit\u00e1ria utilizou trechos de declara\u00e7\u00f5es\" \/>\n\t\t<meta property=\"og:url\" content=\"https:\/\/acontecenafronteira.com.br\/index.php\/2026\/09\/06\/justica-eleitoral-garante-direito-de-resposta-no-parana\/\" \/>\n\t\t<meta property=\"og:image\" content=\"https:\/\/acontecenafronteira.com.br\/wp-content\/uploads\/2021\/11\/logo-acontece-1.jpg\" \/>\n\t\t<meta property=\"og:image:secure_url\" content=\"https:\/\/acontecenafronteira.com.br\/wp-content\/uploads\/2021\/11\/logo-acontece-1.jpg\" \/>\n\t\t<meta property=\"article:published_time\" content=\"2026-09-06T20:36:44+00:00\" \/>\n\t\t<meta property=\"article:modified_time\" content=\"2026-09-06T20:36:44+00:00\" \/>\n\t\t<meta name=\"twitter:card\" content=\"summary_large_image\" \/>\n\t\t<meta name=\"twitter:title\" content=\"Justi\u00e7a Eleitoral garante direito de resposta no Paran\u00e1 - Acontece Na Fronteira\" \/>\n\t\t<meta name=\"twitter:description\" content=\"A Justi\u00e7a Eleitoral concedeu o direito de resposta a um candidato ap\u00f3s a exibi\u00e7\u00e3o de uma propaganda pol\u00edtica considerada descontextualizada por meio de montagem em inser\u00e7\u00f5es veiculadas na televis\u00e3o e nas redes sociais. Entenda a decis\u00e3o judicial no Paran\u00e1 A medida foi decretada ap\u00f3s a constata\u00e7\u00e3o de que a pe\u00e7a publicit\u00e1ria utilizou trechos de declara\u00e7\u00f5es\" \/>\n\t\t<meta name=\"twitter:image\" content=\"https:\/\/acontecenafronteira.com.br\/wp-content\/uploads\/2021\/11\/logo-acontece-1.jpg\" \/>\n\t\t<script type=\"application\/ld+json\" class=\"aioseo-schema\">\n\t\t\t{\"@context\":\"https:\\\/\\\/schema.org\",\"@graph\":[{\"@type\":\"BlogPosting\",\"@id\":\"https:\\\/\\\/acontecenafronteira.com.br\\\/index.php\\\/2026\\\/09\\\/06\\\/justica-eleitoral-garante-direito-de-resposta-no-parana\\\/#blogposting\",\"name\":\"Justi\\u00e7a Eleitoral garante direito de resposta no Paran\\u00e1 - Acontece Na Fronteira\",\"headline\":\"Justi\\u00e7a Eleitoral garante direito de resposta no Paran\\u00e1\",\"author\":{\"@id\":\"https:\\\/\\\/acontecenafronteira.com.br\\\/index.php\\\/author\\\/#author\"},\"publisher\":{\"@id\":\"https:\\\/\\\/acontecenafronteira.com.br\\\/#organization\"},\"image\":{\"@type\":\"ImageObject\",\"url\":\"https:\\\/\\\/acontecenafronteira.com.br\\\/wp-content\\\/uploads\\\/2026\\\/09\\\/no-ceara-justica-da-direito-de-resposta-a-ciro-por-propaganda-na-qual-elmano-o-associa-a-jair-bolsonaro-1788727003.jpg?v=1788727004\",\"width\":1200,\"height\":721,\"caption\":\"No Cear\\u00e1, Justi\\u00e7a d\\u00e1 direito de resposta a Ciro por propaganda na qual Elmano o associa a Jair Bolsonaro\"},\"datePublished\":\"2026-09-06T17:36:44-03:00\",\"dateModified\":\"2026-09-06T17:36:44-03:00\",\"inLanguage\":\"pt-PT\",\"mainEntityOfPage\":{\"@id\":\"https:\\\/\\\/acontecenafronteira.com.br\\\/index.php\\\/2026\\\/09\\\/06\\\/justica-eleitoral-garante-direito-de-resposta-no-parana\\\/#webpage\"},\"isPartOf\":{\"@id\":\"https:\\\/\\\/acontecenafronteira.com.br\\\/index.php\\\/2026\\\/09\\\/06\\\/justica-eleitoral-garante-direito-de-resposta-no-parana\\\/#webpage\"},\"articleSection\":\"Mundo\"},{\"@type\":\"BreadcrumbList\",\"@id\":\"https:\\\/\\\/acontecenafronteira.com.br\\\/index.php\\\/2026\\\/09\\\/06\\\/justica-eleitoral-garante-direito-de-resposta-no-parana\\\/#breadcrumblist\",\"itemListElement\":[{\"@type\":\"ListItem\",\"@id\":\"https:\\\/\\\/acontecenafronteira.com.br#listItem\",\"position\":1,\"name\":\"Home\",\"item\":\"https:\\\/\\\/acontecenafronteira.com.br\",\"nextItem\":{\"@type\":\"ListItem\",\"@id\":\"https:\\\/\\\/acontecenafronteira.com.br\\\/index.php\\\/category\\\/mundo\\\/#listItem\",\"name\":\"Mundo\"}},{\"@type\":\"ListItem\",\"@id\":\"https:\\\/\\\/acontecenafronteira.com.br\\\/index.php\\\/category\\\/mundo\\\/#listItem\",\"position\":2,\"name\":\"Mundo\",\"item\":\"https:\\\/\\\/acontecenafronteira.com.br\\\/index.php\\\/category\\\/mundo\\\/\",\"nextItem\":{\"@type\":\"ListItem\",\"@id\":\"https:\\\/\\\/acontecenafronteira.com.br\\\/index.php\\\/2026\\\/09\\\/06\\\/justica-eleitoral-garante-direito-de-resposta-no-parana\\\/#listItem\",\"name\":\"Justi\\u00e7a Eleitoral garante direito de resposta no Paran\\u00e1\"},\"previousItem\":{\"@type\":\"ListItem\",\"@id\":\"https:\\\/\\\/acontecenafronteira.com.br#listItem\",\"name\":\"Home\"}},{\"@type\":\"ListItem\",\"@id\":\"https:\\\/\\\/acontecenafronteira.com.br\\\/index.php\\\/2026\\\/09\\\/06\\\/justica-eleitoral-garante-direito-de-resposta-no-parana\\\/#listItem\",\"position\":3,\"name\":\"Justi\\u00e7a Eleitoral garante direito de resposta no Paran\\u00e1\",\"previousItem\":{\"@type\":\"ListItem\",\"@id\":\"https:\\\/\\\/acontecenafronteira.com.br\\\/index.php\\\/category\\\/mundo\\\/#listItem\",\"name\":\"Mundo\"}}]},{\"@type\":\"Organization\",\"@id\":\"https:\\\/\\\/acontecenafronteira.com.br\\\/#organization\",\"name\":\"Acontece Na Fronteira\",\"description\":\"Noticias da Triplice Fronteira\",\"url\":\"https:\\\/\\\/acontecenafronteira.com.br\\\/\",\"logo\":{\"@type\":\"ImageObject\",\"url\":\"https:\\\/\\\/acontecenafronteira.com.br\\\/wp-content\\\/uploads\\\/2021\\\/11\\\/logo-acontece-1.jpg\",\"@id\":\"https:\\\/\\\/acontecenafronteira.com.br\\\/index.php\\\/2026\\\/09\\\/06\\\/justica-eleitoral-garante-direito-de-resposta-no-parana\\\/#organizationLogo\",\"width\":519,\"height\":134},\"image\":{\"@id\":\"https:\\\/\\\/acontecenafronteira.com.br\\\/index.php\\\/2026\\\/09\\\/06\\\/justica-eleitoral-garante-direito-de-resposta-no-parana\\\/#organizationLogo\"}},{\"@type\":\"WebPage\",\"@id\":\"https:\\\/\\\/acontecenafronteira.com.br\\\/index.php\\\/2026\\\/09\\\/06\\\/justica-eleitoral-garante-direito-de-resposta-no-parana\\\/#webpage\",\"url\":\"https:\\\/\\\/acontecenafronteira.com.br\\\/index.php\\\/2026\\\/09\\\/06\\\/justica-eleitoral-garante-direito-de-resposta-no-parana\\\/\",\"name\":\"Justi\\u00e7a Eleitoral garante direito de resposta no Paran\\u00e1 - Acontece Na Fronteira\",\"description\":\"A Justi\\u00e7a Eleitoral concedeu o direito de resposta a um candidato ap\\u00f3s a exibi\\u00e7\\u00e3o de uma propaganda pol\\u00edtica considerada descontextualizada por meio de montagem em inser\\u00e7\\u00f5es veiculadas na televis\\u00e3o e nas redes sociais. Entenda a decis\\u00e3o judicial no Paran\\u00e1 A medida foi decretada ap\\u00f3s a constata\\u00e7\\u00e3o de que a pe\\u00e7a publicit\\u00e1ria utilizou trechos de declara\\u00e7\\u00f5es\",\"inLanguage\":\"pt-PT\",\"isPartOf\":{\"@id\":\"https:\\\/\\\/acontecenafronteira.com.br\\\/#website\"},\"breadcrumb\":{\"@id\":\"https:\\\/\\\/acontecenafronteira.com.br\\\/index.php\\\/2026\\\/09\\\/06\\\/justica-eleitoral-garante-direito-de-resposta-no-parana\\\/#breadcrumblist\"},\"author\":{\"@id\":\"https:\\\/\\\/acontecenafronteira.com.br\\\/index.php\\\/author\\\/#author\"},\"creator\":{\"@id\":\"https:\\\/\\\/acontecenafronteira.com.br\\\/index.php\\\/author\\\/#author\"},\"image\":{\"@type\":\"ImageObject\",\"url\":\"https:\\\/\\\/acontecenafronteira.com.br\\\/wp-content\\\/uploads\\\/2026\\\/09\\\/no-ceara-justica-da-direito-de-resposta-a-ciro-por-propaganda-na-qual-elmano-o-associa-a-jair-bolsonaro-1788727003.jpg?v=1788727004\",\"@id\":\"https:\\\/\\\/acontecenafronteira.com.br\\\/index.php\\\/2026\\\/09\\\/06\\\/justica-eleitoral-garante-direito-de-resposta-no-parana\\\/#mainImage\",\"width\":1200,\"height\":721,\"caption\":\"No Cear\\u00e1, Justi\\u00e7a d\\u00e1 direito de resposta a Ciro por propaganda na qual Elmano o associa a Jair Bolsonaro\"},\"primaryImageOfPage\":{\"@id\":\"https:\\\/\\\/acontecenafronteira.com.br\\\/index.php\\\/2026\\\/09\\\/06\\\/justica-eleitoral-garante-direito-de-resposta-no-parana\\\/#mainImage\"},\"datePublished\":\"2026-09-06T17:36:44-03:00\",\"dateModified\":\"2026-09-06T17:36:44-03:00\"},{\"@type\":\"WebSite\",\"@id\":\"https:\\\/\\\/acontecenafronteira.com.br\\\/#website\",\"url\":\"https:\\\/\\\/acontecenafronteira.com.br\\\/\",\"name\":\"Acontece Na Fronteira\",\"description\":\"Noticias da Triplice Fronteira\",\"inLanguage\":\"pt-PT\",\"publisher\":{\"@id\":\"https:\\\/\\\/acontecenafronteira.com.br\\\/#organization\"}}]}\n\t\t<\/script>\n\t\t<!-- All in One SEO -->\n\n","aioseo_head_json":{"title":"Justi\u00e7a Eleitoral garante direito de resposta no Paran\u00e1 - Acontece Na Fronteira","description":"A Justi\u00e7a Eleitoral concedeu o direito de resposta a um candidato ap\u00f3s a exibi\u00e7\u00e3o de uma propaganda pol\u00edtica considerada descontextualizada por meio de montagem em inser\u00e7\u00f5es veiculadas na televis\u00e3o e nas redes sociais. Entenda a decis\u00e3o judicial no Paran\u00e1 A medida foi decretada ap\u00f3s a constata\u00e7\u00e3o de que a pe\u00e7a publicit\u00e1ria utilizou trechos de declara\u00e7\u00f5es","canonical_url":"https:\/\/acontecenafronteira.com.br\/index.php\/2026\/09\/06\/justica-eleitoral-garante-direito-de-resposta-no-parana\/","robots":"max-image-preview:large","keywords":"","webmasterTools":{"miscellaneous":""},"schema":{"@context":"https:\/\/schema.org","@graph":[{"@type":"BlogPosting","@id":"https:\/\/acontecenafronteira.com.br\/index.php\/2026\/09\/06\/justica-eleitoral-garante-direito-de-resposta-no-parana\/#blogposting","name":"Justi\u00e7a Eleitoral garante direito de resposta no Paran\u00e1 - Acontece Na Fronteira","headline":"Justi\u00e7a Eleitoral garante direito de resposta no Paran\u00e1","author":{"@id":"https:\/\/acontecenafronteira.com.br\/index.php\/author\/#author"},"publisher":{"@id":"https:\/\/acontecenafronteira.com.br\/#organization"},"image":{"@type":"ImageObject","url":"https:\/\/acontecenafronteira.com.br\/wp-content\/uploads\/2026\/09\/no-ceara-justica-da-direito-de-resposta-a-ciro-por-propaganda-na-qual-elmano-o-associa-a-jair-bolsonaro-1788727003.jpg?v=1788727004","width":1200,"height":721,"caption":"No Cear\u00e1, Justi\u00e7a d\u00e1 direito de resposta a Ciro por propaganda na qual Elmano o associa a Jair Bolsonaro"},"datePublished":"2026-09-06T17:36:44-03:00","dateModified":"2026-09-06T17:36:44-03:00","inLanguage":"pt-PT","mainEntityOfPage":{"@id":"https:\/\/acontecenafronteira.com.br\/index.php\/2026\/09\/06\/justica-eleitoral-garante-direito-de-resposta-no-parana\/#webpage"},"isPartOf":{"@id":"https:\/\/acontecenafronteira.com.br\/index.php\/2026\/09\/06\/justica-eleitoral-garante-direito-de-resposta-no-parana\/#webpage"},"articleSection":"Mundo"},{"@type":"BreadcrumbList","@id":"https:\/\/acontecenafronteira.com.br\/index.php\/2026\/09\/06\/justica-eleitoral-garante-direito-de-resposta-no-parana\/#breadcrumblist","itemListElement":[{"@type":"ListItem","@id":"https:\/\/acontecenafronteira.com.br#listItem","position":1,"name":"Home","item":"https:\/\/acontecenafronteira.com.br","nextItem":{"@type":"ListItem","@id":"https:\/\/acontecenafronteira.com.br\/index.php\/category\/mundo\/#listItem","name":"Mundo"}},{"@type":"ListItem","@id":"https:\/\/acontecenafronteira.com.br\/index.php\/category\/mundo\/#listItem","position":2,"name":"Mundo","item":"https:\/\/acontecenafronteira.com.br\/index.php\/category\/mundo\/","nextItem":{"@type":"ListItem","@id":"https:\/\/acontecenafronteira.com.br\/index.php\/2026\/09\/06\/justica-eleitoral-garante-direito-de-resposta-no-parana\/#listItem","name":"Justi\u00e7a Eleitoral garante direito de resposta no Paran\u00e1"},"previousItem":{"@type":"ListItem","@id":"https:\/\/acontecenafronteira.com.br#listItem","name":"Home"}},{"@type":"ListItem","@id":"https:\/\/acontecenafronteira.com.br\/index.php\/2026\/09\/06\/justica-eleitoral-garante-direito-de-resposta-no-parana\/#listItem","position":3,"name":"Justi\u00e7a Eleitoral garante direito de resposta no Paran\u00e1","previousItem":{"@type":"ListItem","@id":"https:\/\/acontecenafronteira.com.br\/index.php\/category\/mundo\/#listItem","name":"Mundo"}}]},{"@type":"Organization","@id":"https:\/\/acontecenafronteira.com.br\/#organization","name":"Acontece Na Fronteira","description":"Noticias da Triplice Fronteira","url":"https:\/\/acontecenafronteira.com.br\/","logo":{"@type":"ImageObject","url":"https:\/\/acontecenafronteira.com.br\/wp-content\/uploads\/2021\/11\/logo-acontece-1.jpg","@id":"https:\/\/acontecenafronteira.com.br\/index.php\/2026\/09\/06\/justica-eleitoral-garante-direito-de-resposta-no-parana\/#organizationLogo","width":519,"height":134},"image":{"@id":"https:\/\/acontecenafronteira.com.br\/index.php\/2026\/09\/06\/justica-eleitoral-garante-direito-de-resposta-no-parana\/#organizationLogo"}},{"@type":"WebPage","@id":"https:\/\/acontecenafronteira.com.br\/index.php\/2026\/09\/06\/justica-eleitoral-garante-direito-de-resposta-no-parana\/#webpage","url":"https:\/\/acontecenafronteira.com.br\/index.php\/2026\/09\/06\/justica-eleitoral-garante-direito-de-resposta-no-parana\/","name":"Justi\u00e7a Eleitoral garante direito de resposta no Paran\u00e1 - Acontece Na Fronteira","description":"A Justi\u00e7a Eleitoral concedeu o direito de resposta a um candidato ap\u00f3s a exibi\u00e7\u00e3o de uma propaganda pol\u00edtica considerada descontextualizada por meio de montagem em inser\u00e7\u00f5es veiculadas na televis\u00e3o e nas redes sociais. Entenda a decis\u00e3o judicial no Paran\u00e1 A medida foi decretada ap\u00f3s a constata\u00e7\u00e3o de que a pe\u00e7a publicit\u00e1ria utilizou trechos de declara\u00e7\u00f5es","inLanguage":"pt-PT","isPartOf":{"@id":"https:\/\/acontecenafronteira.com.br\/#website"},"breadcrumb":{"@id":"https:\/\/acontecenafronteira.com.br\/index.php\/2026\/09\/06\/justica-eleitoral-garante-direito-de-resposta-no-parana\/#breadcrumblist"},"author":{"@id":"https:\/\/acontecenafronteira.com.br\/index.php\/author\/#author"},"creator":{"@id":"https:\/\/acontecenafronteira.com.br\/index.php\/author\/#author"},"image":{"@type":"ImageObject","url":"https:\/\/acontecenafronteira.com.br\/wp-content\/uploads\/2026\/09\/no-ceara-justica-da-direito-de-resposta-a-ciro-por-propaganda-na-qual-elmano-o-associa-a-jair-bolsonaro-1788727003.jpg?v=1788727004","@id":"https:\/\/acontecenafronteira.com.br\/index.php\/2026\/09\/06\/justica-eleitoral-garante-direito-de-resposta-no-parana\/#mainImage","width":1200,"height":721,"caption":"No Cear\u00e1, Justi\u00e7a d\u00e1 direito de resposta a Ciro por propaganda na qual Elmano o associa a Jair Bolsonaro"},"primaryImageOfPage":{"@id":"https:\/\/acontecenafronteira.com.br\/index.php\/2026\/09\/06\/justica-eleitoral-garante-direito-de-resposta-no-parana\/#mainImage"},"datePublished":"2026-09-06T17:36:44-03:00","dateModified":"2026-09-06T17:36:44-03:00"},{"@type":"WebSite","@id":"https:\/\/acontecenafronteira.com.br\/#website","url":"https:\/\/acontecenafronteira.com.br\/","name":"Acontece Na Fronteira","description":"Noticias da Triplice Fronteira","inLanguage":"pt-PT","publisher":{"@id":"https:\/\/acontecenafronteira.com.br\/#organization"}}]},"og:locale":"pt_PT","og:site_name":"Acontece Na Fronteira - Noticias da Triplice Fronteira","og:type":"article","og:title":"Justi\u00e7a Eleitoral garante direito de resposta no Paran\u00e1 - Acontece Na Fronteira","og:description":"A Justi\u00e7a Eleitoral concedeu o direito de resposta a um candidato ap\u00f3s a exibi\u00e7\u00e3o de uma propaganda pol\u00edtica considerada descontextualizada por meio de montagem em inser\u00e7\u00f5es veiculadas na televis\u00e3o e nas redes sociais. Entenda a decis\u00e3o judicial no Paran\u00e1 A medida foi decretada ap\u00f3s a constata\u00e7\u00e3o de que a pe\u00e7a publicit\u00e1ria utilizou trechos de declara\u00e7\u00f5es","og:url":"https:\/\/acontecenafronteira.com.br\/index.php\/2026\/09\/06\/justica-eleitoral-garante-direito-de-resposta-no-parana\/","og:image":"https:\/\/acontecenafronteira.com.br\/wp-content\/uploads\/2021\/11\/logo-acontece-1.jpg","og:image:secure_url":"https:\/\/acontecenafronteira.com.br\/wp-content\/uploads\/2021\/11\/logo-acontece-1.jpg","article:published_time":"2026-09-06T20:36:44+00:00","article:modified_time":"2026-09-06T20:36:44+00:00","twitter:card":"summary_large_image","twitter:title":"Justi\u00e7a Eleitoral garante direito de resposta no Paran\u00e1 - Acontece Na Fronteira","twitter:description":"A Justi\u00e7a Eleitoral concedeu o direito de resposta a um candidato ap\u00f3s a exibi\u00e7\u00e3o de uma propaganda pol\u00edtica considerada descontextualizada por meio de montagem em inser\u00e7\u00f5es veiculadas na televis\u00e3o e nas redes sociais. Entenda a decis\u00e3o judicial no Paran\u00e1 A medida foi decretada ap\u00f3s a constata\u00e7\u00e3o de que a pe\u00e7a publicit\u00e1ria utilizou trechos de declara\u00e7\u00f5es","twitter:image":"https:\/\/acontecenafronteira.com.br\/wp-content\/uploads\/2021\/11\/logo-acontece-1.jpg"},"aioseo_meta_data":[],"aioseo_breadcrumb":"<div class=\"aioseo-breadcrumbs\"><span class=\"aioseo-breadcrumb\">\n\t\t\t<a href=\"https:\/\/acontecenafronteira.com.br\" title=\"Home\">Home<\/a>\n\t\t<\/span><span class=\"aioseo-breadcrumb-separator\">&raquo;<\/span><span class=\"aioseo-breadcrumb\">\n\t\t\t<a href=\"https:\/\/acontecenafronteira.com.br\/index.php\/category\/mundo\/\" title=\"Mundo\">Mundo<\/a>\n\t\t<\/span><span class=\"aioseo-breadcrumb-separator\">&raquo;<\/span><span class=\"aioseo-breadcrumb\">\n\t\t\tJusti\u00e7a Eleitoral garante direito de resposta no Paran\u00e1\n\t\t<\/span><\/div>","aioseo_breadcrumb_json":[{"label":"Home","link":"https:\/\/acontecenafronteira.com.br"},{"label":"Mundo","link":"https:\/\/acontecenafronteira.com.br\/index.php\/category\/mundo\/"},{"label":"Justi\u00e7a Eleitoral garante direito de resposta no Paran\u00e1","link":"https:\/\/acontecenafronteira.com.br\/index.php\/2026\/09\/06\/justica-eleitoral-garante-direito-de-resposta-no-parana\/"}],"_links":{"self":[{"href":"https:\/\/acontecenafronteira.com.br\/index.php\/wp-json\/wp\/v2\/posts\/36875","targetHints":{"allow":["GET"]}}],"collection":[{"href":"https:\/\/acontecenafronteira.com.br\/index.php\/wp-json\/wp\/v2\/posts"}],"about":[{"href":"https:\/\/acontecenafronteira.com.br\/index.php\/wp-json\/wp\/v2\/types\/post"}],"replies":[{"embeddable":true,"href":"https:\/\/acontecenafronteira.com.br\/index.php\/wp-json\/wp\/v2\/comments?post=36875"}],"version-history":[{"count":1,"href":"https:\/\/acontecenafronteira.com.br\/index.php\/wp-json\/wp\/v2\/posts\/36875\/revisions"}],"predecessor-version":[{"id":36883,"href":"https:\/\/acontecenafronteira.com.br\/index.php\/wp-json\/wp\/v2\/posts\/36875\/revisions\/36883"}],"wp:featuredmedia":[{"embeddable":true,"href":"https:\/\/acontecenafronteira.com.br\/index.php\/wp-json\/wp\/v2\/media\/36884"}],"wp:attachment":[{"href":"https:\/\/acontecenafronteira.com.br\/index.php\/wp-json\/wp\/v2\/media?parent=36875"}],"wp:term":[{"taxonomy":"category","embeddable":true,"href":"https:\/\/acontecenafronteira.com.br\/index.php\/wp-json\/wp\/v2\/categories?post=36875"},{"taxonomy":"post_tag","embeddable":true,"href":"https:\/\/acontecenafronteira.com.br\/index.php\/wp-json\/wp\/v2\/tags?post=36875"}],"curies":[{"name":"wp","href":"https:\/\/api.w.org\/{rel}","templated":true}]}}