{"id":36873,"date":"2026-09-06T17:36:23","date_gmt":"2026-09-06T20:36:23","guid":{"rendered":"https:\/\/acontecenafronteira.com.br\/?p=36873"},"modified":"2026-09-06T17:36:23","modified_gmt":"2026-09-06T20:36:23","slug":"foz-do-iguacu-e-parana-os-impactos-da-politica-nacional","status":"publish","type":"post","link":"https:\/\/acontecenafronteira.com.br\/index.php\/2026\/09\/06\/foz-do-iguacu-e-parana-os-impactos-da-politica-nacional\/","title":{"rendered":"Foz do Igua\u00e7u e Paran\u00e1: os impactos da pol\u00edtica nacional"},"content":{"rendered":"<p>O cen\u00e1rio pol\u00edtico nacional segue repercutindo fortemente em diversas regi\u00f5es brasileiras, levantando debates sobre crises institucionais e estrat\u00e9gias eleitorais para os pr\u00f3ximos pleitos.<\/p>\n<h2>Repercuss\u00e3o nacional e reflexos locais<\/h2>\n<p>Lideran\u00e7as pol\u00edticas t\u00eam se posicionado contr\u00e1rias \u00e0 utiliza\u00e7\u00e3o de embates entre poderes como ferramenta de marketing pol\u00edtico, defendendo que a estabilidade institucional deve ser priorizada acima de disputas partid\u00e1rias.<\/p>\n<h3>Posicionamentos e alian\u00e7as<\/h3>\n<p>Enquanto debates sobre investiga\u00e7\u00f5es e o papel do Supremo Tribunal Federal ganham as ruas, prefeitos e candidatos ajustam suas alian\u00e7as estrat\u00e9gicas visando fortalecer palanques regionais e ampliar bases de apoio com foco nas demandas locais.<\/p>\n<h2>Expectativas para o cen\u00e1rio pol\u00edtico<\/h2>\n<p>Especialistas apontam que a polariza\u00e7\u00e3o nacional continuar\u00e1 ditando o ritmo das campanhas, exigindo dos candidatos maior clareza em suas propostas para solucionar problemas concretos da popula\u00e7\u00e3o, especialmente em \u00e1reas sens\u00edveis como seguran\u00e7a e infraestrutura.<\/p>\n<p>Por Reda\u00e7\u00e3o Acontece<\/p>\n<p>Foto: Divulga\u00e7\u00e3o\/AconteceIA<\/p>\n","protected":false},"excerpt":{"rendered":"<p>O cen\u00e1rio pol\u00edtico nacional segue repercutindo fortemente em diversas regi\u00f5es brasileiras, levantando debates sobre crises institucionais e estrat\u00e9gias eleitorais para os pr\u00f3ximos pleitos. Repercuss\u00e3o nacional e reflexos locais Lideran\u00e7as pol\u00edticas t\u00eam se posicionado contr\u00e1rias \u00e0 utiliza\u00e7\u00e3o de embates entre poderes como ferramenta de marketing pol\u00edtico, defendendo que a estabilidade institucional deve ser priorizada acima de [&hellip;]<\/p>\n","protected":false},"author":0,"featured_media":36880,"comment_status":"open","ping_status":"open","sticky":false,"template":"","format":"standard","meta":{"_monsterinsights_skip_tracking":false,"_uf_show_specific_survey":0,"_uf_disable_surveys":false,"footnotes":""},"categories":[28],"tags":[],"class_list":["post-36873","post","type-post","status-publish","format-standard","has-post-thumbnail","hentry","category-mundo"],"aioseo_notices":[],"aioseo_head":"\n\t\t<!-- All in One SEO 5.0.1.1 - aioseo.com -->\n\t<meta name=\"description\" content=\"O cen\u00e1rio pol\u00edtico nacional segue repercutindo fortemente em diversas regi\u00f5es brasileiras, levantando debates sobre crises institucionais e estrat\u00e9gias eleitorais para os pr\u00f3ximos pleitos. Repercuss\u00e3o nacional e reflexos locais Lideran\u00e7as pol\u00edticas t\u00eam se posicionado contr\u00e1rias \u00e0 utiliza\u00e7\u00e3o de embates entre poderes como ferramenta de marketing pol\u00edtico, defendendo que a estabilidade institucional deve ser priorizada acima de\" \/>\n\t<meta name=\"robots\" content=\"max-image-preview:large\" \/>\n\t<link rel=\"canonical\" href=\"https:\/\/acontecenafronteira.com.br\/index.php\/2026\/09\/06\/foz-do-iguacu-e-parana-os-impactos-da-politica-nacional\/\" \/>\n\t<meta name=\"generator\" content=\"All in One SEO (AIOSEO) 5.0.1.1\" \/>\n\t\t<meta property=\"og:locale\" content=\"pt_PT\" \/>\n\t\t<meta property=\"og:site_name\" content=\"Acontece Na Fronteira - Noticias da Triplice Fronteira\" \/>\n\t\t<meta property=\"og:type\" content=\"article\" \/>\n\t\t<meta property=\"og:title\" content=\"Foz do Igua\u00e7u e Paran\u00e1: os impactos da pol\u00edtica nacional - Acontece Na Fronteira\" \/>\n\t\t<meta property=\"og:description\" content=\"O cen\u00e1rio pol\u00edtico nacional segue repercutindo fortemente em diversas regi\u00f5es brasileiras, levantando debates sobre crises institucionais e estrat\u00e9gias eleitorais para os pr\u00f3ximos pleitos. Repercuss\u00e3o nacional e reflexos locais Lideran\u00e7as pol\u00edticas t\u00eam se posicionado contr\u00e1rias \u00e0 utiliza\u00e7\u00e3o de embates entre poderes como ferramenta de marketing pol\u00edtico, defendendo que a estabilidade institucional deve ser priorizada acima de\" \/>\n\t\t<meta property=\"og:url\" content=\"https:\/\/acontecenafronteira.com.br\/index.php\/2026\/09\/06\/foz-do-iguacu-e-parana-os-impactos-da-politica-nacional\/\" \/>\n\t\t<meta property=\"og:image\" content=\"https:\/\/acontecenafronteira.com.br\/wp-content\/uploads\/2021\/11\/logo-acontece-1.jpg\" \/>\n\t\t<meta property=\"og:image:secure_url\" content=\"https:\/\/acontecenafronteira.com.br\/wp-content\/uploads\/2021\/11\/logo-acontece-1.jpg\" \/>\n\t\t<meta property=\"article:published_time\" content=\"2026-09-06T20:36:23+00:00\" \/>\n\t\t<meta property=\"article:modified_time\" content=\"2026-09-06T20:36:23+00:00\" \/>\n\t\t<meta name=\"twitter:card\" content=\"summary_large_image\" \/>\n\t\t<meta name=\"twitter:title\" content=\"Foz do Igua\u00e7u e Paran\u00e1: os impactos da pol\u00edtica nacional - Acontece Na Fronteira\" \/>\n\t\t<meta name=\"twitter:description\" content=\"O cen\u00e1rio pol\u00edtico nacional segue repercutindo fortemente em diversas regi\u00f5es brasileiras, levantando debates sobre crises institucionais e estrat\u00e9gias eleitorais para os pr\u00f3ximos pleitos. Repercuss\u00e3o nacional e reflexos locais Lideran\u00e7as pol\u00edticas t\u00eam se posicionado contr\u00e1rias \u00e0 utiliza\u00e7\u00e3o de embates entre poderes como ferramenta de marketing pol\u00edtico, defendendo que a estabilidade institucional deve ser priorizada acima de\" \/>\n\t\t<meta name=\"twitter:image\" content=\"https:\/\/acontecenafronteira.com.br\/wp-content\/uploads\/2021\/11\/logo-acontece-1.jpg\" \/>\n\t\t<script type=\"application\/ld+json\" class=\"aioseo-schema\">\n\t\t\t{\"@context\":\"https:\\\/\\\/schema.org\",\"@graph\":[{\"@type\":\"BlogPosting\",\"@id\":\"https:\\\/\\\/acontecenafronteira.com.br\\\/index.php\\\/2026\\\/09\\\/06\\\/foz-do-iguacu-e-parana-os-impactos-da-politica-nacional\\\/#blogposting\",\"name\":\"Foz do Igua\\u00e7u e Paran\\u00e1: os impactos da pol\\u00edtica nacional - Acontece Na Fronteira\",\"headline\":\"Foz do Igua\\u00e7u e Paran\\u00e1: os impactos da pol\\u00edtica nacional\",\"author\":{\"@id\":\"https:\\\/\\\/acontecenafronteira.com.br\\\/index.php\\\/author\\\/#author\"},\"publisher\":{\"@id\":\"https:\\\/\\\/acontecenafronteira.com.br\\\/#organization\"},\"image\":{\"@type\":\"ImageObject\",\"url\":\"https:\\\/\\\/acontecenafronteira.com.br\\\/wp-content\\\/uploads\\\/2026\\\/09\\\/apos-faixa-fora-moraes-em-ato-de-ruas-paes-diz-ser-contra-transformar-crise-institucional-em-panfleto-eleitoral-1788726982.jpg?v=1788726983\",\"width\":1200,\"height\":801,\"caption\":\"Ap\\u00f3s faixa 'Fora Moraes' em ato de Ruas, Paes diz ser contra transformar crise institucional em 'panfleto eleitoral'\"},\"datePublished\":\"2026-09-06T17:36:23-03:00\",\"dateModified\":\"2026-09-06T17:36:23-03:00\",\"inLanguage\":\"pt-PT\",\"mainEntityOfPage\":{\"@id\":\"https:\\\/\\\/acontecenafronteira.com.br\\\/index.php\\\/2026\\\/09\\\/06\\\/foz-do-iguacu-e-parana-os-impactos-da-politica-nacional\\\/#webpage\"},\"isPartOf\":{\"@id\":\"https:\\\/\\\/acontecenafronteira.com.br\\\/index.php\\\/2026\\\/09\\\/06\\\/foz-do-iguacu-e-parana-os-impactos-da-politica-nacional\\\/#webpage\"},\"articleSection\":\"Mundo\"},{\"@type\":\"BreadcrumbList\",\"@id\":\"https:\\\/\\\/acontecenafronteira.com.br\\\/index.php\\\/2026\\\/09\\\/06\\\/foz-do-iguacu-e-parana-os-impactos-da-politica-nacional\\\/#breadcrumblist\",\"itemListElement\":[{\"@type\":\"ListItem\",\"@id\":\"https:\\\/\\\/acontecenafronteira.com.br#listItem\",\"position\":1,\"name\":\"Home\",\"item\":\"https:\\\/\\\/acontecenafronteira.com.br\",\"nextItem\":{\"@type\":\"ListItem\",\"@id\":\"https:\\\/\\\/acontecenafronteira.com.br\\\/index.php\\\/category\\\/mundo\\\/#listItem\",\"name\":\"Mundo\"}},{\"@type\":\"ListItem\",\"@id\":\"https:\\\/\\\/acontecenafronteira.com.br\\\/index.php\\\/category\\\/mundo\\\/#listItem\",\"position\":2,\"name\":\"Mundo\",\"item\":\"https:\\\/\\\/acontecenafronteira.com.br\\\/index.php\\\/category\\\/mundo\\\/\",\"nextItem\":{\"@type\":\"ListItem\",\"@id\":\"https:\\\/\\\/acontecenafronteira.com.br\\\/index.php\\\/2026\\\/09\\\/06\\\/foz-do-iguacu-e-parana-os-impactos-da-politica-nacional\\\/#listItem\",\"name\":\"Foz do Igua\\u00e7u e Paran\\u00e1: os impactos da pol\\u00edtica nacional\"},\"previousItem\":{\"@type\":\"ListItem\",\"@id\":\"https:\\\/\\\/acontecenafronteira.com.br#listItem\",\"name\":\"Home\"}},{\"@type\":\"ListItem\",\"@id\":\"https:\\\/\\\/acontecenafronteira.com.br\\\/index.php\\\/2026\\\/09\\\/06\\\/foz-do-iguacu-e-parana-os-impactos-da-politica-nacional\\\/#listItem\",\"position\":3,\"name\":\"Foz do Igua\\u00e7u e Paran\\u00e1: os impactos da pol\\u00edtica nacional\",\"previousItem\":{\"@type\":\"ListItem\",\"@id\":\"https:\\\/\\\/acontecenafronteira.com.br\\\/index.php\\\/category\\\/mundo\\\/#listItem\",\"name\":\"Mundo\"}}]},{\"@type\":\"Organization\",\"@id\":\"https:\\\/\\\/acontecenafronteira.com.br\\\/#organization\",\"name\":\"Acontece Na Fronteira\",\"description\":\"Noticias da Triplice Fronteira\",\"url\":\"https:\\\/\\\/acontecenafronteira.com.br\\\/\",\"logo\":{\"@type\":\"ImageObject\",\"url\":\"https:\\\/\\\/acontecenafronteira.com.br\\\/wp-content\\\/uploads\\\/2021\\\/11\\\/logo-acontece-1.jpg\",\"@id\":\"https:\\\/\\\/acontecenafronteira.com.br\\\/index.php\\\/2026\\\/09\\\/06\\\/foz-do-iguacu-e-parana-os-impactos-da-politica-nacional\\\/#organizationLogo\",\"width\":519,\"height\":134},\"image\":{\"@id\":\"https:\\\/\\\/acontecenafronteira.com.br\\\/index.php\\\/2026\\\/09\\\/06\\\/foz-do-iguacu-e-parana-os-impactos-da-politica-nacional\\\/#organizationLogo\"}},{\"@type\":\"WebPage\",\"@id\":\"https:\\\/\\\/acontecenafronteira.com.br\\\/index.php\\\/2026\\\/09\\\/06\\\/foz-do-iguacu-e-parana-os-impactos-da-politica-nacional\\\/#webpage\",\"url\":\"https:\\\/\\\/acontecenafronteira.com.br\\\/index.php\\\/2026\\\/09\\\/06\\\/foz-do-iguacu-e-parana-os-impactos-da-politica-nacional\\\/\",\"name\":\"Foz do Igua\\u00e7u e Paran\\u00e1: os impactos da pol\\u00edtica nacional - Acontece Na Fronteira\",\"description\":\"O cen\\u00e1rio pol\\u00edtico nacional segue repercutindo fortemente em diversas regi\\u00f5es brasileiras, levantando debates sobre crises institucionais e estrat\\u00e9gias eleitorais para os pr\\u00f3ximos pleitos. Repercuss\\u00e3o nacional e reflexos locais Lideran\\u00e7as pol\\u00edticas t\\u00eam se posicionado contr\\u00e1rias \\u00e0 utiliza\\u00e7\\u00e3o de embates entre poderes como ferramenta de marketing pol\\u00edtico, defendendo que a estabilidade institucional deve ser priorizada acima de\",\"inLanguage\":\"pt-PT\",\"isPartOf\":{\"@id\":\"https:\\\/\\\/acontecenafronteira.com.br\\\/#website\"},\"breadcrumb\":{\"@id\":\"https:\\\/\\\/acontecenafronteira.com.br\\\/index.php\\\/2026\\\/09\\\/06\\\/foz-do-iguacu-e-parana-os-impactos-da-politica-nacional\\\/#breadcrumblist\"},\"author\":{\"@id\":\"https:\\\/\\\/acontecenafronteira.com.br\\\/index.php\\\/author\\\/#author\"},\"creator\":{\"@id\":\"https:\\\/\\\/acontecenafronteira.com.br\\\/index.php\\\/author\\\/#author\"},\"image\":{\"@type\":\"ImageObject\",\"url\":\"https:\\\/\\\/acontecenafronteira.com.br\\\/wp-content\\\/uploads\\\/2026\\\/09\\\/apos-faixa-fora-moraes-em-ato-de-ruas-paes-diz-ser-contra-transformar-crise-institucional-em-panfleto-eleitoral-1788726982.jpg?v=1788726983\",\"@id\":\"https:\\\/\\\/acontecenafronteira.com.br\\\/index.php\\\/2026\\\/09\\\/06\\\/foz-do-iguacu-e-parana-os-impactos-da-politica-nacional\\\/#mainImage\",\"width\":1200,\"height\":801,\"caption\":\"Ap\\u00f3s faixa 'Fora Moraes' em ato de Ruas, Paes diz ser contra transformar crise institucional em 'panfleto eleitoral'\"},\"primaryImageOfPage\":{\"@id\":\"https:\\\/\\\/acontecenafronteira.com.br\\\/index.php\\\/2026\\\/09\\\/06\\\/foz-do-iguacu-e-parana-os-impactos-da-politica-nacional\\\/#mainImage\"},\"datePublished\":\"2026-09-06T17:36:23-03:00\",\"dateModified\":\"2026-09-06T17:36:23-03:00\"},{\"@type\":\"WebSite\",\"@id\":\"https:\\\/\\\/acontecenafronteira.com.br\\\/#website\",\"url\":\"https:\\\/\\\/acontecenafronteira.com.br\\\/\",\"name\":\"Acontece Na Fronteira\",\"description\":\"Noticias da Triplice Fronteira\",\"inLanguage\":\"pt-PT\",\"publisher\":{\"@id\":\"https:\\\/\\\/acontecenafronteira.com.br\\\/#organization\"}}]}\n\t\t<\/script>\n\t\t<!-- All in One SEO -->\n\n","aioseo_head_json":{"title":"Foz do Igua\u00e7u e Paran\u00e1: os impactos da pol\u00edtica nacional - Acontece Na Fronteira","description":"O cen\u00e1rio pol\u00edtico nacional segue repercutindo fortemente em diversas regi\u00f5es brasileiras, levantando debates sobre crises institucionais e estrat\u00e9gias eleitorais para os pr\u00f3ximos pleitos. Repercuss\u00e3o nacional e reflexos locais Lideran\u00e7as pol\u00edticas t\u00eam se posicionado contr\u00e1rias \u00e0 utiliza\u00e7\u00e3o de embates entre poderes como ferramenta de marketing pol\u00edtico, defendendo que a estabilidade institucional deve ser priorizada acima de","canonical_url":"https:\/\/acontecenafronteira.com.br\/index.php\/2026\/09\/06\/foz-do-iguacu-e-parana-os-impactos-da-politica-nacional\/","robots":"max-image-preview:large","keywords":"","webmasterTools":{"miscellaneous":""},"schema":{"@context":"https:\/\/schema.org","@graph":[{"@type":"BlogPosting","@id":"https:\/\/acontecenafronteira.com.br\/index.php\/2026\/09\/06\/foz-do-iguacu-e-parana-os-impactos-da-politica-nacional\/#blogposting","name":"Foz do Igua\u00e7u e Paran\u00e1: os impactos da pol\u00edtica nacional - Acontece Na Fronteira","headline":"Foz do Igua\u00e7u e Paran\u00e1: os impactos da pol\u00edtica nacional","author":{"@id":"https:\/\/acontecenafronteira.com.br\/index.php\/author\/#author"},"publisher":{"@id":"https:\/\/acontecenafronteira.com.br\/#organization"},"image":{"@type":"ImageObject","url":"https:\/\/acontecenafronteira.com.br\/wp-content\/uploads\/2026\/09\/apos-faixa-fora-moraes-em-ato-de-ruas-paes-diz-ser-contra-transformar-crise-institucional-em-panfleto-eleitoral-1788726982.jpg?v=1788726983","width":1200,"height":801,"caption":"Ap\u00f3s faixa 'Fora Moraes' em ato de Ruas, Paes diz ser contra transformar crise institucional em 'panfleto eleitoral'"},"datePublished":"2026-09-06T17:36:23-03:00","dateModified":"2026-09-06T17:36:23-03:00","inLanguage":"pt-PT","mainEntityOfPage":{"@id":"https:\/\/acontecenafronteira.com.br\/index.php\/2026\/09\/06\/foz-do-iguacu-e-parana-os-impactos-da-politica-nacional\/#webpage"},"isPartOf":{"@id":"https:\/\/acontecenafronteira.com.br\/index.php\/2026\/09\/06\/foz-do-iguacu-e-parana-os-impactos-da-politica-nacional\/#webpage"},"articleSection":"Mundo"},{"@type":"BreadcrumbList","@id":"https:\/\/acontecenafronteira.com.br\/index.php\/2026\/09\/06\/foz-do-iguacu-e-parana-os-impactos-da-politica-nacional\/#breadcrumblist","itemListElement":[{"@type":"ListItem","@id":"https:\/\/acontecenafronteira.com.br#listItem","position":1,"name":"Home","item":"https:\/\/acontecenafronteira.com.br","nextItem":{"@type":"ListItem","@id":"https:\/\/acontecenafronteira.com.br\/index.php\/category\/mundo\/#listItem","name":"Mundo"}},{"@type":"ListItem","@id":"https:\/\/acontecenafronteira.com.br\/index.php\/category\/mundo\/#listItem","position":2,"name":"Mundo","item":"https:\/\/acontecenafronteira.com.br\/index.php\/category\/mundo\/","nextItem":{"@type":"ListItem","@id":"https:\/\/acontecenafronteira.com.br\/index.php\/2026\/09\/06\/foz-do-iguacu-e-parana-os-impactos-da-politica-nacional\/#listItem","name":"Foz do Igua\u00e7u e Paran\u00e1: os impactos da pol\u00edtica nacional"},"previousItem":{"@type":"ListItem","@id":"https:\/\/acontecenafronteira.com.br#listItem","name":"Home"}},{"@type":"ListItem","@id":"https:\/\/acontecenafronteira.com.br\/index.php\/2026\/09\/06\/foz-do-iguacu-e-parana-os-impactos-da-politica-nacional\/#listItem","position":3,"name":"Foz do Igua\u00e7u e Paran\u00e1: os impactos da pol\u00edtica nacional","previousItem":{"@type":"ListItem","@id":"https:\/\/acontecenafronteira.com.br\/index.php\/category\/mundo\/#listItem","name":"Mundo"}}]},{"@type":"Organization","@id":"https:\/\/acontecenafronteira.com.br\/#organization","name":"Acontece Na Fronteira","description":"Noticias da Triplice Fronteira","url":"https:\/\/acontecenafronteira.com.br\/","logo":{"@type":"ImageObject","url":"https:\/\/acontecenafronteira.com.br\/wp-content\/uploads\/2021\/11\/logo-acontece-1.jpg","@id":"https:\/\/acontecenafronteira.com.br\/index.php\/2026\/09\/06\/foz-do-iguacu-e-parana-os-impactos-da-politica-nacional\/#organizationLogo","width":519,"height":134},"image":{"@id":"https:\/\/acontecenafronteira.com.br\/index.php\/2026\/09\/06\/foz-do-iguacu-e-parana-os-impactos-da-politica-nacional\/#organizationLogo"}},{"@type":"WebPage","@id":"https:\/\/acontecenafronteira.com.br\/index.php\/2026\/09\/06\/foz-do-iguacu-e-parana-os-impactos-da-politica-nacional\/#webpage","url":"https:\/\/acontecenafronteira.com.br\/index.php\/2026\/09\/06\/foz-do-iguacu-e-parana-os-impactos-da-politica-nacional\/","name":"Foz do Igua\u00e7u e Paran\u00e1: os impactos da pol\u00edtica nacional - Acontece Na Fronteira","description":"O cen\u00e1rio pol\u00edtico nacional segue repercutindo fortemente em diversas regi\u00f5es brasileiras, levantando debates sobre crises institucionais e estrat\u00e9gias eleitorais para os pr\u00f3ximos pleitos. Repercuss\u00e3o nacional e reflexos locais Lideran\u00e7as pol\u00edticas t\u00eam se posicionado contr\u00e1rias \u00e0 utiliza\u00e7\u00e3o de embates entre poderes como ferramenta de marketing pol\u00edtico, defendendo que a estabilidade institucional deve ser priorizada acima de","inLanguage":"pt-PT","isPartOf":{"@id":"https:\/\/acontecenafronteira.com.br\/#website"},"breadcrumb":{"@id":"https:\/\/acontecenafronteira.com.br\/index.php\/2026\/09\/06\/foz-do-iguacu-e-parana-os-impactos-da-politica-nacional\/#breadcrumblist"},"author":{"@id":"https:\/\/acontecenafronteira.com.br\/index.php\/author\/#author"},"creator":{"@id":"https:\/\/acontecenafronteira.com.br\/index.php\/author\/#author"},"image":{"@type":"ImageObject","url":"https:\/\/acontecenafronteira.com.br\/wp-content\/uploads\/2026\/09\/apos-faixa-fora-moraes-em-ato-de-ruas-paes-diz-ser-contra-transformar-crise-institucional-em-panfleto-eleitoral-1788726982.jpg?v=1788726983","@id":"https:\/\/acontecenafronteira.com.br\/index.php\/2026\/09\/06\/foz-do-iguacu-e-parana-os-impactos-da-politica-nacional\/#mainImage","width":1200,"height":801,"caption":"Ap\u00f3s faixa 'Fora Moraes' em ato de Ruas, Paes diz ser contra transformar crise institucional em 'panfleto eleitoral'"},"primaryImageOfPage":{"@id":"https:\/\/acontecenafronteira.com.br\/index.php\/2026\/09\/06\/foz-do-iguacu-e-parana-os-impactos-da-politica-nacional\/#mainImage"},"datePublished":"2026-09-06T17:36:23-03:00","dateModified":"2026-09-06T17:36:23-03:00"},{"@type":"WebSite","@id":"https:\/\/acontecenafronteira.com.br\/#website","url":"https:\/\/acontecenafronteira.com.br\/","name":"Acontece Na Fronteira","description":"Noticias da Triplice Fronteira","inLanguage":"pt-PT","publisher":{"@id":"https:\/\/acontecenafronteira.com.br\/#organization"}}]},"og:locale":"pt_PT","og:site_name":"Acontece Na Fronteira - Noticias da Triplice Fronteira","og:type":"article","og:title":"Foz do Igua\u00e7u e Paran\u00e1: os impactos da pol\u00edtica nacional - Acontece Na Fronteira","og:description":"O cen\u00e1rio pol\u00edtico nacional segue repercutindo fortemente em diversas regi\u00f5es brasileiras, levantando debates sobre crises institucionais e estrat\u00e9gias eleitorais para os pr\u00f3ximos pleitos. Repercuss\u00e3o nacional e reflexos locais Lideran\u00e7as pol\u00edticas t\u00eam se posicionado contr\u00e1rias \u00e0 utiliza\u00e7\u00e3o de embates entre poderes como ferramenta de marketing pol\u00edtico, defendendo que a estabilidade institucional deve ser priorizada acima de","og:url":"https:\/\/acontecenafronteira.com.br\/index.php\/2026\/09\/06\/foz-do-iguacu-e-parana-os-impactos-da-politica-nacional\/","og:image":"https:\/\/acontecenafronteira.com.br\/wp-content\/uploads\/2021\/11\/logo-acontece-1.jpg","og:image:secure_url":"https:\/\/acontecenafronteira.com.br\/wp-content\/uploads\/2021\/11\/logo-acontece-1.jpg","article:published_time":"2026-09-06T20:36:23+00:00","article:modified_time":"2026-09-06T20:36:23+00:00","twitter:card":"summary_large_image","twitter:title":"Foz do Igua\u00e7u e Paran\u00e1: os impactos da pol\u00edtica nacional - Acontece Na Fronteira","twitter:description":"O cen\u00e1rio pol\u00edtico nacional segue repercutindo fortemente em diversas regi\u00f5es brasileiras, levantando debates sobre crises institucionais e estrat\u00e9gias eleitorais para os pr\u00f3ximos pleitos. Repercuss\u00e3o nacional e reflexos locais Lideran\u00e7as pol\u00edticas t\u00eam se posicionado contr\u00e1rias \u00e0 utiliza\u00e7\u00e3o de embates entre poderes como ferramenta de marketing pol\u00edtico, defendendo que a estabilidade institucional deve ser priorizada acima de","twitter:image":"https:\/\/acontecenafronteira.com.br\/wp-content\/uploads\/2021\/11\/logo-acontece-1.jpg"},"aioseo_meta_data":[],"aioseo_breadcrumb":"<div class=\"aioseo-breadcrumbs\"><span class=\"aioseo-breadcrumb\">\n\t\t\t<a href=\"https:\/\/acontecenafronteira.com.br\" title=\"Home\">Home<\/a>\n\t\t<\/span><span class=\"aioseo-breadcrumb-separator\">&raquo;<\/span><span class=\"aioseo-breadcrumb\">\n\t\t\t<a href=\"https:\/\/acontecenafronteira.com.br\/index.php\/category\/mundo\/\" title=\"Mundo\">Mundo<\/a>\n\t\t<\/span><span class=\"aioseo-breadcrumb-separator\">&raquo;<\/span><span class=\"aioseo-breadcrumb\">\n\t\t\tFoz do Igua\u00e7u e Paran\u00e1: os impactos da pol\u00edtica nacional\n\t\t<\/span><\/div>","aioseo_breadcrumb_json":[{"label":"Home","link":"https:\/\/acontecenafronteira.com.br"},{"label":"Mundo","link":"https:\/\/acontecenafronteira.com.br\/index.php\/category\/mundo\/"},{"label":"Foz do Igua\u00e7u e Paran\u00e1: os impactos da pol\u00edtica nacional","link":"https:\/\/acontecenafronteira.com.br\/index.php\/2026\/09\/06\/foz-do-iguacu-e-parana-os-impactos-da-politica-nacional\/"}],"_links":{"self":[{"href":"https:\/\/acontecenafronteira.com.br\/index.php\/wp-json\/wp\/v2\/posts\/36873","targetHints":{"allow":["GET"]}}],"collection":[{"href":"https:\/\/acontecenafronteira.com.br\/index.php\/wp-json\/wp\/v2\/posts"}],"about":[{"href":"https:\/\/acontecenafronteira.com.br\/index.php\/wp-json\/wp\/v2\/types\/post"}],"replies":[{"embeddable":true,"href":"https:\/\/acontecenafronteira.com.br\/index.php\/wp-json\/wp\/v2\/comments?post=36873"}],"version-history":[{"count":1,"href":"https:\/\/acontecenafronteira.com.br\/index.php\/wp-json\/wp\/v2\/posts\/36873\/revisions"}],"predecessor-version":[{"id":36879,"href":"https:\/\/acontecenafronteira.com.br\/index.php\/wp-json\/wp\/v2\/posts\/36873\/revisions\/36879"}],"wp:featuredmedia":[{"embeddable":true,"href":"https:\/\/acontecenafronteira.com.br\/index.php\/wp-json\/wp\/v2\/media\/36880"}],"wp:attachment":[{"href":"https:\/\/acontecenafronteira.com.br\/index.php\/wp-json\/wp\/v2\/media?parent=36873"}],"wp:term":[{"taxonomy":"category","embeddable":true,"href":"https:\/\/acontecenafronteira.com.br\/index.php\/wp-json\/wp\/v2\/categories?post=36873"},{"taxonomy":"post_tag","embeddable":true,"href":"https:\/\/acontecenafronteira.com.br\/index.php\/wp-json\/wp\/v2\/tags?post=36873"}],"curies":[{"name":"wp","href":"https:\/\/api.w.org\/{rel}","templated":true}]}}