{"id":36872,"date":"2026-09-06T17:36:07","date_gmt":"2026-09-06T20:36:07","guid":{"rendered":"https:\/\/acontecenafronteira.com.br\/?p=36872"},"modified":"2026-09-06T17:36:07","modified_gmt":"2026-09-06T20:36:07","slug":"christiane-torloni-relembra-bordao-e-recebe-fernanda-montenegro","status":"publish","type":"post","link":"https:\/\/acontecenafronteira.com.br\/index.php\/2026\/09\/06\/christiane-torloni-relembra-bordao-e-recebe-fernanda-montenegro\/","title":{"rendered":"Christiane Torloni relembra bord\u00e3o e recebe Fernanda Montenegro"},"content":{"rendered":"<p>A famosa frase &#8220;\u00c9 dia de rock, beb\u00ea&#8221;, eternizada por Christiane Torloni durante o Rock in Rio de 2011, voltou a circular com for\u00e7a nas redes sociais junto com o in\u00edcio de mais uma edi\u00e7\u00e3o do evento musical.<\/p>\n<h2>O sucesso do bord\u00e3o nas redes sociais<\/h2>\n<p>A artista repostou em seus stories do Instagram diversas publica\u00e7\u00f5es de admiradores e at\u00e9 mesmo um registro oficial resgatado pela emissora carioca, celebrando o impacto duradouro da declara\u00e7\u00e3o dada h\u00e1 mais de uma d\u00e9cada.<\/p>\n<h2>Visita ilustre no teatro carioca<\/h2>\n<p>Al\u00e9m da repercuss\u00e3o na internet, o \u00faltimo s\u00e1bado foi marcado por momentos de grande emo\u00e7\u00e3o nos palcos para a veterana da atua\u00e7\u00e3o, que estrela a montagem &#8220;Dois de n\u00f3s&#8221; no Teatro Axia Casa Grande, situado no bairro do Leblon, na Zona Sul do Rio de Janeiro.<\/p>\n<p>Compartilhando o cen\u00e1rio com o renomado ator Antonio Fagundes, a protagonista fez quest\u00e3o de destacar em sua rede social a presen\u00e7a marcante de Fernanda Montenegro na plateia da apresenta\u00e7\u00e3o teatral.<\/p>\n<h2>Encontro de grandes nomes da dramaturgia<\/h2>\n<p>A artista definiu o momento como uma honra inesquec\u00edvel, ressaltando que a presen\u00e7a da consagrada dama dos palcos carrega grande parte da trajet\u00f3ria das artes c\u00eanicas no pa\u00eds, configurando uma noite memor\u00e1vel para todo o grupo.<\/p>\n<p>Ap\u00f3s o encerramento da sess\u00e3o, Fernanda Montenegro participou de um registro fotogr\u00e1fico ao lado do elenco principal, que tamb\u00e9m conta com Thiago Fragoso e Alexandra Martins, al\u00e9m de posar junto ao dramaturgo Gustavo Pinheiro, respons\u00e1vel pelo texto da obra.<\/p>\n<p>Por Reda\u00e7\u00e3o Acontece<\/p>\n<p>Cr\u00e9ditos da imagem: Reprodu\u00e7\u00e3o \/ Instagram<\/p>\n","protected":false},"excerpt":{"rendered":"<p>A famosa frase &#8220;\u00c9 dia de rock, beb\u00ea&#8221;, eternizada por Christiane Torloni durante o Rock in Rio de 2011, voltou a circular com for\u00e7a nas redes sociais junto com o in\u00edcio de mais uma edi\u00e7\u00e3o do evento musical. O sucesso do bord\u00e3o nas redes sociais A artista repostou em seus stories do Instagram diversas publica\u00e7\u00f5es [&hellip;]<\/p>\n","protected":false},"author":0,"featured_media":36878,"comment_status":"open","ping_status":"open","sticky":false,"template":"","format":"standard","meta":{"_monsterinsights_skip_tracking":false,"_uf_show_specific_survey":0,"_uf_disable_surveys":false,"footnotes":""},"categories":[28],"tags":[],"class_list":["post-36872","post","type-post","status-publish","format-standard","has-post-thumbnail","hentry","category-mundo"],"aioseo_notices":[],"aioseo_head":"\n\t\t<!-- All in One SEO 5.0.1.1 - aioseo.com -->\n\t<meta name=\"description\" content=\"A famosa frase &quot;\u00c9 dia de rock, beb\u00ea&quot;, eternizada por Christiane Torloni durante o Rock in Rio de 2011, voltou a circular com for\u00e7a nas redes sociais junto com o in\u00edcio de mais uma edi\u00e7\u00e3o do evento musical. O sucesso do bord\u00e3o nas redes sociais A artista repostou em seus stories do Instagram diversas publica\u00e7\u00f5es\" \/>\n\t<meta name=\"robots\" content=\"max-image-preview:large\" \/>\n\t<link rel=\"canonical\" href=\"https:\/\/acontecenafronteira.com.br\/index.php\/2026\/09\/06\/christiane-torloni-relembra-bordao-e-recebe-fernanda-montenegro\/\" \/>\n\t<meta name=\"generator\" content=\"All in One SEO (AIOSEO) 5.0.1.1\" \/>\n\t\t<meta property=\"og:locale\" content=\"pt_PT\" \/>\n\t\t<meta property=\"og:site_name\" content=\"Acontece Na Fronteira - Noticias da Triplice Fronteira\" \/>\n\t\t<meta property=\"og:type\" content=\"article\" \/>\n\t\t<meta property=\"og:title\" content=\"Christiane Torloni relembra bord\u00e3o e recebe Fernanda Montenegro - Acontece Na Fronteira\" \/>\n\t\t<meta property=\"og:description\" content=\"A famosa frase &quot;\u00c9 dia de rock, beb\u00ea&quot;, eternizada por Christiane Torloni durante o Rock in Rio de 2011, voltou a circular com for\u00e7a nas redes sociais junto com o in\u00edcio de mais uma edi\u00e7\u00e3o do evento musical. O sucesso do bord\u00e3o nas redes sociais A artista repostou em seus stories do Instagram diversas publica\u00e7\u00f5es\" \/>\n\t\t<meta property=\"og:url\" content=\"https:\/\/acontecenafronteira.com.br\/index.php\/2026\/09\/06\/christiane-torloni-relembra-bordao-e-recebe-fernanda-montenegro\/\" \/>\n\t\t<meta property=\"og:image\" content=\"https:\/\/acontecenafronteira.com.br\/wp-content\/uploads\/2021\/11\/logo-acontece-1.jpg\" \/>\n\t\t<meta property=\"og:image:secure_url\" content=\"https:\/\/acontecenafronteira.com.br\/wp-content\/uploads\/2021\/11\/logo-acontece-1.jpg\" \/>\n\t\t<meta property=\"article:published_time\" content=\"2026-09-06T20:36:07+00:00\" \/>\n\t\t<meta property=\"article:modified_time\" content=\"2026-09-06T20:36:07+00:00\" \/>\n\t\t<meta name=\"twitter:card\" content=\"summary_large_image\" \/>\n\t\t<meta name=\"twitter:title\" content=\"Christiane Torloni relembra bord\u00e3o e recebe Fernanda Montenegro - Acontece Na Fronteira\" \/>\n\t\t<meta name=\"twitter:description\" content=\"A famosa frase &quot;\u00c9 dia de rock, beb\u00ea&quot;, eternizada por Christiane Torloni durante o Rock in Rio de 2011, voltou a circular com for\u00e7a nas redes sociais junto com o in\u00edcio de mais uma edi\u00e7\u00e3o do evento musical. O sucesso do bord\u00e3o nas redes sociais A artista repostou em seus stories do Instagram diversas publica\u00e7\u00f5es\" \/>\n\t\t<meta name=\"twitter:image\" content=\"https:\/\/acontecenafronteira.com.br\/wp-content\/uploads\/2021\/11\/logo-acontece-1.jpg\" \/>\n\t\t<script type=\"application\/ld+json\" class=\"aioseo-schema\">\n\t\t\t{\"@context\":\"https:\\\/\\\/schema.org\",\"@graph\":[{\"@type\":\"BlogPosting\",\"@id\":\"https:\\\/\\\/acontecenafronteira.com.br\\\/index.php\\\/2026\\\/09\\\/06\\\/christiane-torloni-relembra-bordao-e-recebe-fernanda-montenegro\\\/#blogposting\",\"name\":\"Christiane Torloni relembra bord\\u00e3o e recebe Fernanda Montenegro - Acontece Na Fronteira\",\"headline\":\"Christiane Torloni relembra bord\\u00e3o e recebe Fernanda Montenegro\",\"author\":{\"@id\":\"https:\\\/\\\/acontecenafronteira.com.br\\\/index.php\\\/author\\\/#author\"},\"publisher\":{\"@id\":\"https:\\\/\\\/acontecenafronteira.com.br\\\/#organization\"},\"image\":{\"@type\":\"ImageObject\",\"url\":\"https:\\\/\\\/acontecenafronteira.com.br\\\/wp-content\\\/uploads\\\/2026\\\/09\\\/christiane-torloni-relembra-bordao-criado-no-rock-in-rio-e-agradece-presenca-de-fernanda-montenegro-em-peca-1788726966.jpg?v=1788726967\",\"width\":1200,\"height\":721,\"caption\":\"Christiane Torloni relembra bord\\u00e3o criado no Rock in Rio e agradece presen\\u00e7a de Fernanda Montenegro em pe\\u00e7a\"},\"datePublished\":\"2026-09-06T17:36:07-03:00\",\"dateModified\":\"2026-09-06T17:36:07-03:00\",\"inLanguage\":\"pt-PT\",\"mainEntityOfPage\":{\"@id\":\"https:\\\/\\\/acontecenafronteira.com.br\\\/index.php\\\/2026\\\/09\\\/06\\\/christiane-torloni-relembra-bordao-e-recebe-fernanda-montenegro\\\/#webpage\"},\"isPartOf\":{\"@id\":\"https:\\\/\\\/acontecenafronteira.com.br\\\/index.php\\\/2026\\\/09\\\/06\\\/christiane-torloni-relembra-bordao-e-recebe-fernanda-montenegro\\\/#webpage\"},\"articleSection\":\"Mundo\"},{\"@type\":\"BreadcrumbList\",\"@id\":\"https:\\\/\\\/acontecenafronteira.com.br\\\/index.php\\\/2026\\\/09\\\/06\\\/christiane-torloni-relembra-bordao-e-recebe-fernanda-montenegro\\\/#breadcrumblist\",\"itemListElement\":[{\"@type\":\"ListItem\",\"@id\":\"https:\\\/\\\/acontecenafronteira.com.br#listItem\",\"position\":1,\"name\":\"Home\",\"item\":\"https:\\\/\\\/acontecenafronteira.com.br\",\"nextItem\":{\"@type\":\"ListItem\",\"@id\":\"https:\\\/\\\/acontecenafronteira.com.br\\\/index.php\\\/category\\\/mundo\\\/#listItem\",\"name\":\"Mundo\"}},{\"@type\":\"ListItem\",\"@id\":\"https:\\\/\\\/acontecenafronteira.com.br\\\/index.php\\\/category\\\/mundo\\\/#listItem\",\"position\":2,\"name\":\"Mundo\",\"item\":\"https:\\\/\\\/acontecenafronteira.com.br\\\/index.php\\\/category\\\/mundo\\\/\",\"nextItem\":{\"@type\":\"ListItem\",\"@id\":\"https:\\\/\\\/acontecenafronteira.com.br\\\/index.php\\\/2026\\\/09\\\/06\\\/christiane-torloni-relembra-bordao-e-recebe-fernanda-montenegro\\\/#listItem\",\"name\":\"Christiane Torloni relembra bord\\u00e3o e recebe Fernanda Montenegro\"},\"previousItem\":{\"@type\":\"ListItem\",\"@id\":\"https:\\\/\\\/acontecenafronteira.com.br#listItem\",\"name\":\"Home\"}},{\"@type\":\"ListItem\",\"@id\":\"https:\\\/\\\/acontecenafronteira.com.br\\\/index.php\\\/2026\\\/09\\\/06\\\/christiane-torloni-relembra-bordao-e-recebe-fernanda-montenegro\\\/#listItem\",\"position\":3,\"name\":\"Christiane Torloni relembra bord\\u00e3o e recebe Fernanda Montenegro\",\"previousItem\":{\"@type\":\"ListItem\",\"@id\":\"https:\\\/\\\/acontecenafronteira.com.br\\\/index.php\\\/category\\\/mundo\\\/#listItem\",\"name\":\"Mundo\"}}]},{\"@type\":\"Organization\",\"@id\":\"https:\\\/\\\/acontecenafronteira.com.br\\\/#organization\",\"name\":\"Acontece Na Fronteira\",\"description\":\"Noticias da Triplice Fronteira\",\"url\":\"https:\\\/\\\/acontecenafronteira.com.br\\\/\",\"logo\":{\"@type\":\"ImageObject\",\"url\":\"https:\\\/\\\/acontecenafronteira.com.br\\\/wp-content\\\/uploads\\\/2021\\\/11\\\/logo-acontece-1.jpg\",\"@id\":\"https:\\\/\\\/acontecenafronteira.com.br\\\/index.php\\\/2026\\\/09\\\/06\\\/christiane-torloni-relembra-bordao-e-recebe-fernanda-montenegro\\\/#organizationLogo\",\"width\":519,\"height\":134},\"image\":{\"@id\":\"https:\\\/\\\/acontecenafronteira.com.br\\\/index.php\\\/2026\\\/09\\\/06\\\/christiane-torloni-relembra-bordao-e-recebe-fernanda-montenegro\\\/#organizationLogo\"}},{\"@type\":\"WebPage\",\"@id\":\"https:\\\/\\\/acontecenafronteira.com.br\\\/index.php\\\/2026\\\/09\\\/06\\\/christiane-torloni-relembra-bordao-e-recebe-fernanda-montenegro\\\/#webpage\",\"url\":\"https:\\\/\\\/acontecenafronteira.com.br\\\/index.php\\\/2026\\\/09\\\/06\\\/christiane-torloni-relembra-bordao-e-recebe-fernanda-montenegro\\\/\",\"name\":\"Christiane Torloni relembra bord\\u00e3o e recebe Fernanda Montenegro - Acontece Na Fronteira\",\"description\":\"A famosa frase \\\"\\u00c9 dia de rock, beb\\u00ea\\\", eternizada por Christiane Torloni durante o Rock in Rio de 2011, voltou a circular com for\\u00e7a nas redes sociais junto com o in\\u00edcio de mais uma edi\\u00e7\\u00e3o do evento musical. O sucesso do bord\\u00e3o nas redes sociais A artista repostou em seus stories do Instagram diversas publica\\u00e7\\u00f5es\",\"inLanguage\":\"pt-PT\",\"isPartOf\":{\"@id\":\"https:\\\/\\\/acontecenafronteira.com.br\\\/#website\"},\"breadcrumb\":{\"@id\":\"https:\\\/\\\/acontecenafronteira.com.br\\\/index.php\\\/2026\\\/09\\\/06\\\/christiane-torloni-relembra-bordao-e-recebe-fernanda-montenegro\\\/#breadcrumblist\"},\"author\":{\"@id\":\"https:\\\/\\\/acontecenafronteira.com.br\\\/index.php\\\/author\\\/#author\"},\"creator\":{\"@id\":\"https:\\\/\\\/acontecenafronteira.com.br\\\/index.php\\\/author\\\/#author\"},\"image\":{\"@type\":\"ImageObject\",\"url\":\"https:\\\/\\\/acontecenafronteira.com.br\\\/wp-content\\\/uploads\\\/2026\\\/09\\\/christiane-torloni-relembra-bordao-criado-no-rock-in-rio-e-agradece-presenca-de-fernanda-montenegro-em-peca-1788726966.jpg?v=1788726967\",\"@id\":\"https:\\\/\\\/acontecenafronteira.com.br\\\/index.php\\\/2026\\\/09\\\/06\\\/christiane-torloni-relembra-bordao-e-recebe-fernanda-montenegro\\\/#mainImage\",\"width\":1200,\"height\":721,\"caption\":\"Christiane Torloni relembra bord\\u00e3o criado no Rock in Rio e agradece presen\\u00e7a de Fernanda Montenegro em pe\\u00e7a\"},\"primaryImageOfPage\":{\"@id\":\"https:\\\/\\\/acontecenafronteira.com.br\\\/index.php\\\/2026\\\/09\\\/06\\\/christiane-torloni-relembra-bordao-e-recebe-fernanda-montenegro\\\/#mainImage\"},\"datePublished\":\"2026-09-06T17:36:07-03:00\",\"dateModified\":\"2026-09-06T17:36:07-03:00\"},{\"@type\":\"WebSite\",\"@id\":\"https:\\\/\\\/acontecenafronteira.com.br\\\/#website\",\"url\":\"https:\\\/\\\/acontecenafronteira.com.br\\\/\",\"name\":\"Acontece Na Fronteira\",\"description\":\"Noticias da Triplice Fronteira\",\"inLanguage\":\"pt-PT\",\"publisher\":{\"@id\":\"https:\\\/\\\/acontecenafronteira.com.br\\\/#organization\"}}]}\n\t\t<\/script>\n\t\t<!-- All in One SEO -->\n\n","aioseo_head_json":{"title":"Christiane Torloni relembra bord\u00e3o e recebe Fernanda Montenegro - Acontece Na Fronteira","description":"A famosa frase \"\u00c9 dia de rock, beb\u00ea\", eternizada por Christiane Torloni durante o Rock in Rio de 2011, voltou a circular com for\u00e7a nas redes sociais junto com o in\u00edcio de mais uma edi\u00e7\u00e3o do evento musical. O sucesso do bord\u00e3o nas redes sociais A artista repostou em seus stories do Instagram diversas publica\u00e7\u00f5es","canonical_url":"https:\/\/acontecenafronteira.com.br\/index.php\/2026\/09\/06\/christiane-torloni-relembra-bordao-e-recebe-fernanda-montenegro\/","robots":"max-image-preview:large","keywords":"","webmasterTools":{"miscellaneous":""},"schema":{"@context":"https:\/\/schema.org","@graph":[{"@type":"BlogPosting","@id":"https:\/\/acontecenafronteira.com.br\/index.php\/2026\/09\/06\/christiane-torloni-relembra-bordao-e-recebe-fernanda-montenegro\/#blogposting","name":"Christiane Torloni relembra bord\u00e3o e recebe Fernanda Montenegro - Acontece Na Fronteira","headline":"Christiane Torloni relembra bord\u00e3o e recebe Fernanda Montenegro","author":{"@id":"https:\/\/acontecenafronteira.com.br\/index.php\/author\/#author"},"publisher":{"@id":"https:\/\/acontecenafronteira.com.br\/#organization"},"image":{"@type":"ImageObject","url":"https:\/\/acontecenafronteira.com.br\/wp-content\/uploads\/2026\/09\/christiane-torloni-relembra-bordao-criado-no-rock-in-rio-e-agradece-presenca-de-fernanda-montenegro-em-peca-1788726966.jpg?v=1788726967","width":1200,"height":721,"caption":"Christiane Torloni relembra bord\u00e3o criado no Rock in Rio e agradece presen\u00e7a de Fernanda Montenegro em pe\u00e7a"},"datePublished":"2026-09-06T17:36:07-03:00","dateModified":"2026-09-06T17:36:07-03:00","inLanguage":"pt-PT","mainEntityOfPage":{"@id":"https:\/\/acontecenafronteira.com.br\/index.php\/2026\/09\/06\/christiane-torloni-relembra-bordao-e-recebe-fernanda-montenegro\/#webpage"},"isPartOf":{"@id":"https:\/\/acontecenafronteira.com.br\/index.php\/2026\/09\/06\/christiane-torloni-relembra-bordao-e-recebe-fernanda-montenegro\/#webpage"},"articleSection":"Mundo"},{"@type":"BreadcrumbList","@id":"https:\/\/acontecenafronteira.com.br\/index.php\/2026\/09\/06\/christiane-torloni-relembra-bordao-e-recebe-fernanda-montenegro\/#breadcrumblist","itemListElement":[{"@type":"ListItem","@id":"https:\/\/acontecenafronteira.com.br#listItem","position":1,"name":"Home","item":"https:\/\/acontecenafronteira.com.br","nextItem":{"@type":"ListItem","@id":"https:\/\/acontecenafronteira.com.br\/index.php\/category\/mundo\/#listItem","name":"Mundo"}},{"@type":"ListItem","@id":"https:\/\/acontecenafronteira.com.br\/index.php\/category\/mundo\/#listItem","position":2,"name":"Mundo","item":"https:\/\/acontecenafronteira.com.br\/index.php\/category\/mundo\/","nextItem":{"@type":"ListItem","@id":"https:\/\/acontecenafronteira.com.br\/index.php\/2026\/09\/06\/christiane-torloni-relembra-bordao-e-recebe-fernanda-montenegro\/#listItem","name":"Christiane Torloni relembra bord\u00e3o e recebe Fernanda Montenegro"},"previousItem":{"@type":"ListItem","@id":"https:\/\/acontecenafronteira.com.br#listItem","name":"Home"}},{"@type":"ListItem","@id":"https:\/\/acontecenafronteira.com.br\/index.php\/2026\/09\/06\/christiane-torloni-relembra-bordao-e-recebe-fernanda-montenegro\/#listItem","position":3,"name":"Christiane Torloni relembra bord\u00e3o e recebe Fernanda Montenegro","previousItem":{"@type":"ListItem","@id":"https:\/\/acontecenafronteira.com.br\/index.php\/category\/mundo\/#listItem","name":"Mundo"}}]},{"@type":"Organization","@id":"https:\/\/acontecenafronteira.com.br\/#organization","name":"Acontece Na Fronteira","description":"Noticias da Triplice Fronteira","url":"https:\/\/acontecenafronteira.com.br\/","logo":{"@type":"ImageObject","url":"https:\/\/acontecenafronteira.com.br\/wp-content\/uploads\/2021\/11\/logo-acontece-1.jpg","@id":"https:\/\/acontecenafronteira.com.br\/index.php\/2026\/09\/06\/christiane-torloni-relembra-bordao-e-recebe-fernanda-montenegro\/#organizationLogo","width":519,"height":134},"image":{"@id":"https:\/\/acontecenafronteira.com.br\/index.php\/2026\/09\/06\/christiane-torloni-relembra-bordao-e-recebe-fernanda-montenegro\/#organizationLogo"}},{"@type":"WebPage","@id":"https:\/\/acontecenafronteira.com.br\/index.php\/2026\/09\/06\/christiane-torloni-relembra-bordao-e-recebe-fernanda-montenegro\/#webpage","url":"https:\/\/acontecenafronteira.com.br\/index.php\/2026\/09\/06\/christiane-torloni-relembra-bordao-e-recebe-fernanda-montenegro\/","name":"Christiane Torloni relembra bord\u00e3o e recebe Fernanda Montenegro - Acontece Na Fronteira","description":"A famosa frase \"\u00c9 dia de rock, beb\u00ea\", eternizada por Christiane Torloni durante o Rock in Rio de 2011, voltou a circular com for\u00e7a nas redes sociais junto com o in\u00edcio de mais uma edi\u00e7\u00e3o do evento musical. O sucesso do bord\u00e3o nas redes sociais A artista repostou em seus stories do Instagram diversas publica\u00e7\u00f5es","inLanguage":"pt-PT","isPartOf":{"@id":"https:\/\/acontecenafronteira.com.br\/#website"},"breadcrumb":{"@id":"https:\/\/acontecenafronteira.com.br\/index.php\/2026\/09\/06\/christiane-torloni-relembra-bordao-e-recebe-fernanda-montenegro\/#breadcrumblist"},"author":{"@id":"https:\/\/acontecenafronteira.com.br\/index.php\/author\/#author"},"creator":{"@id":"https:\/\/acontecenafronteira.com.br\/index.php\/author\/#author"},"image":{"@type":"ImageObject","url":"https:\/\/acontecenafronteira.com.br\/wp-content\/uploads\/2026\/09\/christiane-torloni-relembra-bordao-criado-no-rock-in-rio-e-agradece-presenca-de-fernanda-montenegro-em-peca-1788726966.jpg?v=1788726967","@id":"https:\/\/acontecenafronteira.com.br\/index.php\/2026\/09\/06\/christiane-torloni-relembra-bordao-e-recebe-fernanda-montenegro\/#mainImage","width":1200,"height":721,"caption":"Christiane Torloni relembra bord\u00e3o criado no Rock in Rio e agradece presen\u00e7a de Fernanda Montenegro em pe\u00e7a"},"primaryImageOfPage":{"@id":"https:\/\/acontecenafronteira.com.br\/index.php\/2026\/09\/06\/christiane-torloni-relembra-bordao-e-recebe-fernanda-montenegro\/#mainImage"},"datePublished":"2026-09-06T17:36:07-03:00","dateModified":"2026-09-06T17:36:07-03:00"},{"@type":"WebSite","@id":"https:\/\/acontecenafronteira.com.br\/#website","url":"https:\/\/acontecenafronteira.com.br\/","name":"Acontece Na Fronteira","description":"Noticias da Triplice Fronteira","inLanguage":"pt-PT","publisher":{"@id":"https:\/\/acontecenafronteira.com.br\/#organization"}}]},"og:locale":"pt_PT","og:site_name":"Acontece Na Fronteira - Noticias da Triplice Fronteira","og:type":"article","og:title":"Christiane Torloni relembra bord\u00e3o e recebe Fernanda Montenegro - Acontece Na Fronteira","og:description":"A famosa frase &quot;\u00c9 dia de rock, beb\u00ea&quot;, eternizada por Christiane Torloni durante o Rock in Rio de 2011, voltou a circular com for\u00e7a nas redes sociais junto com o in\u00edcio de mais uma edi\u00e7\u00e3o do evento musical. O sucesso do bord\u00e3o nas redes sociais A artista repostou em seus stories do Instagram diversas publica\u00e7\u00f5es","og:url":"https:\/\/acontecenafronteira.com.br\/index.php\/2026\/09\/06\/christiane-torloni-relembra-bordao-e-recebe-fernanda-montenegro\/","og:image":"https:\/\/acontecenafronteira.com.br\/wp-content\/uploads\/2021\/11\/logo-acontece-1.jpg","og:image:secure_url":"https:\/\/acontecenafronteira.com.br\/wp-content\/uploads\/2021\/11\/logo-acontece-1.jpg","article:published_time":"2026-09-06T20:36:07+00:00","article:modified_time":"2026-09-06T20:36:07+00:00","twitter:card":"summary_large_image","twitter:title":"Christiane Torloni relembra bord\u00e3o e recebe Fernanda Montenegro - Acontece Na Fronteira","twitter:description":"A famosa frase &quot;\u00c9 dia de rock, beb\u00ea&quot;, eternizada por Christiane Torloni durante o Rock in Rio de 2011, voltou a circular com for\u00e7a nas redes sociais junto com o in\u00edcio de mais uma edi\u00e7\u00e3o do evento musical. O sucesso do bord\u00e3o nas redes sociais A artista repostou em seus stories do Instagram diversas publica\u00e7\u00f5es","twitter:image":"https:\/\/acontecenafronteira.com.br\/wp-content\/uploads\/2021\/11\/logo-acontece-1.jpg"},"aioseo_meta_data":[],"aioseo_breadcrumb":"<div class=\"aioseo-breadcrumbs\"><span class=\"aioseo-breadcrumb\">\n\t\t\t<a href=\"https:\/\/acontecenafronteira.com.br\" title=\"Home\">Home<\/a>\n\t\t<\/span><span class=\"aioseo-breadcrumb-separator\">&raquo;<\/span><span class=\"aioseo-breadcrumb\">\n\t\t\t<a href=\"https:\/\/acontecenafronteira.com.br\/index.php\/category\/mundo\/\" title=\"Mundo\">Mundo<\/a>\n\t\t<\/span><span class=\"aioseo-breadcrumb-separator\">&raquo;<\/span><span class=\"aioseo-breadcrumb\">\n\t\t\tChristiane Torloni relembra bord\u00e3o e recebe Fernanda Montenegro\n\t\t<\/span><\/div>","aioseo_breadcrumb_json":[{"label":"Home","link":"https:\/\/acontecenafronteira.com.br"},{"label":"Mundo","link":"https:\/\/acontecenafronteira.com.br\/index.php\/category\/mundo\/"},{"label":"Christiane Torloni relembra bord\u00e3o e recebe Fernanda Montenegro","link":"https:\/\/acontecenafronteira.com.br\/index.php\/2026\/09\/06\/christiane-torloni-relembra-bordao-e-recebe-fernanda-montenegro\/"}],"_links":{"self":[{"href":"https:\/\/acontecenafronteira.com.br\/index.php\/wp-json\/wp\/v2\/posts\/36872","targetHints":{"allow":["GET"]}}],"collection":[{"href":"https:\/\/acontecenafronteira.com.br\/index.php\/wp-json\/wp\/v2\/posts"}],"about":[{"href":"https:\/\/acontecenafronteira.com.br\/index.php\/wp-json\/wp\/v2\/types\/post"}],"replies":[{"embeddable":true,"href":"https:\/\/acontecenafronteira.com.br\/index.php\/wp-json\/wp\/v2\/comments?post=36872"}],"version-history":[{"count":1,"href":"https:\/\/acontecenafronteira.com.br\/index.php\/wp-json\/wp\/v2\/posts\/36872\/revisions"}],"predecessor-version":[{"id":36877,"href":"https:\/\/acontecenafronteira.com.br\/index.php\/wp-json\/wp\/v2\/posts\/36872\/revisions\/36877"}],"wp:featuredmedia":[{"embeddable":true,"href":"https:\/\/acontecenafronteira.com.br\/index.php\/wp-json\/wp\/v2\/media\/36878"}],"wp:attachment":[{"href":"https:\/\/acontecenafronteira.com.br\/index.php\/wp-json\/wp\/v2\/media?parent=36872"}],"wp:term":[{"taxonomy":"category","embeddable":true,"href":"https:\/\/acontecenafronteira.com.br\/index.php\/wp-json\/wp\/v2\/categories?post=36872"},{"taxonomy":"post_tag","embeddable":true,"href":"https:\/\/acontecenafronteira.com.br\/index.php\/wp-json\/wp\/v2\/tags?post=36872"}],"curies":[{"name":"wp","href":"https:\/\/api.w.org\/{rel}","templated":true}]}}