{"id":36861,"date":"2026-09-06T16:37:40","date_gmt":"2026-09-06T19:37:40","guid":{"rendered":"https:\/\/acontecenafronteira.com.br\/?p=36861"},"modified":"2026-09-06T16:37:40","modified_gmt":"2026-09-06T19:37:40","slug":"flavio-bolsonaro-lanca-tv-digital-24h-no-parana","status":"publish","type":"post","link":"https:\/\/acontecenafronteira.com.br\/index.php\/2026\/09\/06\/flavio-bolsonaro-lanca-tv-digital-24h-no-parana\/","title":{"rendered":"Fl\u00e1vio Bolsonaro lan\u00e7a TV digital 24h no Paran\u00e1"},"content":{"rendered":"<p>A equipe de campanha do candidato \u00e0 presid\u00eancia Fl\u00e1vio Bolsonaro (PL) preparou o lan\u00e7amento oficial de uma plataforma de transmiss\u00e3o cont\u00ednua, que funcionar\u00e1 24 horas por dia com foco total na divulga\u00e7\u00e3o eleitoral para eleitores do Paran\u00e1 e de todo o Brasil.<\/p>\n<h2>Novidade chega no Dia da Independ\u00eancia<\/h2>\n<p>A estreia oficial da programa\u00e7\u00e3o est\u00e1 marcada para esta segunda-feira (7), data em que se comemora o Dia da Independ\u00eancia. Nos bastidores, a estrat\u00e9gia \u00e9 tratada como o lan\u00e7amento de uma televis\u00e3o digital pr\u00f3pria da candidatura, idealizada e desenvolvida pelo grupo liderado pelo marqueteiro Duda Lima.<\/p>\n<h2>Estrutura e planejamento da transmiss\u00e3o<\/h2>\n<p>O projeto audiovisual vinha sendo desenhado h\u00e1 semanas pela equipe de articula\u00e7\u00e3o pol\u00edtica. Ainda no m\u00eas de agosto, assessores do candidato confirmaram que avaliavam a cria\u00e7\u00e3o de uma grade fixa na plataforma YouTube.<\/p>\n<p>Essa programa\u00e7\u00e3o ininterrupta contar\u00e1 com a exibi\u00e7\u00e3o de transmiss\u00f5es ao vivo, pe\u00e7as de propaganda eleitoral, v\u00eddeos institucionais, an\u00e1lises de apoiadores e material de campanha at\u00e9 o encerramento do pleito.<\/p>\n<h2>Hospedagem e canais oficiais<\/h2>\n<p>Para garantir a regularidade jur\u00eddica da iniciativa, todo o material veiculado no canal 24 horas ser\u00e1 hospedado exclusivamente nos perfis oficiais do candidato que j\u00e1 foram devidamente declarados e registrados junto ao Tribunal Superior Eleitoral (TSE).<\/p>\n<p>O an\u00fancio oficial da novidade ocorre na v\u00e9spera de manifesta\u00e7\u00f5es p\u00fablicas agendadas para o feriado de 7 de setembro, atos que buscam fortalecer a candidatura do pol\u00edtico e que devem contar com pautas voltadas ao Supremo Tribunal Federal.<\/p>\n<p>Por Reda\u00e7\u00e3o Acontece<\/p>\n<p>Cr\u00e9ditos da imagem: Reprodu\u00e7\u00e3o \/ Redes Sociais<\/p>\n","protected":false},"excerpt":{"rendered":"<p>A equipe de campanha do candidato \u00e0 presid\u00eancia Fl\u00e1vio Bolsonaro (PL) preparou o lan\u00e7amento oficial de uma plataforma de transmiss\u00e3o cont\u00ednua, que funcionar\u00e1 24 horas por dia com foco total na divulga\u00e7\u00e3o eleitoral para eleitores do Paran\u00e1 e de todo o Brasil. Novidade chega no Dia da Independ\u00eancia A estreia oficial da programa\u00e7\u00e3o est\u00e1 marcada [&hellip;]<\/p>\n","protected":false},"author":0,"featured_media":36869,"comment_status":"open","ping_status":"open","sticky":false,"template":"","format":"standard","meta":{"_monsterinsights_skip_tracking":false,"_uf_show_specific_survey":0,"_uf_disable_surveys":false,"footnotes":""},"categories":[6],"tags":[],"class_list":["post-36861","post","type-post","status-publish","format-standard","has-post-thumbnail","hentry","category-mercosul"],"aioseo_notices":[],"aioseo_head":"\n\t\t<!-- All in One SEO 5.0.1.1 - aioseo.com -->\n\t<meta name=\"description\" content=\"A equipe de campanha do candidato \u00e0 presid\u00eancia Fl\u00e1vio Bolsonaro (PL) preparou o lan\u00e7amento oficial de uma plataforma de transmiss\u00e3o cont\u00ednua, que funcionar\u00e1 24 horas por dia com foco total na divulga\u00e7\u00e3o eleitoral para eleitores do Paran\u00e1 e de todo o Brasil. Novidade chega no Dia da Independ\u00eancia A estreia oficial da programa\u00e7\u00e3o est\u00e1 marcada\" \/>\n\t<meta name=\"robots\" content=\"max-image-preview:large\" \/>\n\t<link rel=\"canonical\" href=\"https:\/\/acontecenafronteira.com.br\/index.php\/2026\/09\/06\/flavio-bolsonaro-lanca-tv-digital-24h-no-parana\/\" \/>\n\t<meta name=\"generator\" content=\"All in One SEO (AIOSEO) 5.0.1.1\" \/>\n\t\t<meta property=\"og:locale\" content=\"pt_PT\" \/>\n\t\t<meta property=\"og:site_name\" content=\"Acontece Na Fronteira - Noticias da Triplice Fronteira\" \/>\n\t\t<meta property=\"og:type\" content=\"article\" \/>\n\t\t<meta property=\"og:title\" content=\"Fl\u00e1vio Bolsonaro lan\u00e7a TV digital 24h no Paran\u00e1 - Acontece Na Fronteira\" \/>\n\t\t<meta property=\"og:description\" content=\"A equipe de campanha do candidato \u00e0 presid\u00eancia Fl\u00e1vio Bolsonaro (PL) preparou o lan\u00e7amento oficial de uma plataforma de transmiss\u00e3o cont\u00ednua, que funcionar\u00e1 24 horas por dia com foco total na divulga\u00e7\u00e3o eleitoral para eleitores do Paran\u00e1 e de todo o Brasil. Novidade chega no Dia da Independ\u00eancia A estreia oficial da programa\u00e7\u00e3o est\u00e1 marcada\" \/>\n\t\t<meta property=\"og:url\" content=\"https:\/\/acontecenafronteira.com.br\/index.php\/2026\/09\/06\/flavio-bolsonaro-lanca-tv-digital-24h-no-parana\/\" \/>\n\t\t<meta property=\"og:image\" content=\"https:\/\/acontecenafronteira.com.br\/wp-content\/uploads\/2021\/11\/logo-acontece-1.jpg\" \/>\n\t\t<meta property=\"og:image:secure_url\" content=\"https:\/\/acontecenafronteira.com.br\/wp-content\/uploads\/2021\/11\/logo-acontece-1.jpg\" \/>\n\t\t<meta property=\"article:published_time\" content=\"2026-09-06T19:37:40+00:00\" \/>\n\t\t<meta property=\"article:modified_time\" content=\"2026-09-06T19:37:40+00:00\" \/>\n\t\t<meta name=\"twitter:card\" content=\"summary_large_image\" \/>\n\t\t<meta name=\"twitter:title\" content=\"Fl\u00e1vio Bolsonaro lan\u00e7a TV digital 24h no Paran\u00e1 - Acontece Na Fronteira\" \/>\n\t\t<meta name=\"twitter:description\" content=\"A equipe de campanha do candidato \u00e0 presid\u00eancia Fl\u00e1vio Bolsonaro (PL) preparou o lan\u00e7amento oficial de uma plataforma de transmiss\u00e3o cont\u00ednua, que funcionar\u00e1 24 horas por dia com foco total na divulga\u00e7\u00e3o eleitoral para eleitores do Paran\u00e1 e de todo o Brasil. Novidade chega no Dia da Independ\u00eancia A estreia oficial da programa\u00e7\u00e3o est\u00e1 marcada\" \/>\n\t\t<meta name=\"twitter:image\" content=\"https:\/\/acontecenafronteira.com.br\/wp-content\/uploads\/2021\/11\/logo-acontece-1.jpg\" \/>\n\t\t<script type=\"application\/ld+json\" class=\"aioseo-schema\">\n\t\t\t{\"@context\":\"https:\\\/\\\/schema.org\",\"@graph\":[{\"@type\":\"BlogPosting\",\"@id\":\"https:\\\/\\\/acontecenafronteira.com.br\\\/index.php\\\/2026\\\/09\\\/06\\\/flavio-bolsonaro-lanca-tv-digital-24h-no-parana\\\/#blogposting\",\"name\":\"Fl\\u00e1vio Bolsonaro lan\\u00e7a TV digital 24h no Paran\\u00e1 - Acontece Na Fronteira\",\"headline\":\"Fl\\u00e1vio Bolsonaro lan\\u00e7a TV digital 24h no Paran\\u00e1\",\"author\":{\"@id\":\"https:\\\/\\\/acontecenafronteira.com.br\\\/index.php\\\/author\\\/#author\"},\"publisher\":{\"@id\":\"https:\\\/\\\/acontecenafronteira.com.br\\\/#organization\"},\"image\":{\"@type\":\"ImageObject\",\"url\":\"https:\\\/\\\/acontecenafronteira.com.br\\\/wp-content\\\/uploads\\\/2026\\\/09\\\/flavio-bolsonaro-deve-estrear-canal-24h-com-conteudo-de-campanha-no-7-9-1788723459.jpg?v=1788723460\",\"width\":1200,\"height\":800,\"caption\":\"Fl\\u00e1vio Bolsonaro deve estrear canal 24h com conte\\u00fado de campanha no 7\\\/9\"},\"datePublished\":\"2026-09-06T16:37:40-03:00\",\"dateModified\":\"2026-09-06T16:37:40-03:00\",\"inLanguage\":\"pt-PT\",\"mainEntityOfPage\":{\"@id\":\"https:\\\/\\\/acontecenafronteira.com.br\\\/index.php\\\/2026\\\/09\\\/06\\\/flavio-bolsonaro-lanca-tv-digital-24h-no-parana\\\/#webpage\"},\"isPartOf\":{\"@id\":\"https:\\\/\\\/acontecenafronteira.com.br\\\/index.php\\\/2026\\\/09\\\/06\\\/flavio-bolsonaro-lanca-tv-digital-24h-no-parana\\\/#webpage\"},\"articleSection\":\"Mercosul\"},{\"@type\":\"BreadcrumbList\",\"@id\":\"https:\\\/\\\/acontecenafronteira.com.br\\\/index.php\\\/2026\\\/09\\\/06\\\/flavio-bolsonaro-lanca-tv-digital-24h-no-parana\\\/#breadcrumblist\",\"itemListElement\":[{\"@type\":\"ListItem\",\"@id\":\"https:\\\/\\\/acontecenafronteira.com.br#listItem\",\"position\":1,\"name\":\"Home\",\"item\":\"https:\\\/\\\/acontecenafronteira.com.br\",\"nextItem\":{\"@type\":\"ListItem\",\"@id\":\"https:\\\/\\\/acontecenafronteira.com.br\\\/index.php\\\/category\\\/mercosul\\\/#listItem\",\"name\":\"Mercosul\"}},{\"@type\":\"ListItem\",\"@id\":\"https:\\\/\\\/acontecenafronteira.com.br\\\/index.php\\\/category\\\/mercosul\\\/#listItem\",\"position\":2,\"name\":\"Mercosul\",\"item\":\"https:\\\/\\\/acontecenafronteira.com.br\\\/index.php\\\/category\\\/mercosul\\\/\",\"nextItem\":{\"@type\":\"ListItem\",\"@id\":\"https:\\\/\\\/acontecenafronteira.com.br\\\/index.php\\\/2026\\\/09\\\/06\\\/flavio-bolsonaro-lanca-tv-digital-24h-no-parana\\\/#listItem\",\"name\":\"Fl\\u00e1vio Bolsonaro lan\\u00e7a TV digital 24h no Paran\\u00e1\"},\"previousItem\":{\"@type\":\"ListItem\",\"@id\":\"https:\\\/\\\/acontecenafronteira.com.br#listItem\",\"name\":\"Home\"}},{\"@type\":\"ListItem\",\"@id\":\"https:\\\/\\\/acontecenafronteira.com.br\\\/index.php\\\/2026\\\/09\\\/06\\\/flavio-bolsonaro-lanca-tv-digital-24h-no-parana\\\/#listItem\",\"position\":3,\"name\":\"Fl\\u00e1vio Bolsonaro lan\\u00e7a TV digital 24h no Paran\\u00e1\",\"previousItem\":{\"@type\":\"ListItem\",\"@id\":\"https:\\\/\\\/acontecenafronteira.com.br\\\/index.php\\\/category\\\/mercosul\\\/#listItem\",\"name\":\"Mercosul\"}}]},{\"@type\":\"Organization\",\"@id\":\"https:\\\/\\\/acontecenafronteira.com.br\\\/#organization\",\"name\":\"Acontece Na Fronteira\",\"description\":\"Noticias da Triplice Fronteira\",\"url\":\"https:\\\/\\\/acontecenafronteira.com.br\\\/\",\"logo\":{\"@type\":\"ImageObject\",\"url\":\"https:\\\/\\\/acontecenafronteira.com.br\\\/wp-content\\\/uploads\\\/2021\\\/11\\\/logo-acontece-1.jpg\",\"@id\":\"https:\\\/\\\/acontecenafronteira.com.br\\\/index.php\\\/2026\\\/09\\\/06\\\/flavio-bolsonaro-lanca-tv-digital-24h-no-parana\\\/#organizationLogo\",\"width\":519,\"height\":134},\"image\":{\"@id\":\"https:\\\/\\\/acontecenafronteira.com.br\\\/index.php\\\/2026\\\/09\\\/06\\\/flavio-bolsonaro-lanca-tv-digital-24h-no-parana\\\/#organizationLogo\"}},{\"@type\":\"WebPage\",\"@id\":\"https:\\\/\\\/acontecenafronteira.com.br\\\/index.php\\\/2026\\\/09\\\/06\\\/flavio-bolsonaro-lanca-tv-digital-24h-no-parana\\\/#webpage\",\"url\":\"https:\\\/\\\/acontecenafronteira.com.br\\\/index.php\\\/2026\\\/09\\\/06\\\/flavio-bolsonaro-lanca-tv-digital-24h-no-parana\\\/\",\"name\":\"Fl\\u00e1vio Bolsonaro lan\\u00e7a TV digital 24h no Paran\\u00e1 - Acontece Na Fronteira\",\"description\":\"A equipe de campanha do candidato \\u00e0 presid\\u00eancia Fl\\u00e1vio Bolsonaro (PL) preparou o lan\\u00e7amento oficial de uma plataforma de transmiss\\u00e3o cont\\u00ednua, que funcionar\\u00e1 24 horas por dia com foco total na divulga\\u00e7\\u00e3o eleitoral para eleitores do Paran\\u00e1 e de todo o Brasil. Novidade chega no Dia da Independ\\u00eancia A estreia oficial da programa\\u00e7\\u00e3o est\\u00e1 marcada\",\"inLanguage\":\"pt-PT\",\"isPartOf\":{\"@id\":\"https:\\\/\\\/acontecenafronteira.com.br\\\/#website\"},\"breadcrumb\":{\"@id\":\"https:\\\/\\\/acontecenafronteira.com.br\\\/index.php\\\/2026\\\/09\\\/06\\\/flavio-bolsonaro-lanca-tv-digital-24h-no-parana\\\/#breadcrumblist\"},\"author\":{\"@id\":\"https:\\\/\\\/acontecenafronteira.com.br\\\/index.php\\\/author\\\/#author\"},\"creator\":{\"@id\":\"https:\\\/\\\/acontecenafronteira.com.br\\\/index.php\\\/author\\\/#author\"},\"image\":{\"@type\":\"ImageObject\",\"url\":\"https:\\\/\\\/acontecenafronteira.com.br\\\/wp-content\\\/uploads\\\/2026\\\/09\\\/flavio-bolsonaro-deve-estrear-canal-24h-com-conteudo-de-campanha-no-7-9-1788723459.jpg?v=1788723460\",\"@id\":\"https:\\\/\\\/acontecenafronteira.com.br\\\/index.php\\\/2026\\\/09\\\/06\\\/flavio-bolsonaro-lanca-tv-digital-24h-no-parana\\\/#mainImage\",\"width\":1200,\"height\":800,\"caption\":\"Fl\\u00e1vio Bolsonaro deve estrear canal 24h com conte\\u00fado de campanha no 7\\\/9\"},\"primaryImageOfPage\":{\"@id\":\"https:\\\/\\\/acontecenafronteira.com.br\\\/index.php\\\/2026\\\/09\\\/06\\\/flavio-bolsonaro-lanca-tv-digital-24h-no-parana\\\/#mainImage\"},\"datePublished\":\"2026-09-06T16:37:40-03:00\",\"dateModified\":\"2026-09-06T16:37:40-03:00\"},{\"@type\":\"WebSite\",\"@id\":\"https:\\\/\\\/acontecenafronteira.com.br\\\/#website\",\"url\":\"https:\\\/\\\/acontecenafronteira.com.br\\\/\",\"name\":\"Acontece Na Fronteira\",\"description\":\"Noticias da Triplice Fronteira\",\"inLanguage\":\"pt-PT\",\"publisher\":{\"@id\":\"https:\\\/\\\/acontecenafronteira.com.br\\\/#organization\"}}]}\n\t\t<\/script>\n\t\t<!-- All in One SEO -->\n\n","aioseo_head_json":{"title":"Fl\u00e1vio Bolsonaro lan\u00e7a TV digital 24h no Paran\u00e1 - Acontece Na Fronteira","description":"A equipe de campanha do candidato \u00e0 presid\u00eancia Fl\u00e1vio Bolsonaro (PL) preparou o lan\u00e7amento oficial de uma plataforma de transmiss\u00e3o cont\u00ednua, que funcionar\u00e1 24 horas por dia com foco total na divulga\u00e7\u00e3o eleitoral para eleitores do Paran\u00e1 e de todo o Brasil. Novidade chega no Dia da Independ\u00eancia A estreia oficial da programa\u00e7\u00e3o est\u00e1 marcada","canonical_url":"https:\/\/acontecenafronteira.com.br\/index.php\/2026\/09\/06\/flavio-bolsonaro-lanca-tv-digital-24h-no-parana\/","robots":"max-image-preview:large","keywords":"","webmasterTools":{"miscellaneous":""},"schema":{"@context":"https:\/\/schema.org","@graph":[{"@type":"BlogPosting","@id":"https:\/\/acontecenafronteira.com.br\/index.php\/2026\/09\/06\/flavio-bolsonaro-lanca-tv-digital-24h-no-parana\/#blogposting","name":"Fl\u00e1vio Bolsonaro lan\u00e7a TV digital 24h no Paran\u00e1 - Acontece Na Fronteira","headline":"Fl\u00e1vio Bolsonaro lan\u00e7a TV digital 24h no Paran\u00e1","author":{"@id":"https:\/\/acontecenafronteira.com.br\/index.php\/author\/#author"},"publisher":{"@id":"https:\/\/acontecenafronteira.com.br\/#organization"},"image":{"@type":"ImageObject","url":"https:\/\/acontecenafronteira.com.br\/wp-content\/uploads\/2026\/09\/flavio-bolsonaro-deve-estrear-canal-24h-com-conteudo-de-campanha-no-7-9-1788723459.jpg?v=1788723460","width":1200,"height":800,"caption":"Fl\u00e1vio Bolsonaro deve estrear canal 24h com conte\u00fado de campanha no 7\/9"},"datePublished":"2026-09-06T16:37:40-03:00","dateModified":"2026-09-06T16:37:40-03:00","inLanguage":"pt-PT","mainEntityOfPage":{"@id":"https:\/\/acontecenafronteira.com.br\/index.php\/2026\/09\/06\/flavio-bolsonaro-lanca-tv-digital-24h-no-parana\/#webpage"},"isPartOf":{"@id":"https:\/\/acontecenafronteira.com.br\/index.php\/2026\/09\/06\/flavio-bolsonaro-lanca-tv-digital-24h-no-parana\/#webpage"},"articleSection":"Mercosul"},{"@type":"BreadcrumbList","@id":"https:\/\/acontecenafronteira.com.br\/index.php\/2026\/09\/06\/flavio-bolsonaro-lanca-tv-digital-24h-no-parana\/#breadcrumblist","itemListElement":[{"@type":"ListItem","@id":"https:\/\/acontecenafronteira.com.br#listItem","position":1,"name":"Home","item":"https:\/\/acontecenafronteira.com.br","nextItem":{"@type":"ListItem","@id":"https:\/\/acontecenafronteira.com.br\/index.php\/category\/mercosul\/#listItem","name":"Mercosul"}},{"@type":"ListItem","@id":"https:\/\/acontecenafronteira.com.br\/index.php\/category\/mercosul\/#listItem","position":2,"name":"Mercosul","item":"https:\/\/acontecenafronteira.com.br\/index.php\/category\/mercosul\/","nextItem":{"@type":"ListItem","@id":"https:\/\/acontecenafronteira.com.br\/index.php\/2026\/09\/06\/flavio-bolsonaro-lanca-tv-digital-24h-no-parana\/#listItem","name":"Fl\u00e1vio Bolsonaro lan\u00e7a TV digital 24h no Paran\u00e1"},"previousItem":{"@type":"ListItem","@id":"https:\/\/acontecenafronteira.com.br#listItem","name":"Home"}},{"@type":"ListItem","@id":"https:\/\/acontecenafronteira.com.br\/index.php\/2026\/09\/06\/flavio-bolsonaro-lanca-tv-digital-24h-no-parana\/#listItem","position":3,"name":"Fl\u00e1vio Bolsonaro lan\u00e7a TV digital 24h no Paran\u00e1","previousItem":{"@type":"ListItem","@id":"https:\/\/acontecenafronteira.com.br\/index.php\/category\/mercosul\/#listItem","name":"Mercosul"}}]},{"@type":"Organization","@id":"https:\/\/acontecenafronteira.com.br\/#organization","name":"Acontece Na Fronteira","description":"Noticias da Triplice Fronteira","url":"https:\/\/acontecenafronteira.com.br\/","logo":{"@type":"ImageObject","url":"https:\/\/acontecenafronteira.com.br\/wp-content\/uploads\/2021\/11\/logo-acontece-1.jpg","@id":"https:\/\/acontecenafronteira.com.br\/index.php\/2026\/09\/06\/flavio-bolsonaro-lanca-tv-digital-24h-no-parana\/#organizationLogo","width":519,"height":134},"image":{"@id":"https:\/\/acontecenafronteira.com.br\/index.php\/2026\/09\/06\/flavio-bolsonaro-lanca-tv-digital-24h-no-parana\/#organizationLogo"}},{"@type":"WebPage","@id":"https:\/\/acontecenafronteira.com.br\/index.php\/2026\/09\/06\/flavio-bolsonaro-lanca-tv-digital-24h-no-parana\/#webpage","url":"https:\/\/acontecenafronteira.com.br\/index.php\/2026\/09\/06\/flavio-bolsonaro-lanca-tv-digital-24h-no-parana\/","name":"Fl\u00e1vio Bolsonaro lan\u00e7a TV digital 24h no Paran\u00e1 - Acontece Na Fronteira","description":"A equipe de campanha do candidato \u00e0 presid\u00eancia Fl\u00e1vio Bolsonaro (PL) preparou o lan\u00e7amento oficial de uma plataforma de transmiss\u00e3o cont\u00ednua, que funcionar\u00e1 24 horas por dia com foco total na divulga\u00e7\u00e3o eleitoral para eleitores do Paran\u00e1 e de todo o Brasil. Novidade chega no Dia da Independ\u00eancia A estreia oficial da programa\u00e7\u00e3o est\u00e1 marcada","inLanguage":"pt-PT","isPartOf":{"@id":"https:\/\/acontecenafronteira.com.br\/#website"},"breadcrumb":{"@id":"https:\/\/acontecenafronteira.com.br\/index.php\/2026\/09\/06\/flavio-bolsonaro-lanca-tv-digital-24h-no-parana\/#breadcrumblist"},"author":{"@id":"https:\/\/acontecenafronteira.com.br\/index.php\/author\/#author"},"creator":{"@id":"https:\/\/acontecenafronteira.com.br\/index.php\/author\/#author"},"image":{"@type":"ImageObject","url":"https:\/\/acontecenafronteira.com.br\/wp-content\/uploads\/2026\/09\/flavio-bolsonaro-deve-estrear-canal-24h-com-conteudo-de-campanha-no-7-9-1788723459.jpg?v=1788723460","@id":"https:\/\/acontecenafronteira.com.br\/index.php\/2026\/09\/06\/flavio-bolsonaro-lanca-tv-digital-24h-no-parana\/#mainImage","width":1200,"height":800,"caption":"Fl\u00e1vio Bolsonaro deve estrear canal 24h com conte\u00fado de campanha no 7\/9"},"primaryImageOfPage":{"@id":"https:\/\/acontecenafronteira.com.br\/index.php\/2026\/09\/06\/flavio-bolsonaro-lanca-tv-digital-24h-no-parana\/#mainImage"},"datePublished":"2026-09-06T16:37:40-03:00","dateModified":"2026-09-06T16:37:40-03:00"},{"@type":"WebSite","@id":"https:\/\/acontecenafronteira.com.br\/#website","url":"https:\/\/acontecenafronteira.com.br\/","name":"Acontece Na Fronteira","description":"Noticias da Triplice Fronteira","inLanguage":"pt-PT","publisher":{"@id":"https:\/\/acontecenafronteira.com.br\/#organization"}}]},"og:locale":"pt_PT","og:site_name":"Acontece Na Fronteira - Noticias da Triplice Fronteira","og:type":"article","og:title":"Fl\u00e1vio Bolsonaro lan\u00e7a TV digital 24h no Paran\u00e1 - Acontece Na Fronteira","og:description":"A equipe de campanha do candidato \u00e0 presid\u00eancia Fl\u00e1vio Bolsonaro (PL) preparou o lan\u00e7amento oficial de uma plataforma de transmiss\u00e3o cont\u00ednua, que funcionar\u00e1 24 horas por dia com foco total na divulga\u00e7\u00e3o eleitoral para eleitores do Paran\u00e1 e de todo o Brasil. Novidade chega no Dia da Independ\u00eancia A estreia oficial da programa\u00e7\u00e3o est\u00e1 marcada","og:url":"https:\/\/acontecenafronteira.com.br\/index.php\/2026\/09\/06\/flavio-bolsonaro-lanca-tv-digital-24h-no-parana\/","og:image":"https:\/\/acontecenafronteira.com.br\/wp-content\/uploads\/2021\/11\/logo-acontece-1.jpg","og:image:secure_url":"https:\/\/acontecenafronteira.com.br\/wp-content\/uploads\/2021\/11\/logo-acontece-1.jpg","article:published_time":"2026-09-06T19:37:40+00:00","article:modified_time":"2026-09-06T19:37:40+00:00","twitter:card":"summary_large_image","twitter:title":"Fl\u00e1vio Bolsonaro lan\u00e7a TV digital 24h no Paran\u00e1 - Acontece Na Fronteira","twitter:description":"A equipe de campanha do candidato \u00e0 presid\u00eancia Fl\u00e1vio Bolsonaro (PL) preparou o lan\u00e7amento oficial de uma plataforma de transmiss\u00e3o cont\u00ednua, que funcionar\u00e1 24 horas por dia com foco total na divulga\u00e7\u00e3o eleitoral para eleitores do Paran\u00e1 e de todo o Brasil. Novidade chega no Dia da Independ\u00eancia A estreia oficial da programa\u00e7\u00e3o est\u00e1 marcada","twitter:image":"https:\/\/acontecenafronteira.com.br\/wp-content\/uploads\/2021\/11\/logo-acontece-1.jpg"},"aioseo_meta_data":[],"aioseo_breadcrumb":"<div class=\"aioseo-breadcrumbs\"><span class=\"aioseo-breadcrumb\">\n\t\t\t<a href=\"https:\/\/acontecenafronteira.com.br\" title=\"Home\">Home<\/a>\n\t\t<\/span><span class=\"aioseo-breadcrumb-separator\">&raquo;<\/span><span class=\"aioseo-breadcrumb\">\n\t\t\t<a href=\"https:\/\/acontecenafronteira.com.br\/index.php\/category\/mercosul\/\" title=\"Mercosul\">Mercosul<\/a>\n\t\t<\/span><span class=\"aioseo-breadcrumb-separator\">&raquo;<\/span><span class=\"aioseo-breadcrumb\">\n\t\t\tFl\u00e1vio Bolsonaro lan\u00e7a TV digital 24h no Paran\u00e1\n\t\t<\/span><\/div>","aioseo_breadcrumb_json":[{"label":"Home","link":"https:\/\/acontecenafronteira.com.br"},{"label":"Mercosul","link":"https:\/\/acontecenafronteira.com.br\/index.php\/category\/mercosul\/"},{"label":"Fl\u00e1vio Bolsonaro lan\u00e7a TV digital 24h no Paran\u00e1","link":"https:\/\/acontecenafronteira.com.br\/index.php\/2026\/09\/06\/flavio-bolsonaro-lanca-tv-digital-24h-no-parana\/"}],"_links":{"self":[{"href":"https:\/\/acontecenafronteira.com.br\/index.php\/wp-json\/wp\/v2\/posts\/36861","targetHints":{"allow":["GET"]}}],"collection":[{"href":"https:\/\/acontecenafronteira.com.br\/index.php\/wp-json\/wp\/v2\/posts"}],"about":[{"href":"https:\/\/acontecenafronteira.com.br\/index.php\/wp-json\/wp\/v2\/types\/post"}],"replies":[{"embeddable":true,"href":"https:\/\/acontecenafronteira.com.br\/index.php\/wp-json\/wp\/v2\/comments?post=36861"}],"version-history":[{"count":1,"href":"https:\/\/acontecenafronteira.com.br\/index.php\/wp-json\/wp\/v2\/posts\/36861\/revisions"}],"predecessor-version":[{"id":36868,"href":"https:\/\/acontecenafronteira.com.br\/index.php\/wp-json\/wp\/v2\/posts\/36861\/revisions\/36868"}],"wp:featuredmedia":[{"embeddable":true,"href":"https:\/\/acontecenafronteira.com.br\/index.php\/wp-json\/wp\/v2\/media\/36869"}],"wp:attachment":[{"href":"https:\/\/acontecenafronteira.com.br\/index.php\/wp-json\/wp\/v2\/media?parent=36861"}],"wp:term":[{"taxonomy":"category","embeddable":true,"href":"https:\/\/acontecenafronteira.com.br\/index.php\/wp-json\/wp\/v2\/categories?post=36861"},{"taxonomy":"post_tag","embeddable":true,"href":"https:\/\/acontecenafronteira.com.br\/index.php\/wp-json\/wp\/v2\/tags?post=36861"}],"curies":[{"name":"wp","href":"https:\/\/api.w.org\/{rel}","templated":true}]}}