{"id":36860,"date":"2026-09-06T16:37:29","date_gmt":"2026-09-06T19:37:29","guid":{"rendered":"https:\/\/acontecenafronteira.com.br\/?p=36860"},"modified":"2026-09-06T16:37:29","modified_gmt":"2026-09-06T19:37:29","slug":"temporal-em-foz-do-iguacu-cancela-eventos-e-altera-agenda-cultural","status":"publish","type":"post","link":"https:\/\/acontecenafronteira.com.br\/index.php\/2026\/09\/06\/temporal-em-foz-do-iguacu-cancela-eventos-e-altera-agenda-cultural\/","title":{"rendered":"Temporal em Foz do Igua\u00e7u cancela eventos e altera agenda cultural"},"content":{"rendered":"<p>Temporal com rajadas intensas de vento atingiu estruturas e causou o cancelamento de celebra\u00e7\u00f5es importantes, al\u00e9m de provocar mudan\u00e7as na agenda de shows programados.<\/p>\n<h2>Estruturas danificadas em feiras e festas<\/h2>\n<p>Uma forte ventania acompanhada de precipita\u00e7\u00e3o intensa provocou a queda de tendas montadas em pra\u00e7as p\u00fablicas, deixando feridos que precisaram de atendimento m\u00e9dico imediato em unidades de pronto-socorro. Os locais atingidos foram isolados por equipes de seguran\u00e7a para evitar novos acidentes durante a desmontagem dos equipamentos danificados.<\/p>\n<h2>Impacto na programa\u00e7\u00e3o art\u00edstica<\/h2>\n<p>Parques de exposi\u00e7\u00f5es registraram lonas rasgadas, camarotes destru\u00eddos e \u00e1rvores ca\u00eddas devido \u00e0 for\u00e7a das rajadas de ar. Diante dos preju\u00edzos materiais e visando garantir a integridade do p\u00fablico, a produ\u00e7\u00e3o dos espet\u00e1culos optou por adiar as apresenta\u00e7\u00f5es musicais e remanejar o cronograma de shows.<\/p>\n<p>A organiza\u00e7\u00e3o informou que novas atualiza\u00e7\u00f5es sobre o andamento das festividades ser\u00e3o divulgadas atrav\u00e9s dos canais oficiais de comunica\u00e7\u00e3o, recomendando que os participantes verifiquem o status das atra\u00e7\u00f5es antes de se dirigirem aos locais dos eventos.<\/p>\n<p>Por Reda\u00e7\u00e3o Acontece<\/p>\n<p>Cr\u00e9ditos da imagem: Divulga\u00e7\u00e3o \/ Corpo de Bombeiros<\/p>\n","protected":false},"excerpt":{"rendered":"<p>Temporal com rajadas intensas de vento atingiu estruturas e causou o cancelamento de celebra\u00e7\u00f5es importantes, al\u00e9m de provocar mudan\u00e7as na agenda de shows programados. Estruturas danificadas em feiras e festas Uma forte ventania acompanhada de precipita\u00e7\u00e3o intensa provocou a queda de tendas montadas em pra\u00e7as p\u00fablicas, deixando feridos que precisaram de atendimento m\u00e9dico imediato em [&hellip;]<\/p>\n","protected":false},"author":0,"featured_media":36867,"comment_status":"open","ping_status":"open","sticky":false,"template":"","format":"standard","meta":{"_monsterinsights_skip_tracking":false,"_uf_show_specific_survey":0,"_uf_disable_surveys":false,"footnotes":""},"categories":[6],"tags":[],"class_list":["post-36860","post","type-post","status-publish","format-standard","has-post-thumbnail","hentry","category-mercosul"],"aioseo_notices":[],"aioseo_head":"\n\t\t<!-- All in One SEO 5.0.1.1 - aioseo.com -->\n\t<meta name=\"description\" content=\"Temporal com rajadas intensas de vento atingiu estruturas e causou o cancelamento de celebra\u00e7\u00f5es importantes, al\u00e9m de provocar mudan\u00e7as na agenda de shows programados. Estruturas danificadas em feiras e festas Uma forte ventania acompanhada de precipita\u00e7\u00e3o intensa provocou a queda de tendas montadas em pra\u00e7as p\u00fablicas, deixando feridos que precisaram de atendimento m\u00e9dico imediato em\" \/>\n\t<meta name=\"robots\" content=\"max-image-preview:large\" \/>\n\t<link rel=\"canonical\" href=\"https:\/\/acontecenafronteira.com.br\/index.php\/2026\/09\/06\/temporal-em-foz-do-iguacu-cancela-eventos-e-altera-agenda-cultural\/\" \/>\n\t<meta name=\"generator\" content=\"All in One SEO (AIOSEO) 5.0.1.1\" \/>\n\t\t<meta property=\"og:locale\" content=\"pt_PT\" \/>\n\t\t<meta property=\"og:site_name\" content=\"Acontece Na Fronteira - Noticias da Triplice Fronteira\" \/>\n\t\t<meta property=\"og:type\" content=\"article\" \/>\n\t\t<meta property=\"og:title\" content=\"Temporal em Foz do Igua\u00e7u cancela eventos e altera agenda cultural - Acontece Na Fronteira\" \/>\n\t\t<meta property=\"og:description\" content=\"Temporal com rajadas intensas de vento atingiu estruturas e causou o cancelamento de celebra\u00e7\u00f5es importantes, al\u00e9m de provocar mudan\u00e7as na agenda de shows programados. Estruturas danificadas em feiras e festas Uma forte ventania acompanhada de precipita\u00e7\u00e3o intensa provocou a queda de tendas montadas em pra\u00e7as p\u00fablicas, deixando feridos que precisaram de atendimento m\u00e9dico imediato em\" \/>\n\t\t<meta property=\"og:url\" content=\"https:\/\/acontecenafronteira.com.br\/index.php\/2026\/09\/06\/temporal-em-foz-do-iguacu-cancela-eventos-e-altera-agenda-cultural\/\" \/>\n\t\t<meta property=\"og:image\" content=\"https:\/\/acontecenafronteira.com.br\/wp-content\/uploads\/2021\/11\/logo-acontece-1.jpg\" \/>\n\t\t<meta property=\"og:image:secure_url\" content=\"https:\/\/acontecenafronteira.com.br\/wp-content\/uploads\/2021\/11\/logo-acontece-1.jpg\" \/>\n\t\t<meta property=\"article:published_time\" content=\"2026-09-06T19:37:29+00:00\" \/>\n\t\t<meta property=\"article:modified_time\" content=\"2026-09-06T19:37:29+00:00\" \/>\n\t\t<meta name=\"twitter:card\" content=\"summary_large_image\" \/>\n\t\t<meta name=\"twitter:title\" content=\"Temporal em Foz do Igua\u00e7u cancela eventos e altera agenda cultural - Acontece Na Fronteira\" \/>\n\t\t<meta name=\"twitter:description\" content=\"Temporal com rajadas intensas de vento atingiu estruturas e causou o cancelamento de celebra\u00e7\u00f5es importantes, al\u00e9m de provocar mudan\u00e7as na agenda de shows programados. Estruturas danificadas em feiras e festas Uma forte ventania acompanhada de precipita\u00e7\u00e3o intensa provocou a queda de tendas montadas em pra\u00e7as p\u00fablicas, deixando feridos que precisaram de atendimento m\u00e9dico imediato em\" \/>\n\t\t<meta name=\"twitter:image\" content=\"https:\/\/acontecenafronteira.com.br\/wp-content\/uploads\/2021\/11\/logo-acontece-1.jpg\" \/>\n\t\t<script type=\"application\/ld+json\" class=\"aioseo-schema\">\n\t\t\t{\"@context\":\"https:\\\/\\\/schema.org\",\"@graph\":[{\"@type\":\"BlogPosting\",\"@id\":\"https:\\\/\\\/acontecenafronteira.com.br\\\/index.php\\\/2026\\\/09\\\/06\\\/temporal-em-foz-do-iguacu-cancela-eventos-e-altera-agenda-cultural\\\/#blogposting\",\"name\":\"Temporal em Foz do Igua\\u00e7u cancela eventos e altera agenda cultural - Acontece Na Fronteira\",\"headline\":\"Temporal em Foz do Igua\\u00e7u cancela eventos e altera agenda cultural\",\"author\":{\"@id\":\"https:\\\/\\\/acontecenafronteira.com.br\\\/index.php\\\/author\\\/#author\"},\"publisher\":{\"@id\":\"https:\\\/\\\/acontecenafronteira.com.br\\\/#organization\"},\"image\":{\"@type\":\"ImageObject\",\"url\":\"https:\\\/\\\/acontecenafronteira.com.br\\\/wp-content\\\/uploads\\\/2026\\\/09\\\/chuva-forte-em-mg-danifica-estruturas-da-expoclaudio-e-altera-programacao-1788723448.jpg?v=1788723449\",\"width\":1200,\"height\":800,\"caption\":\"Chuva forte em MG danifica estruturas da ExpoCl\\u00e1udio e altera programa\\u00e7\\u00e3o\"},\"datePublished\":\"2026-09-06T16:37:29-03:00\",\"dateModified\":\"2026-09-06T16:37:29-03:00\",\"inLanguage\":\"pt-PT\",\"mainEntityOfPage\":{\"@id\":\"https:\\\/\\\/acontecenafronteira.com.br\\\/index.php\\\/2026\\\/09\\\/06\\\/temporal-em-foz-do-iguacu-cancela-eventos-e-altera-agenda-cultural\\\/#webpage\"},\"isPartOf\":{\"@id\":\"https:\\\/\\\/acontecenafronteira.com.br\\\/index.php\\\/2026\\\/09\\\/06\\\/temporal-em-foz-do-iguacu-cancela-eventos-e-altera-agenda-cultural\\\/#webpage\"},\"articleSection\":\"Mercosul\"},{\"@type\":\"BreadcrumbList\",\"@id\":\"https:\\\/\\\/acontecenafronteira.com.br\\\/index.php\\\/2026\\\/09\\\/06\\\/temporal-em-foz-do-iguacu-cancela-eventos-e-altera-agenda-cultural\\\/#breadcrumblist\",\"itemListElement\":[{\"@type\":\"ListItem\",\"@id\":\"https:\\\/\\\/acontecenafronteira.com.br#listItem\",\"position\":1,\"name\":\"Home\",\"item\":\"https:\\\/\\\/acontecenafronteira.com.br\",\"nextItem\":{\"@type\":\"ListItem\",\"@id\":\"https:\\\/\\\/acontecenafronteira.com.br\\\/index.php\\\/category\\\/mercosul\\\/#listItem\",\"name\":\"Mercosul\"}},{\"@type\":\"ListItem\",\"@id\":\"https:\\\/\\\/acontecenafronteira.com.br\\\/index.php\\\/category\\\/mercosul\\\/#listItem\",\"position\":2,\"name\":\"Mercosul\",\"item\":\"https:\\\/\\\/acontecenafronteira.com.br\\\/index.php\\\/category\\\/mercosul\\\/\",\"nextItem\":{\"@type\":\"ListItem\",\"@id\":\"https:\\\/\\\/acontecenafronteira.com.br\\\/index.php\\\/2026\\\/09\\\/06\\\/temporal-em-foz-do-iguacu-cancela-eventos-e-altera-agenda-cultural\\\/#listItem\",\"name\":\"Temporal em Foz do Igua\\u00e7u cancela eventos e altera agenda cultural\"},\"previousItem\":{\"@type\":\"ListItem\",\"@id\":\"https:\\\/\\\/acontecenafronteira.com.br#listItem\",\"name\":\"Home\"}},{\"@type\":\"ListItem\",\"@id\":\"https:\\\/\\\/acontecenafronteira.com.br\\\/index.php\\\/2026\\\/09\\\/06\\\/temporal-em-foz-do-iguacu-cancela-eventos-e-altera-agenda-cultural\\\/#listItem\",\"position\":3,\"name\":\"Temporal em Foz do Igua\\u00e7u cancela eventos e altera agenda cultural\",\"previousItem\":{\"@type\":\"ListItem\",\"@id\":\"https:\\\/\\\/acontecenafronteira.com.br\\\/index.php\\\/category\\\/mercosul\\\/#listItem\",\"name\":\"Mercosul\"}}]},{\"@type\":\"Organization\",\"@id\":\"https:\\\/\\\/acontecenafronteira.com.br\\\/#organization\",\"name\":\"Acontece Na Fronteira\",\"description\":\"Noticias da Triplice Fronteira\",\"url\":\"https:\\\/\\\/acontecenafronteira.com.br\\\/\",\"logo\":{\"@type\":\"ImageObject\",\"url\":\"https:\\\/\\\/acontecenafronteira.com.br\\\/wp-content\\\/uploads\\\/2021\\\/11\\\/logo-acontece-1.jpg\",\"@id\":\"https:\\\/\\\/acontecenafronteira.com.br\\\/index.php\\\/2026\\\/09\\\/06\\\/temporal-em-foz-do-iguacu-cancela-eventos-e-altera-agenda-cultural\\\/#organizationLogo\",\"width\":519,\"height\":134},\"image\":{\"@id\":\"https:\\\/\\\/acontecenafronteira.com.br\\\/index.php\\\/2026\\\/09\\\/06\\\/temporal-em-foz-do-iguacu-cancela-eventos-e-altera-agenda-cultural\\\/#organizationLogo\"}},{\"@type\":\"WebPage\",\"@id\":\"https:\\\/\\\/acontecenafronteira.com.br\\\/index.php\\\/2026\\\/09\\\/06\\\/temporal-em-foz-do-iguacu-cancela-eventos-e-altera-agenda-cultural\\\/#webpage\",\"url\":\"https:\\\/\\\/acontecenafronteira.com.br\\\/index.php\\\/2026\\\/09\\\/06\\\/temporal-em-foz-do-iguacu-cancela-eventos-e-altera-agenda-cultural\\\/\",\"name\":\"Temporal em Foz do Igua\\u00e7u cancela eventos e altera agenda cultural - Acontece Na Fronteira\",\"description\":\"Temporal com rajadas intensas de vento atingiu estruturas e causou o cancelamento de celebra\\u00e7\\u00f5es importantes, al\\u00e9m de provocar mudan\\u00e7as na agenda de shows programados. Estruturas danificadas em feiras e festas Uma forte ventania acompanhada de precipita\\u00e7\\u00e3o intensa provocou a queda de tendas montadas em pra\\u00e7as p\\u00fablicas, deixando feridos que precisaram de atendimento m\\u00e9dico imediato em\",\"inLanguage\":\"pt-PT\",\"isPartOf\":{\"@id\":\"https:\\\/\\\/acontecenafronteira.com.br\\\/#website\"},\"breadcrumb\":{\"@id\":\"https:\\\/\\\/acontecenafronteira.com.br\\\/index.php\\\/2026\\\/09\\\/06\\\/temporal-em-foz-do-iguacu-cancela-eventos-e-altera-agenda-cultural\\\/#breadcrumblist\"},\"author\":{\"@id\":\"https:\\\/\\\/acontecenafronteira.com.br\\\/index.php\\\/author\\\/#author\"},\"creator\":{\"@id\":\"https:\\\/\\\/acontecenafronteira.com.br\\\/index.php\\\/author\\\/#author\"},\"image\":{\"@type\":\"ImageObject\",\"url\":\"https:\\\/\\\/acontecenafronteira.com.br\\\/wp-content\\\/uploads\\\/2026\\\/09\\\/chuva-forte-em-mg-danifica-estruturas-da-expoclaudio-e-altera-programacao-1788723448.jpg?v=1788723449\",\"@id\":\"https:\\\/\\\/acontecenafronteira.com.br\\\/index.php\\\/2026\\\/09\\\/06\\\/temporal-em-foz-do-iguacu-cancela-eventos-e-altera-agenda-cultural\\\/#mainImage\",\"width\":1200,\"height\":800,\"caption\":\"Chuva forte em MG danifica estruturas da ExpoCl\\u00e1udio e altera programa\\u00e7\\u00e3o\"},\"primaryImageOfPage\":{\"@id\":\"https:\\\/\\\/acontecenafronteira.com.br\\\/index.php\\\/2026\\\/09\\\/06\\\/temporal-em-foz-do-iguacu-cancela-eventos-e-altera-agenda-cultural\\\/#mainImage\"},\"datePublished\":\"2026-09-06T16:37:29-03:00\",\"dateModified\":\"2026-09-06T16:37:29-03:00\"},{\"@type\":\"WebSite\",\"@id\":\"https:\\\/\\\/acontecenafronteira.com.br\\\/#website\",\"url\":\"https:\\\/\\\/acontecenafronteira.com.br\\\/\",\"name\":\"Acontece Na Fronteira\",\"description\":\"Noticias da Triplice Fronteira\",\"inLanguage\":\"pt-PT\",\"publisher\":{\"@id\":\"https:\\\/\\\/acontecenafronteira.com.br\\\/#organization\"}}]}\n\t\t<\/script>\n\t\t<!-- All in One SEO -->\n\n","aioseo_head_json":{"title":"Temporal em Foz do Igua\u00e7u cancela eventos e altera agenda cultural - Acontece Na Fronteira","description":"Temporal com rajadas intensas de vento atingiu estruturas e causou o cancelamento de celebra\u00e7\u00f5es importantes, al\u00e9m de provocar mudan\u00e7as na agenda de shows programados. Estruturas danificadas em feiras e festas Uma forte ventania acompanhada de precipita\u00e7\u00e3o intensa provocou a queda de tendas montadas em pra\u00e7as p\u00fablicas, deixando feridos que precisaram de atendimento m\u00e9dico imediato em","canonical_url":"https:\/\/acontecenafronteira.com.br\/index.php\/2026\/09\/06\/temporal-em-foz-do-iguacu-cancela-eventos-e-altera-agenda-cultural\/","robots":"max-image-preview:large","keywords":"","webmasterTools":{"miscellaneous":""},"schema":{"@context":"https:\/\/schema.org","@graph":[{"@type":"BlogPosting","@id":"https:\/\/acontecenafronteira.com.br\/index.php\/2026\/09\/06\/temporal-em-foz-do-iguacu-cancela-eventos-e-altera-agenda-cultural\/#blogposting","name":"Temporal em Foz do Igua\u00e7u cancela eventos e altera agenda cultural - Acontece Na Fronteira","headline":"Temporal em Foz do Igua\u00e7u cancela eventos e altera agenda cultural","author":{"@id":"https:\/\/acontecenafronteira.com.br\/index.php\/author\/#author"},"publisher":{"@id":"https:\/\/acontecenafronteira.com.br\/#organization"},"image":{"@type":"ImageObject","url":"https:\/\/acontecenafronteira.com.br\/wp-content\/uploads\/2026\/09\/chuva-forte-em-mg-danifica-estruturas-da-expoclaudio-e-altera-programacao-1788723448.jpg?v=1788723449","width":1200,"height":800,"caption":"Chuva forte em MG danifica estruturas da ExpoCl\u00e1udio e altera programa\u00e7\u00e3o"},"datePublished":"2026-09-06T16:37:29-03:00","dateModified":"2026-09-06T16:37:29-03:00","inLanguage":"pt-PT","mainEntityOfPage":{"@id":"https:\/\/acontecenafronteira.com.br\/index.php\/2026\/09\/06\/temporal-em-foz-do-iguacu-cancela-eventos-e-altera-agenda-cultural\/#webpage"},"isPartOf":{"@id":"https:\/\/acontecenafronteira.com.br\/index.php\/2026\/09\/06\/temporal-em-foz-do-iguacu-cancela-eventos-e-altera-agenda-cultural\/#webpage"},"articleSection":"Mercosul"},{"@type":"BreadcrumbList","@id":"https:\/\/acontecenafronteira.com.br\/index.php\/2026\/09\/06\/temporal-em-foz-do-iguacu-cancela-eventos-e-altera-agenda-cultural\/#breadcrumblist","itemListElement":[{"@type":"ListItem","@id":"https:\/\/acontecenafronteira.com.br#listItem","position":1,"name":"Home","item":"https:\/\/acontecenafronteira.com.br","nextItem":{"@type":"ListItem","@id":"https:\/\/acontecenafronteira.com.br\/index.php\/category\/mercosul\/#listItem","name":"Mercosul"}},{"@type":"ListItem","@id":"https:\/\/acontecenafronteira.com.br\/index.php\/category\/mercosul\/#listItem","position":2,"name":"Mercosul","item":"https:\/\/acontecenafronteira.com.br\/index.php\/category\/mercosul\/","nextItem":{"@type":"ListItem","@id":"https:\/\/acontecenafronteira.com.br\/index.php\/2026\/09\/06\/temporal-em-foz-do-iguacu-cancela-eventos-e-altera-agenda-cultural\/#listItem","name":"Temporal em Foz do Igua\u00e7u cancela eventos e altera agenda cultural"},"previousItem":{"@type":"ListItem","@id":"https:\/\/acontecenafronteira.com.br#listItem","name":"Home"}},{"@type":"ListItem","@id":"https:\/\/acontecenafronteira.com.br\/index.php\/2026\/09\/06\/temporal-em-foz-do-iguacu-cancela-eventos-e-altera-agenda-cultural\/#listItem","position":3,"name":"Temporal em Foz do Igua\u00e7u cancela eventos e altera agenda cultural","previousItem":{"@type":"ListItem","@id":"https:\/\/acontecenafronteira.com.br\/index.php\/category\/mercosul\/#listItem","name":"Mercosul"}}]},{"@type":"Organization","@id":"https:\/\/acontecenafronteira.com.br\/#organization","name":"Acontece Na Fronteira","description":"Noticias da Triplice Fronteira","url":"https:\/\/acontecenafronteira.com.br\/","logo":{"@type":"ImageObject","url":"https:\/\/acontecenafronteira.com.br\/wp-content\/uploads\/2021\/11\/logo-acontece-1.jpg","@id":"https:\/\/acontecenafronteira.com.br\/index.php\/2026\/09\/06\/temporal-em-foz-do-iguacu-cancela-eventos-e-altera-agenda-cultural\/#organizationLogo","width":519,"height":134},"image":{"@id":"https:\/\/acontecenafronteira.com.br\/index.php\/2026\/09\/06\/temporal-em-foz-do-iguacu-cancela-eventos-e-altera-agenda-cultural\/#organizationLogo"}},{"@type":"WebPage","@id":"https:\/\/acontecenafronteira.com.br\/index.php\/2026\/09\/06\/temporal-em-foz-do-iguacu-cancela-eventos-e-altera-agenda-cultural\/#webpage","url":"https:\/\/acontecenafronteira.com.br\/index.php\/2026\/09\/06\/temporal-em-foz-do-iguacu-cancela-eventos-e-altera-agenda-cultural\/","name":"Temporal em Foz do Igua\u00e7u cancela eventos e altera agenda cultural - Acontece Na Fronteira","description":"Temporal com rajadas intensas de vento atingiu estruturas e causou o cancelamento de celebra\u00e7\u00f5es importantes, al\u00e9m de provocar mudan\u00e7as na agenda de shows programados. Estruturas danificadas em feiras e festas Uma forte ventania acompanhada de precipita\u00e7\u00e3o intensa provocou a queda de tendas montadas em pra\u00e7as p\u00fablicas, deixando feridos que precisaram de atendimento m\u00e9dico imediato em","inLanguage":"pt-PT","isPartOf":{"@id":"https:\/\/acontecenafronteira.com.br\/#website"},"breadcrumb":{"@id":"https:\/\/acontecenafronteira.com.br\/index.php\/2026\/09\/06\/temporal-em-foz-do-iguacu-cancela-eventos-e-altera-agenda-cultural\/#breadcrumblist"},"author":{"@id":"https:\/\/acontecenafronteira.com.br\/index.php\/author\/#author"},"creator":{"@id":"https:\/\/acontecenafronteira.com.br\/index.php\/author\/#author"},"image":{"@type":"ImageObject","url":"https:\/\/acontecenafronteira.com.br\/wp-content\/uploads\/2026\/09\/chuva-forte-em-mg-danifica-estruturas-da-expoclaudio-e-altera-programacao-1788723448.jpg?v=1788723449","@id":"https:\/\/acontecenafronteira.com.br\/index.php\/2026\/09\/06\/temporal-em-foz-do-iguacu-cancela-eventos-e-altera-agenda-cultural\/#mainImage","width":1200,"height":800,"caption":"Chuva forte em MG danifica estruturas da ExpoCl\u00e1udio e altera programa\u00e7\u00e3o"},"primaryImageOfPage":{"@id":"https:\/\/acontecenafronteira.com.br\/index.php\/2026\/09\/06\/temporal-em-foz-do-iguacu-cancela-eventos-e-altera-agenda-cultural\/#mainImage"},"datePublished":"2026-09-06T16:37:29-03:00","dateModified":"2026-09-06T16:37:29-03:00"},{"@type":"WebSite","@id":"https:\/\/acontecenafronteira.com.br\/#website","url":"https:\/\/acontecenafronteira.com.br\/","name":"Acontece Na Fronteira","description":"Noticias da Triplice Fronteira","inLanguage":"pt-PT","publisher":{"@id":"https:\/\/acontecenafronteira.com.br\/#organization"}}]},"og:locale":"pt_PT","og:site_name":"Acontece Na Fronteira - Noticias da Triplice Fronteira","og:type":"article","og:title":"Temporal em Foz do Igua\u00e7u cancela eventos e altera agenda cultural - Acontece Na Fronteira","og:description":"Temporal com rajadas intensas de vento atingiu estruturas e causou o cancelamento de celebra\u00e7\u00f5es importantes, al\u00e9m de provocar mudan\u00e7as na agenda de shows programados. Estruturas danificadas em feiras e festas Uma forte ventania acompanhada de precipita\u00e7\u00e3o intensa provocou a queda de tendas montadas em pra\u00e7as p\u00fablicas, deixando feridos que precisaram de atendimento m\u00e9dico imediato em","og:url":"https:\/\/acontecenafronteira.com.br\/index.php\/2026\/09\/06\/temporal-em-foz-do-iguacu-cancela-eventos-e-altera-agenda-cultural\/","og:image":"https:\/\/acontecenafronteira.com.br\/wp-content\/uploads\/2021\/11\/logo-acontece-1.jpg","og:image:secure_url":"https:\/\/acontecenafronteira.com.br\/wp-content\/uploads\/2021\/11\/logo-acontece-1.jpg","article:published_time":"2026-09-06T19:37:29+00:00","article:modified_time":"2026-09-06T19:37:29+00:00","twitter:card":"summary_large_image","twitter:title":"Temporal em Foz do Igua\u00e7u cancela eventos e altera agenda cultural - Acontece Na Fronteira","twitter:description":"Temporal com rajadas intensas de vento atingiu estruturas e causou o cancelamento de celebra\u00e7\u00f5es importantes, al\u00e9m de provocar mudan\u00e7as na agenda de shows programados. Estruturas danificadas em feiras e festas Uma forte ventania acompanhada de precipita\u00e7\u00e3o intensa provocou a queda de tendas montadas em pra\u00e7as p\u00fablicas, deixando feridos que precisaram de atendimento m\u00e9dico imediato em","twitter:image":"https:\/\/acontecenafronteira.com.br\/wp-content\/uploads\/2021\/11\/logo-acontece-1.jpg"},"aioseo_meta_data":[],"aioseo_breadcrumb":"<div class=\"aioseo-breadcrumbs\"><span class=\"aioseo-breadcrumb\">\n\t\t\t<a href=\"https:\/\/acontecenafronteira.com.br\" title=\"Home\">Home<\/a>\n\t\t<\/span><span class=\"aioseo-breadcrumb-separator\">&raquo;<\/span><span class=\"aioseo-breadcrumb\">\n\t\t\t<a href=\"https:\/\/acontecenafronteira.com.br\/index.php\/category\/mercosul\/\" title=\"Mercosul\">Mercosul<\/a>\n\t\t<\/span><span class=\"aioseo-breadcrumb-separator\">&raquo;<\/span><span class=\"aioseo-breadcrumb\">\n\t\t\tTemporal em Foz do Igua\u00e7u cancela eventos e altera agenda cultural\n\t\t<\/span><\/div>","aioseo_breadcrumb_json":[{"label":"Home","link":"https:\/\/acontecenafronteira.com.br"},{"label":"Mercosul","link":"https:\/\/acontecenafronteira.com.br\/index.php\/category\/mercosul\/"},{"label":"Temporal em Foz do Igua\u00e7u cancela eventos e altera agenda cultural","link":"https:\/\/acontecenafronteira.com.br\/index.php\/2026\/09\/06\/temporal-em-foz-do-iguacu-cancela-eventos-e-altera-agenda-cultural\/"}],"_links":{"self":[{"href":"https:\/\/acontecenafronteira.com.br\/index.php\/wp-json\/wp\/v2\/posts\/36860","targetHints":{"allow":["GET"]}}],"collection":[{"href":"https:\/\/acontecenafronteira.com.br\/index.php\/wp-json\/wp\/v2\/posts"}],"about":[{"href":"https:\/\/acontecenafronteira.com.br\/index.php\/wp-json\/wp\/v2\/types\/post"}],"replies":[{"embeddable":true,"href":"https:\/\/acontecenafronteira.com.br\/index.php\/wp-json\/wp\/v2\/comments?post=36860"}],"version-history":[{"count":1,"href":"https:\/\/acontecenafronteira.com.br\/index.php\/wp-json\/wp\/v2\/posts\/36860\/revisions"}],"predecessor-version":[{"id":36866,"href":"https:\/\/acontecenafronteira.com.br\/index.php\/wp-json\/wp\/v2\/posts\/36860\/revisions\/36866"}],"wp:featuredmedia":[{"embeddable":true,"href":"https:\/\/acontecenafronteira.com.br\/index.php\/wp-json\/wp\/v2\/media\/36867"}],"wp:attachment":[{"href":"https:\/\/acontecenafronteira.com.br\/index.php\/wp-json\/wp\/v2\/media?parent=36860"}],"wp:term":[{"taxonomy":"category","embeddable":true,"href":"https:\/\/acontecenafronteira.com.br\/index.php\/wp-json\/wp\/v2\/categories?post=36860"},{"taxonomy":"post_tag","embeddable":true,"href":"https:\/\/acontecenafronteira.com.br\/index.php\/wp-json\/wp\/v2\/tags?post=36860"}],"curies":[{"name":"wp","href":"https:\/\/api.w.org\/{rel}","templated":true}]}}