{"id":36848,"date":"2026-09-06T16:37:13","date_gmt":"2026-09-06T19:37:13","guid":{"rendered":"https:\/\/acontecenafronteira.com.br\/?p=36848"},"modified":"2026-09-06T16:37:13","modified_gmt":"2026-09-06T19:37:13","slug":"caso-master-no-stf-mendonca-libera-relatorio-da-pf-para-plenario","status":"publish","type":"post","link":"https:\/\/acontecenafronteira.com.br\/index.php\/2026\/09\/06\/caso-master-no-stf-mendonca-libera-relatorio-da-pf-para-plenario\/","title":{"rendered":"Caso Master no STF: Mendon\u00e7a libera relat\u00f3rio da PF para plen\u00e1rio"},"content":{"rendered":"<p>O ministro Andr\u00e9 Mendon\u00e7a, respons\u00e1vel pela relatoria do caso Master no Supremo Tribunal Federal (STF), encaminhou para avalia\u00e7\u00e3o do plen\u00e1rio o documento da Pol\u00edcia Federal que exp\u00f5e trocas de mensagens entre o banqueiro Daniel Vorcaro e o ministro Alexandre de Moraes. Cabe agora ao presidente da Corte, Edson Fachin, definir quando o tema ser\u00e1 pautado.<\/p>\n<h2>Bastidores da Corte e articula\u00e7\u00f5es pol\u00edticas<\/h2>\n<p>\nEnquanto a presid\u00eancia do STF analisa os pr\u00f3ximos passos processuais, os ministros envolvidos buscam consolidar apoios internos. Anteriormente, Mendon\u00e7a havia solicitado um parecer da Procuradoria-Geral da Rep\u00fablica (PGR) e sustentado que a tramita\u00e7\u00e3o deveria ocorrer obrigatoriamente no plen\u00e1rio da Corte.<\/p>\n<h2>Posicionamento da Procuradoria-Geral da Rep\u00fablica<\/h2>\n<p>\nPor sua vez, o chefe da PGR, Paulo Gonet \u2014 cujo nome aparece citado nas conversas do banqueiro \u2014, classificou o documento da PF como nulo. A alega\u00e7\u00e3o da Procuradoria \u00e9 de que a apura\u00e7\u00e3o foi produzida sem solicita\u00e7\u00e3o formal pr\u00e9via dos \u00f3rg\u00e3os de persecu\u00e7\u00e3o penal, como a pr\u00f3pria PF ou o Minist\u00e9rio P\u00fablico.<\/p>\n<h2>Rea\u00e7\u00e3o da presid\u00eancia do STF<\/h2>\n<p>\nDurante pronunciamento recente, o presidente do STF classificou a situa\u00e7\u00e3o como grave e garantiu que a resposta institucional ser\u00e1 rigorosa, por\u00e9m pautada estritamente na legalidade e no tempo adequado. O magistrado refor\u00e7ou que nenhuma autoridade est\u00e1 acima da Constitui\u00e7\u00e3o e que o Estado de Direito ser\u00e1 preservado.<\/p>\n<h2>Entenda as investiga\u00e7\u00f5es sobre o banqueiro<\/h2>\n<p>\nAs investiga\u00e7\u00f5es da Pol\u00edcia Federal apontam que Vorcaro teria buscado o aux\u00edlio de Alexandre de Moraes no per\u00edodo mais cr\u00edtico da institui\u00e7\u00e3o financeira, tentando evitar a liquida\u00e7\u00e3o do banco e o cerco das autoridades. O conte\u00fado extra\u00eddo do celular do banqueiro revela pedidos insistentes para reverter o cen\u00e1rio adverso.<\/p>\n<p>Ap\u00f3s a divulga\u00e7\u00e3o do material, o embate se intensificou com acusa\u00e7\u00f5es cruzadas e pedidos de esclarecimentos determinados pela presid\u00eancia do tribunal, que agora avalia se o caso ser\u00e1 decidido monocraticamente ou submetido ao crivo de todos os ministros.<\/p>\n<p>Por Reda\u00e7\u00e3o Acontece<\/p>\n<p>Imagem: Divulga\u00e7\u00e3o\/STF<\/p>\n","protected":false},"excerpt":{"rendered":"<p>O ministro Andr\u00e9 Mendon\u00e7a, respons\u00e1vel pela relatoria do caso Master no Supremo Tribunal Federal (STF), encaminhou para avalia\u00e7\u00e3o do plen\u00e1rio o documento da Pol\u00edcia Federal que exp\u00f5e trocas de mensagens entre o banqueiro Daniel Vorcaro e o ministro Alexandre de Moraes. Cabe agora ao presidente da Corte, Edson Fachin, definir quando o tema ser\u00e1 pautado. [&hellip;]<\/p>\n","protected":false},"author":0,"featured_media":36856,"comment_status":"open","ping_status":"open","sticky":false,"template":"","format":"standard","meta":{"_monsterinsights_skip_tracking":false,"_uf_show_specific_survey":0,"_uf_disable_surveys":false,"footnotes":""},"categories":[28],"tags":[],"class_list":["post-36848","post","type-post","status-publish","format-standard","has-post-thumbnail","hentry","category-mundo"],"aioseo_notices":[],"aioseo_head":"\n\t\t<!-- All in One SEO 5.0.1.1 - aioseo.com -->\n\t<meta name=\"description\" content=\"O ministro Andr\u00e9 Mendon\u00e7a, respons\u00e1vel pela relatoria do caso Master no Supremo Tribunal Federal (STF), encaminhou para avalia\u00e7\u00e3o do plen\u00e1rio o documento da Pol\u00edcia Federal que exp\u00f5e trocas de mensagens entre o banqueiro Daniel Vorcaro e o ministro Alexandre de Moraes. Cabe agora ao presidente da Corte, Edson Fachin, definir quando o tema ser\u00e1 pautado.\" \/>\n\t<meta name=\"robots\" content=\"max-image-preview:large\" \/>\n\t<link rel=\"canonical\" href=\"https:\/\/acontecenafronteira.com.br\/index.php\/2026\/09\/06\/caso-master-no-stf-mendonca-libera-relatorio-da-pf-para-plenario\/\" \/>\n\t<meta name=\"generator\" content=\"All in One SEO (AIOSEO) 5.0.1.1\" \/>\n\t\t<meta property=\"og:locale\" content=\"pt_PT\" \/>\n\t\t<meta property=\"og:site_name\" content=\"Acontece Na Fronteira - Noticias da Triplice Fronteira\" \/>\n\t\t<meta property=\"og:type\" content=\"article\" \/>\n\t\t<meta property=\"og:title\" content=\"Caso Master no STF: Mendon\u00e7a libera relat\u00f3rio da PF para plen\u00e1rio - Acontece Na Fronteira\" \/>\n\t\t<meta property=\"og:description\" content=\"O ministro Andr\u00e9 Mendon\u00e7a, respons\u00e1vel pela relatoria do caso Master no Supremo Tribunal Federal (STF), encaminhou para avalia\u00e7\u00e3o do plen\u00e1rio o documento da Pol\u00edcia Federal que exp\u00f5e trocas de mensagens entre o banqueiro Daniel Vorcaro e o ministro Alexandre de Moraes. Cabe agora ao presidente da Corte, Edson Fachin, definir quando o tema ser\u00e1 pautado.\" \/>\n\t\t<meta property=\"og:url\" content=\"https:\/\/acontecenafronteira.com.br\/index.php\/2026\/09\/06\/caso-master-no-stf-mendonca-libera-relatorio-da-pf-para-plenario\/\" \/>\n\t\t<meta property=\"og:image\" content=\"https:\/\/acontecenafronteira.com.br\/wp-content\/uploads\/2021\/11\/logo-acontece-1.jpg\" \/>\n\t\t<meta property=\"og:image:secure_url\" content=\"https:\/\/acontecenafronteira.com.br\/wp-content\/uploads\/2021\/11\/logo-acontece-1.jpg\" \/>\n\t\t<meta property=\"article:published_time\" content=\"2026-09-06T19:37:13+00:00\" \/>\n\t\t<meta property=\"article:modified_time\" content=\"2026-09-06T19:37:13+00:00\" \/>\n\t\t<meta name=\"twitter:card\" content=\"summary_large_image\" \/>\n\t\t<meta name=\"twitter:title\" content=\"Caso Master no STF: Mendon\u00e7a libera relat\u00f3rio da PF para plen\u00e1rio - Acontece Na Fronteira\" \/>\n\t\t<meta name=\"twitter:description\" content=\"O ministro Andr\u00e9 Mendon\u00e7a, respons\u00e1vel pela relatoria do caso Master no Supremo Tribunal Federal (STF), encaminhou para avalia\u00e7\u00e3o do plen\u00e1rio o documento da Pol\u00edcia Federal que exp\u00f5e trocas de mensagens entre o banqueiro Daniel Vorcaro e o ministro Alexandre de Moraes. Cabe agora ao presidente da Corte, Edson Fachin, definir quando o tema ser\u00e1 pautado.\" \/>\n\t\t<meta name=\"twitter:image\" content=\"https:\/\/acontecenafronteira.com.br\/wp-content\/uploads\/2021\/11\/logo-acontece-1.jpg\" \/>\n\t\t<script type=\"application\/ld+json\" class=\"aioseo-schema\">\n\t\t\t{\"@context\":\"https:\\\/\\\/schema.org\",\"@graph\":[{\"@type\":\"BlogPosting\",\"@id\":\"https:\\\/\\\/acontecenafronteira.com.br\\\/index.php\\\/2026\\\/09\\\/06\\\/caso-master-no-stf-mendonca-libera-relatorio-da-pf-para-plenario\\\/#blogposting\",\"name\":\"Caso Master no STF: Mendon\\u00e7a libera relat\\u00f3rio da PF para plen\\u00e1rio - Acontece Na Fronteira\",\"headline\":\"Caso Master no STF: Mendon\\u00e7a libera relat\\u00f3rio da PF para plen\\u00e1rio\",\"author\":{\"@id\":\"https:\\\/\\\/acontecenafronteira.com.br\\\/index.php\\\/author\\\/#author\"},\"publisher\":{\"@id\":\"https:\\\/\\\/acontecenafronteira.com.br\\\/#organization\"},\"image\":{\"@type\":\"ImageObject\",\"url\":\"https:\\\/\\\/acontecenafronteira.com.br\\\/wp-content\\\/uploads\\\/2026\\\/09\\\/mendonca-libera-relatorio-da-pf-com-mensagens-de-vorcaro-a-moraes-para-fachin-pautar-no-plenario-do-stf-1788723433.jpg?v=1788723433\",\"width\":1200,\"height\":800,\"caption\":\"Mendon\\u00e7a libera relat\\u00f3rio da PF com mensagens de Vorcaro a Moraes para Fachin pautar no plen\\u00e1rio do STF\"},\"datePublished\":\"2026-09-06T16:37:13-03:00\",\"dateModified\":\"2026-09-06T16:37:13-03:00\",\"inLanguage\":\"pt-PT\",\"mainEntityOfPage\":{\"@id\":\"https:\\\/\\\/acontecenafronteira.com.br\\\/index.php\\\/2026\\\/09\\\/06\\\/caso-master-no-stf-mendonca-libera-relatorio-da-pf-para-plenario\\\/#webpage\"},\"isPartOf\":{\"@id\":\"https:\\\/\\\/acontecenafronteira.com.br\\\/index.php\\\/2026\\\/09\\\/06\\\/caso-master-no-stf-mendonca-libera-relatorio-da-pf-para-plenario\\\/#webpage\"},\"articleSection\":\"Mundo\"},{\"@type\":\"BreadcrumbList\",\"@id\":\"https:\\\/\\\/acontecenafronteira.com.br\\\/index.php\\\/2026\\\/09\\\/06\\\/caso-master-no-stf-mendonca-libera-relatorio-da-pf-para-plenario\\\/#breadcrumblist\",\"itemListElement\":[{\"@type\":\"ListItem\",\"@id\":\"https:\\\/\\\/acontecenafronteira.com.br#listItem\",\"position\":1,\"name\":\"Home\",\"item\":\"https:\\\/\\\/acontecenafronteira.com.br\",\"nextItem\":{\"@type\":\"ListItem\",\"@id\":\"https:\\\/\\\/acontecenafronteira.com.br\\\/index.php\\\/category\\\/mundo\\\/#listItem\",\"name\":\"Mundo\"}},{\"@type\":\"ListItem\",\"@id\":\"https:\\\/\\\/acontecenafronteira.com.br\\\/index.php\\\/category\\\/mundo\\\/#listItem\",\"position\":2,\"name\":\"Mundo\",\"item\":\"https:\\\/\\\/acontecenafronteira.com.br\\\/index.php\\\/category\\\/mundo\\\/\",\"nextItem\":{\"@type\":\"ListItem\",\"@id\":\"https:\\\/\\\/acontecenafronteira.com.br\\\/index.php\\\/2026\\\/09\\\/06\\\/caso-master-no-stf-mendonca-libera-relatorio-da-pf-para-plenario\\\/#listItem\",\"name\":\"Caso Master no STF: Mendon\\u00e7a libera relat\\u00f3rio da PF para plen\\u00e1rio\"},\"previousItem\":{\"@type\":\"ListItem\",\"@id\":\"https:\\\/\\\/acontecenafronteira.com.br#listItem\",\"name\":\"Home\"}},{\"@type\":\"ListItem\",\"@id\":\"https:\\\/\\\/acontecenafronteira.com.br\\\/index.php\\\/2026\\\/09\\\/06\\\/caso-master-no-stf-mendonca-libera-relatorio-da-pf-para-plenario\\\/#listItem\",\"position\":3,\"name\":\"Caso Master no STF: Mendon\\u00e7a libera relat\\u00f3rio da PF para plen\\u00e1rio\",\"previousItem\":{\"@type\":\"ListItem\",\"@id\":\"https:\\\/\\\/acontecenafronteira.com.br\\\/index.php\\\/category\\\/mundo\\\/#listItem\",\"name\":\"Mundo\"}}]},{\"@type\":\"Organization\",\"@id\":\"https:\\\/\\\/acontecenafronteira.com.br\\\/#organization\",\"name\":\"Acontece Na Fronteira\",\"description\":\"Noticias da Triplice Fronteira\",\"url\":\"https:\\\/\\\/acontecenafronteira.com.br\\\/\",\"logo\":{\"@type\":\"ImageObject\",\"url\":\"https:\\\/\\\/acontecenafronteira.com.br\\\/wp-content\\\/uploads\\\/2021\\\/11\\\/logo-acontece-1.jpg\",\"@id\":\"https:\\\/\\\/acontecenafronteira.com.br\\\/index.php\\\/2026\\\/09\\\/06\\\/caso-master-no-stf-mendonca-libera-relatorio-da-pf-para-plenario\\\/#organizationLogo\",\"width\":519,\"height\":134},\"image\":{\"@id\":\"https:\\\/\\\/acontecenafronteira.com.br\\\/index.php\\\/2026\\\/09\\\/06\\\/caso-master-no-stf-mendonca-libera-relatorio-da-pf-para-plenario\\\/#organizationLogo\"}},{\"@type\":\"WebPage\",\"@id\":\"https:\\\/\\\/acontecenafronteira.com.br\\\/index.php\\\/2026\\\/09\\\/06\\\/caso-master-no-stf-mendonca-libera-relatorio-da-pf-para-plenario\\\/#webpage\",\"url\":\"https:\\\/\\\/acontecenafronteira.com.br\\\/index.php\\\/2026\\\/09\\\/06\\\/caso-master-no-stf-mendonca-libera-relatorio-da-pf-para-plenario\\\/\",\"name\":\"Caso Master no STF: Mendon\\u00e7a libera relat\\u00f3rio da PF para plen\\u00e1rio - Acontece Na Fronteira\",\"description\":\"O ministro Andr\\u00e9 Mendon\\u00e7a, respons\\u00e1vel pela relatoria do caso Master no Supremo Tribunal Federal (STF), encaminhou para avalia\\u00e7\\u00e3o do plen\\u00e1rio o documento da Pol\\u00edcia Federal que exp\\u00f5e trocas de mensagens entre o banqueiro Daniel Vorcaro e o ministro Alexandre de Moraes. Cabe agora ao presidente da Corte, Edson Fachin, definir quando o tema ser\\u00e1 pautado.\",\"inLanguage\":\"pt-PT\",\"isPartOf\":{\"@id\":\"https:\\\/\\\/acontecenafronteira.com.br\\\/#website\"},\"breadcrumb\":{\"@id\":\"https:\\\/\\\/acontecenafronteira.com.br\\\/index.php\\\/2026\\\/09\\\/06\\\/caso-master-no-stf-mendonca-libera-relatorio-da-pf-para-plenario\\\/#breadcrumblist\"},\"author\":{\"@id\":\"https:\\\/\\\/acontecenafronteira.com.br\\\/index.php\\\/author\\\/#author\"},\"creator\":{\"@id\":\"https:\\\/\\\/acontecenafronteira.com.br\\\/index.php\\\/author\\\/#author\"},\"image\":{\"@type\":\"ImageObject\",\"url\":\"https:\\\/\\\/acontecenafronteira.com.br\\\/wp-content\\\/uploads\\\/2026\\\/09\\\/mendonca-libera-relatorio-da-pf-com-mensagens-de-vorcaro-a-moraes-para-fachin-pautar-no-plenario-do-stf-1788723433.jpg?v=1788723433\",\"@id\":\"https:\\\/\\\/acontecenafronteira.com.br\\\/index.php\\\/2026\\\/09\\\/06\\\/caso-master-no-stf-mendonca-libera-relatorio-da-pf-para-plenario\\\/#mainImage\",\"width\":1200,\"height\":800,\"caption\":\"Mendon\\u00e7a libera relat\\u00f3rio da PF com mensagens de Vorcaro a Moraes para Fachin pautar no plen\\u00e1rio do STF\"},\"primaryImageOfPage\":{\"@id\":\"https:\\\/\\\/acontecenafronteira.com.br\\\/index.php\\\/2026\\\/09\\\/06\\\/caso-master-no-stf-mendonca-libera-relatorio-da-pf-para-plenario\\\/#mainImage\"},\"datePublished\":\"2026-09-06T16:37:13-03:00\",\"dateModified\":\"2026-09-06T16:37:13-03:00\"},{\"@type\":\"WebSite\",\"@id\":\"https:\\\/\\\/acontecenafronteira.com.br\\\/#website\",\"url\":\"https:\\\/\\\/acontecenafronteira.com.br\\\/\",\"name\":\"Acontece Na Fronteira\",\"description\":\"Noticias da Triplice Fronteira\",\"inLanguage\":\"pt-PT\",\"publisher\":{\"@id\":\"https:\\\/\\\/acontecenafronteira.com.br\\\/#organization\"}}]}\n\t\t<\/script>\n\t\t<!-- All in One SEO -->\n\n","aioseo_head_json":{"title":"Caso Master no STF: Mendon\u00e7a libera relat\u00f3rio da PF para plen\u00e1rio - Acontece Na Fronteira","description":"O ministro Andr\u00e9 Mendon\u00e7a, respons\u00e1vel pela relatoria do caso Master no Supremo Tribunal Federal (STF), encaminhou para avalia\u00e7\u00e3o do plen\u00e1rio o documento da Pol\u00edcia Federal que exp\u00f5e trocas de mensagens entre o banqueiro Daniel Vorcaro e o ministro Alexandre de Moraes. Cabe agora ao presidente da Corte, Edson Fachin, definir quando o tema ser\u00e1 pautado.","canonical_url":"https:\/\/acontecenafronteira.com.br\/index.php\/2026\/09\/06\/caso-master-no-stf-mendonca-libera-relatorio-da-pf-para-plenario\/","robots":"max-image-preview:large","keywords":"","webmasterTools":{"miscellaneous":""},"schema":{"@context":"https:\/\/schema.org","@graph":[{"@type":"BlogPosting","@id":"https:\/\/acontecenafronteira.com.br\/index.php\/2026\/09\/06\/caso-master-no-stf-mendonca-libera-relatorio-da-pf-para-plenario\/#blogposting","name":"Caso Master no STF: Mendon\u00e7a libera relat\u00f3rio da PF para plen\u00e1rio - Acontece Na Fronteira","headline":"Caso Master no STF: Mendon\u00e7a libera relat\u00f3rio da PF para plen\u00e1rio","author":{"@id":"https:\/\/acontecenafronteira.com.br\/index.php\/author\/#author"},"publisher":{"@id":"https:\/\/acontecenafronteira.com.br\/#organization"},"image":{"@type":"ImageObject","url":"https:\/\/acontecenafronteira.com.br\/wp-content\/uploads\/2026\/09\/mendonca-libera-relatorio-da-pf-com-mensagens-de-vorcaro-a-moraes-para-fachin-pautar-no-plenario-do-stf-1788723433.jpg?v=1788723433","width":1200,"height":800,"caption":"Mendon\u00e7a libera relat\u00f3rio da PF com mensagens de Vorcaro a Moraes para Fachin pautar no plen\u00e1rio do STF"},"datePublished":"2026-09-06T16:37:13-03:00","dateModified":"2026-09-06T16:37:13-03:00","inLanguage":"pt-PT","mainEntityOfPage":{"@id":"https:\/\/acontecenafronteira.com.br\/index.php\/2026\/09\/06\/caso-master-no-stf-mendonca-libera-relatorio-da-pf-para-plenario\/#webpage"},"isPartOf":{"@id":"https:\/\/acontecenafronteira.com.br\/index.php\/2026\/09\/06\/caso-master-no-stf-mendonca-libera-relatorio-da-pf-para-plenario\/#webpage"},"articleSection":"Mundo"},{"@type":"BreadcrumbList","@id":"https:\/\/acontecenafronteira.com.br\/index.php\/2026\/09\/06\/caso-master-no-stf-mendonca-libera-relatorio-da-pf-para-plenario\/#breadcrumblist","itemListElement":[{"@type":"ListItem","@id":"https:\/\/acontecenafronteira.com.br#listItem","position":1,"name":"Home","item":"https:\/\/acontecenafronteira.com.br","nextItem":{"@type":"ListItem","@id":"https:\/\/acontecenafronteira.com.br\/index.php\/category\/mundo\/#listItem","name":"Mundo"}},{"@type":"ListItem","@id":"https:\/\/acontecenafronteira.com.br\/index.php\/category\/mundo\/#listItem","position":2,"name":"Mundo","item":"https:\/\/acontecenafronteira.com.br\/index.php\/category\/mundo\/","nextItem":{"@type":"ListItem","@id":"https:\/\/acontecenafronteira.com.br\/index.php\/2026\/09\/06\/caso-master-no-stf-mendonca-libera-relatorio-da-pf-para-plenario\/#listItem","name":"Caso Master no STF: Mendon\u00e7a libera relat\u00f3rio da PF para plen\u00e1rio"},"previousItem":{"@type":"ListItem","@id":"https:\/\/acontecenafronteira.com.br#listItem","name":"Home"}},{"@type":"ListItem","@id":"https:\/\/acontecenafronteira.com.br\/index.php\/2026\/09\/06\/caso-master-no-stf-mendonca-libera-relatorio-da-pf-para-plenario\/#listItem","position":3,"name":"Caso Master no STF: Mendon\u00e7a libera relat\u00f3rio da PF para plen\u00e1rio","previousItem":{"@type":"ListItem","@id":"https:\/\/acontecenafronteira.com.br\/index.php\/category\/mundo\/#listItem","name":"Mundo"}}]},{"@type":"Organization","@id":"https:\/\/acontecenafronteira.com.br\/#organization","name":"Acontece Na Fronteira","description":"Noticias da Triplice Fronteira","url":"https:\/\/acontecenafronteira.com.br\/","logo":{"@type":"ImageObject","url":"https:\/\/acontecenafronteira.com.br\/wp-content\/uploads\/2021\/11\/logo-acontece-1.jpg","@id":"https:\/\/acontecenafronteira.com.br\/index.php\/2026\/09\/06\/caso-master-no-stf-mendonca-libera-relatorio-da-pf-para-plenario\/#organizationLogo","width":519,"height":134},"image":{"@id":"https:\/\/acontecenafronteira.com.br\/index.php\/2026\/09\/06\/caso-master-no-stf-mendonca-libera-relatorio-da-pf-para-plenario\/#organizationLogo"}},{"@type":"WebPage","@id":"https:\/\/acontecenafronteira.com.br\/index.php\/2026\/09\/06\/caso-master-no-stf-mendonca-libera-relatorio-da-pf-para-plenario\/#webpage","url":"https:\/\/acontecenafronteira.com.br\/index.php\/2026\/09\/06\/caso-master-no-stf-mendonca-libera-relatorio-da-pf-para-plenario\/","name":"Caso Master no STF: Mendon\u00e7a libera relat\u00f3rio da PF para plen\u00e1rio - Acontece Na Fronteira","description":"O ministro Andr\u00e9 Mendon\u00e7a, respons\u00e1vel pela relatoria do caso Master no Supremo Tribunal Federal (STF), encaminhou para avalia\u00e7\u00e3o do plen\u00e1rio o documento da Pol\u00edcia Federal que exp\u00f5e trocas de mensagens entre o banqueiro Daniel Vorcaro e o ministro Alexandre de Moraes. Cabe agora ao presidente da Corte, Edson Fachin, definir quando o tema ser\u00e1 pautado.","inLanguage":"pt-PT","isPartOf":{"@id":"https:\/\/acontecenafronteira.com.br\/#website"},"breadcrumb":{"@id":"https:\/\/acontecenafronteira.com.br\/index.php\/2026\/09\/06\/caso-master-no-stf-mendonca-libera-relatorio-da-pf-para-plenario\/#breadcrumblist"},"author":{"@id":"https:\/\/acontecenafronteira.com.br\/index.php\/author\/#author"},"creator":{"@id":"https:\/\/acontecenafronteira.com.br\/index.php\/author\/#author"},"image":{"@type":"ImageObject","url":"https:\/\/acontecenafronteira.com.br\/wp-content\/uploads\/2026\/09\/mendonca-libera-relatorio-da-pf-com-mensagens-de-vorcaro-a-moraes-para-fachin-pautar-no-plenario-do-stf-1788723433.jpg?v=1788723433","@id":"https:\/\/acontecenafronteira.com.br\/index.php\/2026\/09\/06\/caso-master-no-stf-mendonca-libera-relatorio-da-pf-para-plenario\/#mainImage","width":1200,"height":800,"caption":"Mendon\u00e7a libera relat\u00f3rio da PF com mensagens de Vorcaro a Moraes para Fachin pautar no plen\u00e1rio do STF"},"primaryImageOfPage":{"@id":"https:\/\/acontecenafronteira.com.br\/index.php\/2026\/09\/06\/caso-master-no-stf-mendonca-libera-relatorio-da-pf-para-plenario\/#mainImage"},"datePublished":"2026-09-06T16:37:13-03:00","dateModified":"2026-09-06T16:37:13-03:00"},{"@type":"WebSite","@id":"https:\/\/acontecenafronteira.com.br\/#website","url":"https:\/\/acontecenafronteira.com.br\/","name":"Acontece Na Fronteira","description":"Noticias da Triplice Fronteira","inLanguage":"pt-PT","publisher":{"@id":"https:\/\/acontecenafronteira.com.br\/#organization"}}]},"og:locale":"pt_PT","og:site_name":"Acontece Na Fronteira - Noticias da Triplice Fronteira","og:type":"article","og:title":"Caso Master no STF: Mendon\u00e7a libera relat\u00f3rio da PF para plen\u00e1rio - Acontece Na Fronteira","og:description":"O ministro Andr\u00e9 Mendon\u00e7a, respons\u00e1vel pela relatoria do caso Master no Supremo Tribunal Federal (STF), encaminhou para avalia\u00e7\u00e3o do plen\u00e1rio o documento da Pol\u00edcia Federal que exp\u00f5e trocas de mensagens entre o banqueiro Daniel Vorcaro e o ministro Alexandre de Moraes. Cabe agora ao presidente da Corte, Edson Fachin, definir quando o tema ser\u00e1 pautado.","og:url":"https:\/\/acontecenafronteira.com.br\/index.php\/2026\/09\/06\/caso-master-no-stf-mendonca-libera-relatorio-da-pf-para-plenario\/","og:image":"https:\/\/acontecenafronteira.com.br\/wp-content\/uploads\/2021\/11\/logo-acontece-1.jpg","og:image:secure_url":"https:\/\/acontecenafronteira.com.br\/wp-content\/uploads\/2021\/11\/logo-acontece-1.jpg","article:published_time":"2026-09-06T19:37:13+00:00","article:modified_time":"2026-09-06T19:37:13+00:00","twitter:card":"summary_large_image","twitter:title":"Caso Master no STF: Mendon\u00e7a libera relat\u00f3rio da PF para plen\u00e1rio - Acontece Na Fronteira","twitter:description":"O ministro Andr\u00e9 Mendon\u00e7a, respons\u00e1vel pela relatoria do caso Master no Supremo Tribunal Federal (STF), encaminhou para avalia\u00e7\u00e3o do plen\u00e1rio o documento da Pol\u00edcia Federal que exp\u00f5e trocas de mensagens entre o banqueiro Daniel Vorcaro e o ministro Alexandre de Moraes. Cabe agora ao presidente da Corte, Edson Fachin, definir quando o tema ser\u00e1 pautado.","twitter:image":"https:\/\/acontecenafronteira.com.br\/wp-content\/uploads\/2021\/11\/logo-acontece-1.jpg"},"aioseo_meta_data":[],"aioseo_breadcrumb":"<div class=\"aioseo-breadcrumbs\"><span class=\"aioseo-breadcrumb\">\n\t\t\t<a href=\"https:\/\/acontecenafronteira.com.br\" title=\"Home\">Home<\/a>\n\t\t<\/span><span class=\"aioseo-breadcrumb-separator\">&raquo;<\/span><span class=\"aioseo-breadcrumb\">\n\t\t\t<a href=\"https:\/\/acontecenafronteira.com.br\/index.php\/category\/mundo\/\" title=\"Mundo\">Mundo<\/a>\n\t\t<\/span><span class=\"aioseo-breadcrumb-separator\">&raquo;<\/span><span class=\"aioseo-breadcrumb\">\n\t\t\tCaso Master no STF: Mendon\u00e7a libera relat\u00f3rio da PF para plen\u00e1rio\n\t\t<\/span><\/div>","aioseo_breadcrumb_json":[{"label":"Home","link":"https:\/\/acontecenafronteira.com.br"},{"label":"Mundo","link":"https:\/\/acontecenafronteira.com.br\/index.php\/category\/mundo\/"},{"label":"Caso Master no STF: Mendon\u00e7a libera relat\u00f3rio da PF para plen\u00e1rio","link":"https:\/\/acontecenafronteira.com.br\/index.php\/2026\/09\/06\/caso-master-no-stf-mendonca-libera-relatorio-da-pf-para-plenario\/"}],"_links":{"self":[{"href":"https:\/\/acontecenafronteira.com.br\/index.php\/wp-json\/wp\/v2\/posts\/36848","targetHints":{"allow":["GET"]}}],"collection":[{"href":"https:\/\/acontecenafronteira.com.br\/index.php\/wp-json\/wp\/v2\/posts"}],"about":[{"href":"https:\/\/acontecenafronteira.com.br\/index.php\/wp-json\/wp\/v2\/types\/post"}],"replies":[{"embeddable":true,"href":"https:\/\/acontecenafronteira.com.br\/index.php\/wp-json\/wp\/v2\/comments?post=36848"}],"version-history":[{"count":1,"href":"https:\/\/acontecenafronteira.com.br\/index.php\/wp-json\/wp\/v2\/posts\/36848\/revisions"}],"predecessor-version":[{"id":36855,"href":"https:\/\/acontecenafronteira.com.br\/index.php\/wp-json\/wp\/v2\/posts\/36848\/revisions\/36855"}],"wp:featuredmedia":[{"embeddable":true,"href":"https:\/\/acontecenafronteira.com.br\/index.php\/wp-json\/wp\/v2\/media\/36856"}],"wp:attachment":[{"href":"https:\/\/acontecenafronteira.com.br\/index.php\/wp-json\/wp\/v2\/media?parent=36848"}],"wp:term":[{"taxonomy":"category","embeddable":true,"href":"https:\/\/acontecenafronteira.com.br\/index.php\/wp-json\/wp\/v2\/categories?post=36848"},{"taxonomy":"post_tag","embeddable":true,"href":"https:\/\/acontecenafronteira.com.br\/index.php\/wp-json\/wp\/v2\/tags?post=36848"}],"curies":[{"name":"wp","href":"https:\/\/api.w.org\/{rel}","templated":true}]}}