{"id":36847,"date":"2026-09-06T16:36:58","date_gmt":"2026-09-06T19:36:58","guid":{"rendered":"https:\/\/acontecenafronteira.com.br\/?p=36847"},"modified":"2026-09-06T16:36:58","modified_gmt":"2026-09-06T19:36:58","slug":"flavio-dino-questiona-propostas-de-encerramento-de-inqueritos-antigos-no-stf","status":"publish","type":"post","link":"https:\/\/acontecenafronteira.com.br\/index.php\/2026\/09\/06\/flavio-dino-questiona-propostas-de-encerramento-de-inqueritos-antigos-no-stf\/","title":{"rendered":"Fl\u00e1vio Dino questiona propostas de encerramento de inqu\u00e9ritos antigos no STF"},"content":{"rendered":"<p>O ministro Fl\u00e1vio Dino utilizou as redes sociais para questionar a validade de promessas feitas por magistrados sobre o encerramento de investiga\u00e7\u00f5es de longa data no Supremo Tribunal Federal. A manifesta\u00e7\u00e3o ocorre em meio a tens\u00f5es internas na mais alta Corte do pa\u00eds e debates acalorados sobre a condu\u00e7\u00e3o de processos.<\/p>\n<h2>O debate sobre a dura\u00e7\u00e3o dos processos<\/h2>\n<p>Sem citar nominalmente outros magistrados, Dino colocou em d\u00favida se um juiz pode estipular prazos para o fim de investiga\u00e7\u00f5es como forma de agradar o p\u00fablico. O ministro apontou que investiga\u00e7\u00f5es devem naturalmente chegar ao fim por meio de den\u00fancias ou arquivamentos, mas ponderou sobre os crit\u00e9rios legais utilizados para definir o que seria uma tramita\u00e7\u00e3o excessivamente longa antes da prescri\u00e7\u00e3o.<\/p>\n<h2>Tens\u00f5es internas e o inqu\u00e9rito em foco<\/h2>\n<p>A discuss\u00e3o ganha for\u00e7a ap\u00f3s movimenta\u00e7\u00f5es recentes envolvendo magistrados do STF e investiga\u00e7\u00f5es de grande repercuss\u00e3o, incluindo o famoso inqu\u00e9rito aberto em 2019 para apurar ataques e not\u00edcias falsas contra os integrantes da Corte e seus familiares. O andamento prolongado desse procedimento \u00e9 alvo constante de debates jur\u00eddicos e pol\u00edticos no cen\u00e1rio nacional.<\/p>\n<p>Para o ministro, a atual discuss\u00e3o sobre o Poder Judici\u00e1rio tem misturado problemas jur\u00eddicos reais com interesses econ\u00f4micos, disputas eleitorais e sentimentos pessoais, o que prejudicaria a seriedade institucional exigida pelo \u00f3rg\u00e3o m\u00e1ximo da justi\u00e7a brasileira.<\/p>\n<p>Por Reda\u00e7\u00e3o Acontece<\/p>\n<p>Cr\u00e9ditos da imagem: Divulga\u00e7\u00e3o \/ STF<\/p>\n","protected":false},"excerpt":{"rendered":"<p>O ministro Fl\u00e1vio Dino utilizou as redes sociais para questionar a validade de promessas feitas por magistrados sobre o encerramento de investiga\u00e7\u00f5es de longa data no Supremo Tribunal Federal. A manifesta\u00e7\u00e3o ocorre em meio a tens\u00f5es internas na mais alta Corte do pa\u00eds e debates acalorados sobre a condu\u00e7\u00e3o de processos. O debate sobre a [&hellip;]<\/p>\n","protected":false},"author":0,"featured_media":36854,"comment_status":"open","ping_status":"open","sticky":false,"template":"","format":"standard","meta":{"_monsterinsights_skip_tracking":false,"_uf_show_specific_survey":0,"_uf_disable_surveys":false,"footnotes":""},"categories":[28],"tags":[],"class_list":["post-36847","post","type-post","status-publish","format-standard","has-post-thumbnail","hentry","category-mundo"],"aioseo_notices":[],"aioseo_head":"\n\t\t<!-- All in One SEO 5.0.1.1 - aioseo.com -->\n\t<meta name=\"description\" content=\"O ministro Fl\u00e1vio Dino utilizou as redes sociais para questionar a validade de promessas feitas por magistrados sobre o encerramento de investiga\u00e7\u00f5es de longa data no Supremo Tribunal Federal. A manifesta\u00e7\u00e3o ocorre em meio a tens\u00f5es internas na mais alta Corte do pa\u00eds e debates acalorados sobre a condu\u00e7\u00e3o de processos. O debate sobre a\" \/>\n\t<meta name=\"robots\" content=\"max-image-preview:large\" \/>\n\t<link rel=\"canonical\" href=\"https:\/\/acontecenafronteira.com.br\/index.php\/2026\/09\/06\/flavio-dino-questiona-propostas-de-encerramento-de-inqueritos-antigos-no-stf\/\" \/>\n\t<meta name=\"generator\" content=\"All in One SEO (AIOSEO) 5.0.1.1\" \/>\n\t\t<meta property=\"og:locale\" content=\"pt_PT\" \/>\n\t\t<meta property=\"og:site_name\" content=\"Acontece Na Fronteira - Noticias da Triplice Fronteira\" \/>\n\t\t<meta property=\"og:type\" content=\"article\" \/>\n\t\t<meta property=\"og:title\" content=\"Fl\u00e1vio Dino questiona propostas de encerramento de inqu\u00e9ritos antigos no STF - Acontece Na Fronteira\" \/>\n\t\t<meta property=\"og:description\" content=\"O ministro Fl\u00e1vio Dino utilizou as redes sociais para questionar a validade de promessas feitas por magistrados sobre o encerramento de investiga\u00e7\u00f5es de longa data no Supremo Tribunal Federal. A manifesta\u00e7\u00e3o ocorre em meio a tens\u00f5es internas na mais alta Corte do pa\u00eds e debates acalorados sobre a condu\u00e7\u00e3o de processos. O debate sobre a\" \/>\n\t\t<meta property=\"og:url\" content=\"https:\/\/acontecenafronteira.com.br\/index.php\/2026\/09\/06\/flavio-dino-questiona-propostas-de-encerramento-de-inqueritos-antigos-no-stf\/\" \/>\n\t\t<meta property=\"og:image\" content=\"https:\/\/acontecenafronteira.com.br\/wp-content\/uploads\/2021\/11\/logo-acontece-1.jpg\" \/>\n\t\t<meta property=\"og:image:secure_url\" content=\"https:\/\/acontecenafronteira.com.br\/wp-content\/uploads\/2021\/11\/logo-acontece-1.jpg\" \/>\n\t\t<meta property=\"article:published_time\" content=\"2026-09-06T19:36:58+00:00\" \/>\n\t\t<meta property=\"article:modified_time\" content=\"2026-09-06T19:36:58+00:00\" \/>\n\t\t<meta name=\"twitter:card\" content=\"summary_large_image\" \/>\n\t\t<meta name=\"twitter:title\" content=\"Fl\u00e1vio Dino questiona propostas de encerramento de inqu\u00e9ritos antigos no STF - Acontece Na Fronteira\" \/>\n\t\t<meta name=\"twitter:description\" content=\"O ministro Fl\u00e1vio Dino utilizou as redes sociais para questionar a validade de promessas feitas por magistrados sobre o encerramento de investiga\u00e7\u00f5es de longa data no Supremo Tribunal Federal. A manifesta\u00e7\u00e3o ocorre em meio a tens\u00f5es internas na mais alta Corte do pa\u00eds e debates acalorados sobre a condu\u00e7\u00e3o de processos. O debate sobre a\" \/>\n\t\t<meta name=\"twitter:image\" content=\"https:\/\/acontecenafronteira.com.br\/wp-content\/uploads\/2021\/11\/logo-acontece-1.jpg\" \/>\n\t\t<script type=\"application\/ld+json\" class=\"aioseo-schema\">\n\t\t\t{\"@context\":\"https:\\\/\\\/schema.org\",\"@graph\":[{\"@type\":\"BlogPosting\",\"@id\":\"https:\\\/\\\/acontecenafronteira.com.br\\\/index.php\\\/2026\\\/09\\\/06\\\/flavio-dino-questiona-propostas-de-encerramento-de-inqueritos-antigos-no-stf\\\/#blogposting\",\"name\":\"Fl\\u00e1vio Dino questiona propostas de encerramento de inqu\\u00e9ritos antigos no STF - Acontece Na Fronteira\",\"headline\":\"Fl\\u00e1vio Dino questiona propostas de encerramento de inqu\\u00e9ritos antigos no STF\",\"author\":{\"@id\":\"https:\\\/\\\/acontecenafronteira.com.br\\\/index.php\\\/author\\\/#author\"},\"publisher\":{\"@id\":\"https:\\\/\\\/acontecenafronteira.com.br\\\/#organization\"},\"image\":{\"@type\":\"ImageObject\",\"url\":\"https:\\\/\\\/acontecenafronteira.com.br\\\/wp-content\\\/uploads\\\/2026\\\/09\\\/sem-citar-fachin-dino-questiona-plano-de-encerrar-inqueritos-muito-antigos-como-o-das-fake-news-1788723417.jpg?v=1788723418\",\"width\":1200,\"height\":800,\"caption\":\"Sem citar Fachin, Dino questiona plano de encerrar inqu\\u00e9ritos \\u201cmuito antigos\\u201d, como o das fake news\"},\"datePublished\":\"2026-09-06T16:36:58-03:00\",\"dateModified\":\"2026-09-06T16:36:58-03:00\",\"inLanguage\":\"pt-PT\",\"mainEntityOfPage\":{\"@id\":\"https:\\\/\\\/acontecenafronteira.com.br\\\/index.php\\\/2026\\\/09\\\/06\\\/flavio-dino-questiona-propostas-de-encerramento-de-inqueritos-antigos-no-stf\\\/#webpage\"},\"isPartOf\":{\"@id\":\"https:\\\/\\\/acontecenafronteira.com.br\\\/index.php\\\/2026\\\/09\\\/06\\\/flavio-dino-questiona-propostas-de-encerramento-de-inqueritos-antigos-no-stf\\\/#webpage\"},\"articleSection\":\"Mundo\"},{\"@type\":\"BreadcrumbList\",\"@id\":\"https:\\\/\\\/acontecenafronteira.com.br\\\/index.php\\\/2026\\\/09\\\/06\\\/flavio-dino-questiona-propostas-de-encerramento-de-inqueritos-antigos-no-stf\\\/#breadcrumblist\",\"itemListElement\":[{\"@type\":\"ListItem\",\"@id\":\"https:\\\/\\\/acontecenafronteira.com.br#listItem\",\"position\":1,\"name\":\"Home\",\"item\":\"https:\\\/\\\/acontecenafronteira.com.br\",\"nextItem\":{\"@type\":\"ListItem\",\"@id\":\"https:\\\/\\\/acontecenafronteira.com.br\\\/index.php\\\/category\\\/mundo\\\/#listItem\",\"name\":\"Mundo\"}},{\"@type\":\"ListItem\",\"@id\":\"https:\\\/\\\/acontecenafronteira.com.br\\\/index.php\\\/category\\\/mundo\\\/#listItem\",\"position\":2,\"name\":\"Mundo\",\"item\":\"https:\\\/\\\/acontecenafronteira.com.br\\\/index.php\\\/category\\\/mundo\\\/\",\"nextItem\":{\"@type\":\"ListItem\",\"@id\":\"https:\\\/\\\/acontecenafronteira.com.br\\\/index.php\\\/2026\\\/09\\\/06\\\/flavio-dino-questiona-propostas-de-encerramento-de-inqueritos-antigos-no-stf\\\/#listItem\",\"name\":\"Fl\\u00e1vio Dino questiona propostas de encerramento de inqu\\u00e9ritos antigos no STF\"},\"previousItem\":{\"@type\":\"ListItem\",\"@id\":\"https:\\\/\\\/acontecenafronteira.com.br#listItem\",\"name\":\"Home\"}},{\"@type\":\"ListItem\",\"@id\":\"https:\\\/\\\/acontecenafronteira.com.br\\\/index.php\\\/2026\\\/09\\\/06\\\/flavio-dino-questiona-propostas-de-encerramento-de-inqueritos-antigos-no-stf\\\/#listItem\",\"position\":3,\"name\":\"Fl\\u00e1vio Dino questiona propostas de encerramento de inqu\\u00e9ritos antigos no STF\",\"previousItem\":{\"@type\":\"ListItem\",\"@id\":\"https:\\\/\\\/acontecenafronteira.com.br\\\/index.php\\\/category\\\/mundo\\\/#listItem\",\"name\":\"Mundo\"}}]},{\"@type\":\"Organization\",\"@id\":\"https:\\\/\\\/acontecenafronteira.com.br\\\/#organization\",\"name\":\"Acontece Na Fronteira\",\"description\":\"Noticias da Triplice Fronteira\",\"url\":\"https:\\\/\\\/acontecenafronteira.com.br\\\/\",\"logo\":{\"@type\":\"ImageObject\",\"url\":\"https:\\\/\\\/acontecenafronteira.com.br\\\/wp-content\\\/uploads\\\/2021\\\/11\\\/logo-acontece-1.jpg\",\"@id\":\"https:\\\/\\\/acontecenafronteira.com.br\\\/index.php\\\/2026\\\/09\\\/06\\\/flavio-dino-questiona-propostas-de-encerramento-de-inqueritos-antigos-no-stf\\\/#organizationLogo\",\"width\":519,\"height\":134},\"image\":{\"@id\":\"https:\\\/\\\/acontecenafronteira.com.br\\\/index.php\\\/2026\\\/09\\\/06\\\/flavio-dino-questiona-propostas-de-encerramento-de-inqueritos-antigos-no-stf\\\/#organizationLogo\"}},{\"@type\":\"WebPage\",\"@id\":\"https:\\\/\\\/acontecenafronteira.com.br\\\/index.php\\\/2026\\\/09\\\/06\\\/flavio-dino-questiona-propostas-de-encerramento-de-inqueritos-antigos-no-stf\\\/#webpage\",\"url\":\"https:\\\/\\\/acontecenafronteira.com.br\\\/index.php\\\/2026\\\/09\\\/06\\\/flavio-dino-questiona-propostas-de-encerramento-de-inqueritos-antigos-no-stf\\\/\",\"name\":\"Fl\\u00e1vio Dino questiona propostas de encerramento de inqu\\u00e9ritos antigos no STF - Acontece Na Fronteira\",\"description\":\"O ministro Fl\\u00e1vio Dino utilizou as redes sociais para questionar a validade de promessas feitas por magistrados sobre o encerramento de investiga\\u00e7\\u00f5es de longa data no Supremo Tribunal Federal. A manifesta\\u00e7\\u00e3o ocorre em meio a tens\\u00f5es internas na mais alta Corte do pa\\u00eds e debates acalorados sobre a condu\\u00e7\\u00e3o de processos. O debate sobre a\",\"inLanguage\":\"pt-PT\",\"isPartOf\":{\"@id\":\"https:\\\/\\\/acontecenafronteira.com.br\\\/#website\"},\"breadcrumb\":{\"@id\":\"https:\\\/\\\/acontecenafronteira.com.br\\\/index.php\\\/2026\\\/09\\\/06\\\/flavio-dino-questiona-propostas-de-encerramento-de-inqueritos-antigos-no-stf\\\/#breadcrumblist\"},\"author\":{\"@id\":\"https:\\\/\\\/acontecenafronteira.com.br\\\/index.php\\\/author\\\/#author\"},\"creator\":{\"@id\":\"https:\\\/\\\/acontecenafronteira.com.br\\\/index.php\\\/author\\\/#author\"},\"image\":{\"@type\":\"ImageObject\",\"url\":\"https:\\\/\\\/acontecenafronteira.com.br\\\/wp-content\\\/uploads\\\/2026\\\/09\\\/sem-citar-fachin-dino-questiona-plano-de-encerrar-inqueritos-muito-antigos-como-o-das-fake-news-1788723417.jpg?v=1788723418\",\"@id\":\"https:\\\/\\\/acontecenafronteira.com.br\\\/index.php\\\/2026\\\/09\\\/06\\\/flavio-dino-questiona-propostas-de-encerramento-de-inqueritos-antigos-no-stf\\\/#mainImage\",\"width\":1200,\"height\":800,\"caption\":\"Sem citar Fachin, Dino questiona plano de encerrar inqu\\u00e9ritos \\u201cmuito antigos\\u201d, como o das fake news\"},\"primaryImageOfPage\":{\"@id\":\"https:\\\/\\\/acontecenafronteira.com.br\\\/index.php\\\/2026\\\/09\\\/06\\\/flavio-dino-questiona-propostas-de-encerramento-de-inqueritos-antigos-no-stf\\\/#mainImage\"},\"datePublished\":\"2026-09-06T16:36:58-03:00\",\"dateModified\":\"2026-09-06T16:36:58-03:00\"},{\"@type\":\"WebSite\",\"@id\":\"https:\\\/\\\/acontecenafronteira.com.br\\\/#website\",\"url\":\"https:\\\/\\\/acontecenafronteira.com.br\\\/\",\"name\":\"Acontece Na Fronteira\",\"description\":\"Noticias da Triplice Fronteira\",\"inLanguage\":\"pt-PT\",\"publisher\":{\"@id\":\"https:\\\/\\\/acontecenafronteira.com.br\\\/#organization\"}}]}\n\t\t<\/script>\n\t\t<!-- All in One SEO -->\n\n","aioseo_head_json":{"title":"Fl\u00e1vio Dino questiona propostas de encerramento de inqu\u00e9ritos antigos no STF - Acontece Na Fronteira","description":"O ministro Fl\u00e1vio Dino utilizou as redes sociais para questionar a validade de promessas feitas por magistrados sobre o encerramento de investiga\u00e7\u00f5es de longa data no Supremo Tribunal Federal. A manifesta\u00e7\u00e3o ocorre em meio a tens\u00f5es internas na mais alta Corte do pa\u00eds e debates acalorados sobre a condu\u00e7\u00e3o de processos. O debate sobre a","canonical_url":"https:\/\/acontecenafronteira.com.br\/index.php\/2026\/09\/06\/flavio-dino-questiona-propostas-de-encerramento-de-inqueritos-antigos-no-stf\/","robots":"max-image-preview:large","keywords":"","webmasterTools":{"miscellaneous":""},"schema":{"@context":"https:\/\/schema.org","@graph":[{"@type":"BlogPosting","@id":"https:\/\/acontecenafronteira.com.br\/index.php\/2026\/09\/06\/flavio-dino-questiona-propostas-de-encerramento-de-inqueritos-antigos-no-stf\/#blogposting","name":"Fl\u00e1vio Dino questiona propostas de encerramento de inqu\u00e9ritos antigos no STF - Acontece Na Fronteira","headline":"Fl\u00e1vio Dino questiona propostas de encerramento de inqu\u00e9ritos antigos no STF","author":{"@id":"https:\/\/acontecenafronteira.com.br\/index.php\/author\/#author"},"publisher":{"@id":"https:\/\/acontecenafronteira.com.br\/#organization"},"image":{"@type":"ImageObject","url":"https:\/\/acontecenafronteira.com.br\/wp-content\/uploads\/2026\/09\/sem-citar-fachin-dino-questiona-plano-de-encerrar-inqueritos-muito-antigos-como-o-das-fake-news-1788723417.jpg?v=1788723418","width":1200,"height":800,"caption":"Sem citar Fachin, Dino questiona plano de encerrar inqu\u00e9ritos \u201cmuito antigos\u201d, como o das fake news"},"datePublished":"2026-09-06T16:36:58-03:00","dateModified":"2026-09-06T16:36:58-03:00","inLanguage":"pt-PT","mainEntityOfPage":{"@id":"https:\/\/acontecenafronteira.com.br\/index.php\/2026\/09\/06\/flavio-dino-questiona-propostas-de-encerramento-de-inqueritos-antigos-no-stf\/#webpage"},"isPartOf":{"@id":"https:\/\/acontecenafronteira.com.br\/index.php\/2026\/09\/06\/flavio-dino-questiona-propostas-de-encerramento-de-inqueritos-antigos-no-stf\/#webpage"},"articleSection":"Mundo"},{"@type":"BreadcrumbList","@id":"https:\/\/acontecenafronteira.com.br\/index.php\/2026\/09\/06\/flavio-dino-questiona-propostas-de-encerramento-de-inqueritos-antigos-no-stf\/#breadcrumblist","itemListElement":[{"@type":"ListItem","@id":"https:\/\/acontecenafronteira.com.br#listItem","position":1,"name":"Home","item":"https:\/\/acontecenafronteira.com.br","nextItem":{"@type":"ListItem","@id":"https:\/\/acontecenafronteira.com.br\/index.php\/category\/mundo\/#listItem","name":"Mundo"}},{"@type":"ListItem","@id":"https:\/\/acontecenafronteira.com.br\/index.php\/category\/mundo\/#listItem","position":2,"name":"Mundo","item":"https:\/\/acontecenafronteira.com.br\/index.php\/category\/mundo\/","nextItem":{"@type":"ListItem","@id":"https:\/\/acontecenafronteira.com.br\/index.php\/2026\/09\/06\/flavio-dino-questiona-propostas-de-encerramento-de-inqueritos-antigos-no-stf\/#listItem","name":"Fl\u00e1vio Dino questiona propostas de encerramento de inqu\u00e9ritos antigos no STF"},"previousItem":{"@type":"ListItem","@id":"https:\/\/acontecenafronteira.com.br#listItem","name":"Home"}},{"@type":"ListItem","@id":"https:\/\/acontecenafronteira.com.br\/index.php\/2026\/09\/06\/flavio-dino-questiona-propostas-de-encerramento-de-inqueritos-antigos-no-stf\/#listItem","position":3,"name":"Fl\u00e1vio Dino questiona propostas de encerramento de inqu\u00e9ritos antigos no STF","previousItem":{"@type":"ListItem","@id":"https:\/\/acontecenafronteira.com.br\/index.php\/category\/mundo\/#listItem","name":"Mundo"}}]},{"@type":"Organization","@id":"https:\/\/acontecenafronteira.com.br\/#organization","name":"Acontece Na Fronteira","description":"Noticias da Triplice Fronteira","url":"https:\/\/acontecenafronteira.com.br\/","logo":{"@type":"ImageObject","url":"https:\/\/acontecenafronteira.com.br\/wp-content\/uploads\/2021\/11\/logo-acontece-1.jpg","@id":"https:\/\/acontecenafronteira.com.br\/index.php\/2026\/09\/06\/flavio-dino-questiona-propostas-de-encerramento-de-inqueritos-antigos-no-stf\/#organizationLogo","width":519,"height":134},"image":{"@id":"https:\/\/acontecenafronteira.com.br\/index.php\/2026\/09\/06\/flavio-dino-questiona-propostas-de-encerramento-de-inqueritos-antigos-no-stf\/#organizationLogo"}},{"@type":"WebPage","@id":"https:\/\/acontecenafronteira.com.br\/index.php\/2026\/09\/06\/flavio-dino-questiona-propostas-de-encerramento-de-inqueritos-antigos-no-stf\/#webpage","url":"https:\/\/acontecenafronteira.com.br\/index.php\/2026\/09\/06\/flavio-dino-questiona-propostas-de-encerramento-de-inqueritos-antigos-no-stf\/","name":"Fl\u00e1vio Dino questiona propostas de encerramento de inqu\u00e9ritos antigos no STF - Acontece Na Fronteira","description":"O ministro Fl\u00e1vio Dino utilizou as redes sociais para questionar a validade de promessas feitas por magistrados sobre o encerramento de investiga\u00e7\u00f5es de longa data no Supremo Tribunal Federal. A manifesta\u00e7\u00e3o ocorre em meio a tens\u00f5es internas na mais alta Corte do pa\u00eds e debates acalorados sobre a condu\u00e7\u00e3o de processos. O debate sobre a","inLanguage":"pt-PT","isPartOf":{"@id":"https:\/\/acontecenafronteira.com.br\/#website"},"breadcrumb":{"@id":"https:\/\/acontecenafronteira.com.br\/index.php\/2026\/09\/06\/flavio-dino-questiona-propostas-de-encerramento-de-inqueritos-antigos-no-stf\/#breadcrumblist"},"author":{"@id":"https:\/\/acontecenafronteira.com.br\/index.php\/author\/#author"},"creator":{"@id":"https:\/\/acontecenafronteira.com.br\/index.php\/author\/#author"},"image":{"@type":"ImageObject","url":"https:\/\/acontecenafronteira.com.br\/wp-content\/uploads\/2026\/09\/sem-citar-fachin-dino-questiona-plano-de-encerrar-inqueritos-muito-antigos-como-o-das-fake-news-1788723417.jpg?v=1788723418","@id":"https:\/\/acontecenafronteira.com.br\/index.php\/2026\/09\/06\/flavio-dino-questiona-propostas-de-encerramento-de-inqueritos-antigos-no-stf\/#mainImage","width":1200,"height":800,"caption":"Sem citar Fachin, Dino questiona plano de encerrar inqu\u00e9ritos \u201cmuito antigos\u201d, como o das fake news"},"primaryImageOfPage":{"@id":"https:\/\/acontecenafronteira.com.br\/index.php\/2026\/09\/06\/flavio-dino-questiona-propostas-de-encerramento-de-inqueritos-antigos-no-stf\/#mainImage"},"datePublished":"2026-09-06T16:36:58-03:00","dateModified":"2026-09-06T16:36:58-03:00"},{"@type":"WebSite","@id":"https:\/\/acontecenafronteira.com.br\/#website","url":"https:\/\/acontecenafronteira.com.br\/","name":"Acontece Na Fronteira","description":"Noticias da Triplice Fronteira","inLanguage":"pt-PT","publisher":{"@id":"https:\/\/acontecenafronteira.com.br\/#organization"}}]},"og:locale":"pt_PT","og:site_name":"Acontece Na Fronteira - Noticias da Triplice Fronteira","og:type":"article","og:title":"Fl\u00e1vio Dino questiona propostas de encerramento de inqu\u00e9ritos antigos no STF - Acontece Na Fronteira","og:description":"O ministro Fl\u00e1vio Dino utilizou as redes sociais para questionar a validade de promessas feitas por magistrados sobre o encerramento de investiga\u00e7\u00f5es de longa data no Supremo Tribunal Federal. A manifesta\u00e7\u00e3o ocorre em meio a tens\u00f5es internas na mais alta Corte do pa\u00eds e debates acalorados sobre a condu\u00e7\u00e3o de processos. O debate sobre a","og:url":"https:\/\/acontecenafronteira.com.br\/index.php\/2026\/09\/06\/flavio-dino-questiona-propostas-de-encerramento-de-inqueritos-antigos-no-stf\/","og:image":"https:\/\/acontecenafronteira.com.br\/wp-content\/uploads\/2021\/11\/logo-acontece-1.jpg","og:image:secure_url":"https:\/\/acontecenafronteira.com.br\/wp-content\/uploads\/2021\/11\/logo-acontece-1.jpg","article:published_time":"2026-09-06T19:36:58+00:00","article:modified_time":"2026-09-06T19:36:58+00:00","twitter:card":"summary_large_image","twitter:title":"Fl\u00e1vio Dino questiona propostas de encerramento de inqu\u00e9ritos antigos no STF - Acontece Na Fronteira","twitter:description":"O ministro Fl\u00e1vio Dino utilizou as redes sociais para questionar a validade de promessas feitas por magistrados sobre o encerramento de investiga\u00e7\u00f5es de longa data no Supremo Tribunal Federal. A manifesta\u00e7\u00e3o ocorre em meio a tens\u00f5es internas na mais alta Corte do pa\u00eds e debates acalorados sobre a condu\u00e7\u00e3o de processos. O debate sobre a","twitter:image":"https:\/\/acontecenafronteira.com.br\/wp-content\/uploads\/2021\/11\/logo-acontece-1.jpg"},"aioseo_meta_data":[],"aioseo_breadcrumb":"<div class=\"aioseo-breadcrumbs\"><span class=\"aioseo-breadcrumb\">\n\t\t\t<a href=\"https:\/\/acontecenafronteira.com.br\" title=\"Home\">Home<\/a>\n\t\t<\/span><span class=\"aioseo-breadcrumb-separator\">&raquo;<\/span><span class=\"aioseo-breadcrumb\">\n\t\t\t<a href=\"https:\/\/acontecenafronteira.com.br\/index.php\/category\/mundo\/\" title=\"Mundo\">Mundo<\/a>\n\t\t<\/span><span class=\"aioseo-breadcrumb-separator\">&raquo;<\/span><span class=\"aioseo-breadcrumb\">\n\t\t\tFl\u00e1vio Dino questiona propostas de encerramento de inqu\u00e9ritos antigos no STF\n\t\t<\/span><\/div>","aioseo_breadcrumb_json":[{"label":"Home","link":"https:\/\/acontecenafronteira.com.br"},{"label":"Mundo","link":"https:\/\/acontecenafronteira.com.br\/index.php\/category\/mundo\/"},{"label":"Fl\u00e1vio Dino questiona propostas de encerramento de inqu\u00e9ritos antigos no STF","link":"https:\/\/acontecenafronteira.com.br\/index.php\/2026\/09\/06\/flavio-dino-questiona-propostas-de-encerramento-de-inqueritos-antigos-no-stf\/"}],"_links":{"self":[{"href":"https:\/\/acontecenafronteira.com.br\/index.php\/wp-json\/wp\/v2\/posts\/36847","targetHints":{"allow":["GET"]}}],"collection":[{"href":"https:\/\/acontecenafronteira.com.br\/index.php\/wp-json\/wp\/v2\/posts"}],"about":[{"href":"https:\/\/acontecenafronteira.com.br\/index.php\/wp-json\/wp\/v2\/types\/post"}],"replies":[{"embeddable":true,"href":"https:\/\/acontecenafronteira.com.br\/index.php\/wp-json\/wp\/v2\/comments?post=36847"}],"version-history":[{"count":1,"href":"https:\/\/acontecenafronteira.com.br\/index.php\/wp-json\/wp\/v2\/posts\/36847\/revisions"}],"predecessor-version":[{"id":36853,"href":"https:\/\/acontecenafronteira.com.br\/index.php\/wp-json\/wp\/v2\/posts\/36847\/revisions\/36853"}],"wp:featuredmedia":[{"embeddable":true,"href":"https:\/\/acontecenafronteira.com.br\/index.php\/wp-json\/wp\/v2\/media\/36854"}],"wp:attachment":[{"href":"https:\/\/acontecenafronteira.com.br\/index.php\/wp-json\/wp\/v2\/media?parent=36847"}],"wp:term":[{"taxonomy":"category","embeddable":true,"href":"https:\/\/acontecenafronteira.com.br\/index.php\/wp-json\/wp\/v2\/categories?post=36847"},{"taxonomy":"post_tag","embeddable":true,"href":"https:\/\/acontecenafronteira.com.br\/index.php\/wp-json\/wp\/v2\/tags?post=36847"}],"curies":[{"name":"wp","href":"https:\/\/api.w.org\/{rel}","templated":true}]}}