{"id":36846,"date":"2026-09-06T16:36:40","date_gmt":"2026-09-06T19:36:40","guid":{"rendered":"https:\/\/acontecenafronteira.com.br\/?p=36846"},"modified":"2026-09-06T16:36:40","modified_gmt":"2026-09-06T19:36:40","slug":"acidente-com-aviao-da-amazon-fora-do-parana","status":"publish","type":"post","link":"https:\/\/acontecenafronteira.com.br\/index.php\/2026\/09\/06\/acidente-com-aviao-da-amazon-fora-do-parana\/","title":{"rendered":"Acidente com avi\u00e3o da Amazon fora do Paran\u00e1"},"content":{"rendered":"<p>Um avi\u00e3o cargueiro Boeing 767 utilizado pela <b>Amazon<\/b> sofreu um acidente neste domingo ao sair da pista e parar em uma rodovia pr\u00f3xima ao Aeroporto Internacional de Miami, nos Estados Unidos, gerando chamas e muita fuma\u00e7a preta no local.<\/p>\n<h2>Detalhes do voo e do impacto<\/h2>\n<p>\nA aeronave realizou o pouso por volta das 14h, vinda de San Juan, em Porto Rico. Registros em v\u00eddeo feitos por testemunhas e motoristas mostram a carca\u00e7a do <b>Boeing 767<\/b> parcialmente incendiada e bloqueando vias nas imedia\u00e7\u00f5es, embora a estrutura principal tenha permanecido relativamente intacta ap\u00f3s a derrapagem.<\/p>\n<h2>Impacto nas opera\u00e7\u00f5es a\u00e9reas<\/h2>\n<p>\nEm decorr\u00eancia da ocorr\u00eancia, as autoridades locais determinaram o congelamento tempor\u00e1rio das decolagens no terminal de <b>Miami<\/b>, paralisando as atividades de tr\u00e1fego a\u00e9reo na regi\u00e3o enquanto equipes de resgate atuavam.<\/p>\n<h2>Investiga\u00e7\u00e3o e responsabilidade<\/h2>\n<p>\nDados preliminares da Administra\u00e7\u00e3o Federal de Avia\u00e7\u00e3o dos EUA (<b>FAA<\/b>) apontam que o voo era operado pela 21 Air, empresa que presta servi\u00e7os para a divis\u00e3o de entregas da gigante do e-commerce. At\u00e9 o momento, \u00f3rg\u00e3os oficiais n\u00e3o divulgaram dados consolidados sobre poss\u00edveis feridos ou a motiva\u00e7\u00e3o t\u00e9cnica para a perda de controle durante a aterrissagem.<\/p>\n<p>Por Reda\u00e7\u00e3o Acontece<\/p>\n<p>Foto: Reprodu\u00e7\u00e3o \/ X<\/p>\n","protected":false},"excerpt":{"rendered":"<p>Um avi\u00e3o cargueiro Boeing 767 utilizado pela Amazon sofreu um acidente neste domingo ao sair da pista e parar em uma rodovia pr\u00f3xima ao Aeroporto Internacional de Miami, nos Estados Unidos, gerando chamas e muita fuma\u00e7a preta no local. Detalhes do voo e do impacto A aeronave realizou o pouso por volta das 14h, vinda [&hellip;]<\/p>\n","protected":false},"author":0,"featured_media":36852,"comment_status":"open","ping_status":"open","sticky":false,"template":"","format":"standard","meta":{"_monsterinsights_skip_tracking":false,"_uf_show_specific_survey":0,"_uf_disable_surveys":false,"footnotes":""},"categories":[28],"tags":[],"class_list":["post-36846","post","type-post","status-publish","format-standard","has-post-thumbnail","hentry","category-mundo"],"aioseo_notices":[],"aioseo_head":"\n\t\t<!-- All in One SEO 5.0.1.1 - aioseo.com -->\n\t<meta name=\"description\" content=\"Um avi\u00e3o cargueiro Boeing 767 utilizado pela Amazon sofreu um acidente neste domingo ao sair da pista e parar em uma rodovia pr\u00f3xima ao Aeroporto Internacional de Miami, nos Estados Unidos, gerando chamas e muita fuma\u00e7a preta no local. Detalhes do voo e do impacto A aeronave realizou o pouso por volta das 14h, vinda\" \/>\n\t<meta name=\"robots\" content=\"max-image-preview:large\" \/>\n\t<link rel=\"canonical\" href=\"https:\/\/acontecenafronteira.com.br\/index.php\/2026\/09\/06\/acidente-com-aviao-da-amazon-fora-do-parana\/\" \/>\n\t<meta name=\"generator\" content=\"All in One SEO (AIOSEO) 5.0.1.1\" \/>\n\t\t<meta property=\"og:locale\" content=\"pt_PT\" \/>\n\t\t<meta property=\"og:site_name\" content=\"Acontece Na Fronteira - Noticias da Triplice Fronteira\" \/>\n\t\t<meta property=\"og:type\" content=\"article\" \/>\n\t\t<meta property=\"og:title\" content=\"Acidente com avi\u00e3o da Amazon fora do Paran\u00e1 - Acontece Na Fronteira\" \/>\n\t\t<meta property=\"og:description\" content=\"Um avi\u00e3o cargueiro Boeing 767 utilizado pela Amazon sofreu um acidente neste domingo ao sair da pista e parar em uma rodovia pr\u00f3xima ao Aeroporto Internacional de Miami, nos Estados Unidos, gerando chamas e muita fuma\u00e7a preta no local. Detalhes do voo e do impacto A aeronave realizou o pouso por volta das 14h, vinda\" \/>\n\t\t<meta property=\"og:url\" content=\"https:\/\/acontecenafronteira.com.br\/index.php\/2026\/09\/06\/acidente-com-aviao-da-amazon-fora-do-parana\/\" \/>\n\t\t<meta property=\"og:image\" content=\"https:\/\/acontecenafronteira.com.br\/wp-content\/uploads\/2021\/11\/logo-acontece-1.jpg\" \/>\n\t\t<meta property=\"og:image:secure_url\" content=\"https:\/\/acontecenafronteira.com.br\/wp-content\/uploads\/2021\/11\/logo-acontece-1.jpg\" \/>\n\t\t<meta property=\"article:published_time\" content=\"2026-09-06T19:36:40+00:00\" \/>\n\t\t<meta property=\"article:modified_time\" content=\"2026-09-06T19:36:40+00:00\" \/>\n\t\t<meta name=\"twitter:card\" content=\"summary_large_image\" \/>\n\t\t<meta name=\"twitter:title\" content=\"Acidente com avi\u00e3o da Amazon fora do Paran\u00e1 - Acontece Na Fronteira\" \/>\n\t\t<meta name=\"twitter:description\" content=\"Um avi\u00e3o cargueiro Boeing 767 utilizado pela Amazon sofreu um acidente neste domingo ao sair da pista e parar em uma rodovia pr\u00f3xima ao Aeroporto Internacional de Miami, nos Estados Unidos, gerando chamas e muita fuma\u00e7a preta no local. Detalhes do voo e do impacto A aeronave realizou o pouso por volta das 14h, vinda\" \/>\n\t\t<meta name=\"twitter:image\" content=\"https:\/\/acontecenafronteira.com.br\/wp-content\/uploads\/2021\/11\/logo-acontece-1.jpg\" \/>\n\t\t<script type=\"application\/ld+json\" class=\"aioseo-schema\">\n\t\t\t{\"@context\":\"https:\\\/\\\/schema.org\",\"@graph\":[{\"@type\":\"BlogPosting\",\"@id\":\"https:\\\/\\\/acontecenafronteira.com.br\\\/index.php\\\/2026\\\/09\\\/06\\\/acidente-com-aviao-da-amazon-fora-do-parana\\\/#blogposting\",\"name\":\"Acidente com avi\\u00e3o da Amazon fora do Paran\\u00e1 - Acontece Na Fronteira\",\"headline\":\"Acidente com avi\\u00e3o da Amazon fora do Paran\\u00e1\",\"author\":{\"@id\":\"https:\\\/\\\/acontecenafronteira.com.br\\\/index.php\\\/author\\\/#author\"},\"publisher\":{\"@id\":\"https:\\\/\\\/acontecenafronteira.com.br\\\/#organization\"},\"image\":{\"@type\":\"ImageObject\",\"url\":\"https:\\\/\\\/acontecenafronteira.com.br\\\/wp-content\\\/uploads\\\/2026\\\/09\\\/aviao-cargueiro-da-amazon-sai-da-pista-e-pega-fogo-em-estrada-perto-de-aeroporto-de-miami-video-1788723399.jpg?v=1788723400\",\"width\":888,\"height\":500,\"caption\":\"Avi\\u00e3o cargueiro da Amazon sai da pista e pega fogo em estrada perto de aeroporto de Miami; v\\u00eddeo\"},\"datePublished\":\"2026-09-06T16:36:40-03:00\",\"dateModified\":\"2026-09-06T16:36:40-03:00\",\"inLanguage\":\"pt-PT\",\"mainEntityOfPage\":{\"@id\":\"https:\\\/\\\/acontecenafronteira.com.br\\\/index.php\\\/2026\\\/09\\\/06\\\/acidente-com-aviao-da-amazon-fora-do-parana\\\/#webpage\"},\"isPartOf\":{\"@id\":\"https:\\\/\\\/acontecenafronteira.com.br\\\/index.php\\\/2026\\\/09\\\/06\\\/acidente-com-aviao-da-amazon-fora-do-parana\\\/#webpage\"},\"articleSection\":\"Mundo\"},{\"@type\":\"BreadcrumbList\",\"@id\":\"https:\\\/\\\/acontecenafronteira.com.br\\\/index.php\\\/2026\\\/09\\\/06\\\/acidente-com-aviao-da-amazon-fora-do-parana\\\/#breadcrumblist\",\"itemListElement\":[{\"@type\":\"ListItem\",\"@id\":\"https:\\\/\\\/acontecenafronteira.com.br#listItem\",\"position\":1,\"name\":\"Home\",\"item\":\"https:\\\/\\\/acontecenafronteira.com.br\",\"nextItem\":{\"@type\":\"ListItem\",\"@id\":\"https:\\\/\\\/acontecenafronteira.com.br\\\/index.php\\\/category\\\/mundo\\\/#listItem\",\"name\":\"Mundo\"}},{\"@type\":\"ListItem\",\"@id\":\"https:\\\/\\\/acontecenafronteira.com.br\\\/index.php\\\/category\\\/mundo\\\/#listItem\",\"position\":2,\"name\":\"Mundo\",\"item\":\"https:\\\/\\\/acontecenafronteira.com.br\\\/index.php\\\/category\\\/mundo\\\/\",\"nextItem\":{\"@type\":\"ListItem\",\"@id\":\"https:\\\/\\\/acontecenafronteira.com.br\\\/index.php\\\/2026\\\/09\\\/06\\\/acidente-com-aviao-da-amazon-fora-do-parana\\\/#listItem\",\"name\":\"Acidente com avi\\u00e3o da Amazon fora do Paran\\u00e1\"},\"previousItem\":{\"@type\":\"ListItem\",\"@id\":\"https:\\\/\\\/acontecenafronteira.com.br#listItem\",\"name\":\"Home\"}},{\"@type\":\"ListItem\",\"@id\":\"https:\\\/\\\/acontecenafronteira.com.br\\\/index.php\\\/2026\\\/09\\\/06\\\/acidente-com-aviao-da-amazon-fora-do-parana\\\/#listItem\",\"position\":3,\"name\":\"Acidente com avi\\u00e3o da Amazon fora do Paran\\u00e1\",\"previousItem\":{\"@type\":\"ListItem\",\"@id\":\"https:\\\/\\\/acontecenafronteira.com.br\\\/index.php\\\/category\\\/mundo\\\/#listItem\",\"name\":\"Mundo\"}}]},{\"@type\":\"Organization\",\"@id\":\"https:\\\/\\\/acontecenafronteira.com.br\\\/#organization\",\"name\":\"Acontece Na Fronteira\",\"description\":\"Noticias da Triplice Fronteira\",\"url\":\"https:\\\/\\\/acontecenafronteira.com.br\\\/\",\"logo\":{\"@type\":\"ImageObject\",\"url\":\"https:\\\/\\\/acontecenafronteira.com.br\\\/wp-content\\\/uploads\\\/2021\\\/11\\\/logo-acontece-1.jpg\",\"@id\":\"https:\\\/\\\/acontecenafronteira.com.br\\\/index.php\\\/2026\\\/09\\\/06\\\/acidente-com-aviao-da-amazon-fora-do-parana\\\/#organizationLogo\",\"width\":519,\"height\":134},\"image\":{\"@id\":\"https:\\\/\\\/acontecenafronteira.com.br\\\/index.php\\\/2026\\\/09\\\/06\\\/acidente-com-aviao-da-amazon-fora-do-parana\\\/#organizationLogo\"}},{\"@type\":\"WebPage\",\"@id\":\"https:\\\/\\\/acontecenafronteira.com.br\\\/index.php\\\/2026\\\/09\\\/06\\\/acidente-com-aviao-da-amazon-fora-do-parana\\\/#webpage\",\"url\":\"https:\\\/\\\/acontecenafronteira.com.br\\\/index.php\\\/2026\\\/09\\\/06\\\/acidente-com-aviao-da-amazon-fora-do-parana\\\/\",\"name\":\"Acidente com avi\\u00e3o da Amazon fora do Paran\\u00e1 - Acontece Na Fronteira\",\"description\":\"Um avi\\u00e3o cargueiro Boeing 767 utilizado pela Amazon sofreu um acidente neste domingo ao sair da pista e parar em uma rodovia pr\\u00f3xima ao Aeroporto Internacional de Miami, nos Estados Unidos, gerando chamas e muita fuma\\u00e7a preta no local. Detalhes do voo e do impacto A aeronave realizou o pouso por volta das 14h, vinda\",\"inLanguage\":\"pt-PT\",\"isPartOf\":{\"@id\":\"https:\\\/\\\/acontecenafronteira.com.br\\\/#website\"},\"breadcrumb\":{\"@id\":\"https:\\\/\\\/acontecenafronteira.com.br\\\/index.php\\\/2026\\\/09\\\/06\\\/acidente-com-aviao-da-amazon-fora-do-parana\\\/#breadcrumblist\"},\"author\":{\"@id\":\"https:\\\/\\\/acontecenafronteira.com.br\\\/index.php\\\/author\\\/#author\"},\"creator\":{\"@id\":\"https:\\\/\\\/acontecenafronteira.com.br\\\/index.php\\\/author\\\/#author\"},\"image\":{\"@type\":\"ImageObject\",\"url\":\"https:\\\/\\\/acontecenafronteira.com.br\\\/wp-content\\\/uploads\\\/2026\\\/09\\\/aviao-cargueiro-da-amazon-sai-da-pista-e-pega-fogo-em-estrada-perto-de-aeroporto-de-miami-video-1788723399.jpg?v=1788723400\",\"@id\":\"https:\\\/\\\/acontecenafronteira.com.br\\\/index.php\\\/2026\\\/09\\\/06\\\/acidente-com-aviao-da-amazon-fora-do-parana\\\/#mainImage\",\"width\":888,\"height\":500,\"caption\":\"Avi\\u00e3o cargueiro da Amazon sai da pista e pega fogo em estrada perto de aeroporto de Miami; v\\u00eddeo\"},\"primaryImageOfPage\":{\"@id\":\"https:\\\/\\\/acontecenafronteira.com.br\\\/index.php\\\/2026\\\/09\\\/06\\\/acidente-com-aviao-da-amazon-fora-do-parana\\\/#mainImage\"},\"datePublished\":\"2026-09-06T16:36:40-03:00\",\"dateModified\":\"2026-09-06T16:36:40-03:00\"},{\"@type\":\"WebSite\",\"@id\":\"https:\\\/\\\/acontecenafronteira.com.br\\\/#website\",\"url\":\"https:\\\/\\\/acontecenafronteira.com.br\\\/\",\"name\":\"Acontece Na Fronteira\",\"description\":\"Noticias da Triplice Fronteira\",\"inLanguage\":\"pt-PT\",\"publisher\":{\"@id\":\"https:\\\/\\\/acontecenafronteira.com.br\\\/#organization\"}}]}\n\t\t<\/script>\n\t\t<!-- All in One SEO -->\n\n","aioseo_head_json":{"title":"Acidente com avi\u00e3o da Amazon fora do Paran\u00e1 - Acontece Na Fronteira","description":"Um avi\u00e3o cargueiro Boeing 767 utilizado pela Amazon sofreu um acidente neste domingo ao sair da pista e parar em uma rodovia pr\u00f3xima ao Aeroporto Internacional de Miami, nos Estados Unidos, gerando chamas e muita fuma\u00e7a preta no local. Detalhes do voo e do impacto A aeronave realizou o pouso por volta das 14h, vinda","canonical_url":"https:\/\/acontecenafronteira.com.br\/index.php\/2026\/09\/06\/acidente-com-aviao-da-amazon-fora-do-parana\/","robots":"max-image-preview:large","keywords":"","webmasterTools":{"miscellaneous":""},"schema":{"@context":"https:\/\/schema.org","@graph":[{"@type":"BlogPosting","@id":"https:\/\/acontecenafronteira.com.br\/index.php\/2026\/09\/06\/acidente-com-aviao-da-amazon-fora-do-parana\/#blogposting","name":"Acidente com avi\u00e3o da Amazon fora do Paran\u00e1 - Acontece Na Fronteira","headline":"Acidente com avi\u00e3o da Amazon fora do Paran\u00e1","author":{"@id":"https:\/\/acontecenafronteira.com.br\/index.php\/author\/#author"},"publisher":{"@id":"https:\/\/acontecenafronteira.com.br\/#organization"},"image":{"@type":"ImageObject","url":"https:\/\/acontecenafronteira.com.br\/wp-content\/uploads\/2026\/09\/aviao-cargueiro-da-amazon-sai-da-pista-e-pega-fogo-em-estrada-perto-de-aeroporto-de-miami-video-1788723399.jpg?v=1788723400","width":888,"height":500,"caption":"Avi\u00e3o cargueiro da Amazon sai da pista e pega fogo em estrada perto de aeroporto de Miami; v\u00eddeo"},"datePublished":"2026-09-06T16:36:40-03:00","dateModified":"2026-09-06T16:36:40-03:00","inLanguage":"pt-PT","mainEntityOfPage":{"@id":"https:\/\/acontecenafronteira.com.br\/index.php\/2026\/09\/06\/acidente-com-aviao-da-amazon-fora-do-parana\/#webpage"},"isPartOf":{"@id":"https:\/\/acontecenafronteira.com.br\/index.php\/2026\/09\/06\/acidente-com-aviao-da-amazon-fora-do-parana\/#webpage"},"articleSection":"Mundo"},{"@type":"BreadcrumbList","@id":"https:\/\/acontecenafronteira.com.br\/index.php\/2026\/09\/06\/acidente-com-aviao-da-amazon-fora-do-parana\/#breadcrumblist","itemListElement":[{"@type":"ListItem","@id":"https:\/\/acontecenafronteira.com.br#listItem","position":1,"name":"Home","item":"https:\/\/acontecenafronteira.com.br","nextItem":{"@type":"ListItem","@id":"https:\/\/acontecenafronteira.com.br\/index.php\/category\/mundo\/#listItem","name":"Mundo"}},{"@type":"ListItem","@id":"https:\/\/acontecenafronteira.com.br\/index.php\/category\/mundo\/#listItem","position":2,"name":"Mundo","item":"https:\/\/acontecenafronteira.com.br\/index.php\/category\/mundo\/","nextItem":{"@type":"ListItem","@id":"https:\/\/acontecenafronteira.com.br\/index.php\/2026\/09\/06\/acidente-com-aviao-da-amazon-fora-do-parana\/#listItem","name":"Acidente com avi\u00e3o da Amazon fora do Paran\u00e1"},"previousItem":{"@type":"ListItem","@id":"https:\/\/acontecenafronteira.com.br#listItem","name":"Home"}},{"@type":"ListItem","@id":"https:\/\/acontecenafronteira.com.br\/index.php\/2026\/09\/06\/acidente-com-aviao-da-amazon-fora-do-parana\/#listItem","position":3,"name":"Acidente com avi\u00e3o da Amazon fora do Paran\u00e1","previousItem":{"@type":"ListItem","@id":"https:\/\/acontecenafronteira.com.br\/index.php\/category\/mundo\/#listItem","name":"Mundo"}}]},{"@type":"Organization","@id":"https:\/\/acontecenafronteira.com.br\/#organization","name":"Acontece Na Fronteira","description":"Noticias da Triplice Fronteira","url":"https:\/\/acontecenafronteira.com.br\/","logo":{"@type":"ImageObject","url":"https:\/\/acontecenafronteira.com.br\/wp-content\/uploads\/2021\/11\/logo-acontece-1.jpg","@id":"https:\/\/acontecenafronteira.com.br\/index.php\/2026\/09\/06\/acidente-com-aviao-da-amazon-fora-do-parana\/#organizationLogo","width":519,"height":134},"image":{"@id":"https:\/\/acontecenafronteira.com.br\/index.php\/2026\/09\/06\/acidente-com-aviao-da-amazon-fora-do-parana\/#organizationLogo"}},{"@type":"WebPage","@id":"https:\/\/acontecenafronteira.com.br\/index.php\/2026\/09\/06\/acidente-com-aviao-da-amazon-fora-do-parana\/#webpage","url":"https:\/\/acontecenafronteira.com.br\/index.php\/2026\/09\/06\/acidente-com-aviao-da-amazon-fora-do-parana\/","name":"Acidente com avi\u00e3o da Amazon fora do Paran\u00e1 - Acontece Na Fronteira","description":"Um avi\u00e3o cargueiro Boeing 767 utilizado pela Amazon sofreu um acidente neste domingo ao sair da pista e parar em uma rodovia pr\u00f3xima ao Aeroporto Internacional de Miami, nos Estados Unidos, gerando chamas e muita fuma\u00e7a preta no local. Detalhes do voo e do impacto A aeronave realizou o pouso por volta das 14h, vinda","inLanguage":"pt-PT","isPartOf":{"@id":"https:\/\/acontecenafronteira.com.br\/#website"},"breadcrumb":{"@id":"https:\/\/acontecenafronteira.com.br\/index.php\/2026\/09\/06\/acidente-com-aviao-da-amazon-fora-do-parana\/#breadcrumblist"},"author":{"@id":"https:\/\/acontecenafronteira.com.br\/index.php\/author\/#author"},"creator":{"@id":"https:\/\/acontecenafronteira.com.br\/index.php\/author\/#author"},"image":{"@type":"ImageObject","url":"https:\/\/acontecenafronteira.com.br\/wp-content\/uploads\/2026\/09\/aviao-cargueiro-da-amazon-sai-da-pista-e-pega-fogo-em-estrada-perto-de-aeroporto-de-miami-video-1788723399.jpg?v=1788723400","@id":"https:\/\/acontecenafronteira.com.br\/index.php\/2026\/09\/06\/acidente-com-aviao-da-amazon-fora-do-parana\/#mainImage","width":888,"height":500,"caption":"Avi\u00e3o cargueiro da Amazon sai da pista e pega fogo em estrada perto de aeroporto de Miami; v\u00eddeo"},"primaryImageOfPage":{"@id":"https:\/\/acontecenafronteira.com.br\/index.php\/2026\/09\/06\/acidente-com-aviao-da-amazon-fora-do-parana\/#mainImage"},"datePublished":"2026-09-06T16:36:40-03:00","dateModified":"2026-09-06T16:36:40-03:00"},{"@type":"WebSite","@id":"https:\/\/acontecenafronteira.com.br\/#website","url":"https:\/\/acontecenafronteira.com.br\/","name":"Acontece Na Fronteira","description":"Noticias da Triplice Fronteira","inLanguage":"pt-PT","publisher":{"@id":"https:\/\/acontecenafronteira.com.br\/#organization"}}]},"og:locale":"pt_PT","og:site_name":"Acontece Na Fronteira - Noticias da Triplice Fronteira","og:type":"article","og:title":"Acidente com avi\u00e3o da Amazon fora do Paran\u00e1 - Acontece Na Fronteira","og:description":"Um avi\u00e3o cargueiro Boeing 767 utilizado pela Amazon sofreu um acidente neste domingo ao sair da pista e parar em uma rodovia pr\u00f3xima ao Aeroporto Internacional de Miami, nos Estados Unidos, gerando chamas e muita fuma\u00e7a preta no local. Detalhes do voo e do impacto A aeronave realizou o pouso por volta das 14h, vinda","og:url":"https:\/\/acontecenafronteira.com.br\/index.php\/2026\/09\/06\/acidente-com-aviao-da-amazon-fora-do-parana\/","og:image":"https:\/\/acontecenafronteira.com.br\/wp-content\/uploads\/2021\/11\/logo-acontece-1.jpg","og:image:secure_url":"https:\/\/acontecenafronteira.com.br\/wp-content\/uploads\/2021\/11\/logo-acontece-1.jpg","article:published_time":"2026-09-06T19:36:40+00:00","article:modified_time":"2026-09-06T19:36:40+00:00","twitter:card":"summary_large_image","twitter:title":"Acidente com avi\u00e3o da Amazon fora do Paran\u00e1 - Acontece Na Fronteira","twitter:description":"Um avi\u00e3o cargueiro Boeing 767 utilizado pela Amazon sofreu um acidente neste domingo ao sair da pista e parar em uma rodovia pr\u00f3xima ao Aeroporto Internacional de Miami, nos Estados Unidos, gerando chamas e muita fuma\u00e7a preta no local. Detalhes do voo e do impacto A aeronave realizou o pouso por volta das 14h, vinda","twitter:image":"https:\/\/acontecenafronteira.com.br\/wp-content\/uploads\/2021\/11\/logo-acontece-1.jpg"},"aioseo_meta_data":[],"aioseo_breadcrumb":"<div class=\"aioseo-breadcrumbs\"><span class=\"aioseo-breadcrumb\">\n\t\t\t<a href=\"https:\/\/acontecenafronteira.com.br\" title=\"Home\">Home<\/a>\n\t\t<\/span><span class=\"aioseo-breadcrumb-separator\">&raquo;<\/span><span class=\"aioseo-breadcrumb\">\n\t\t\t<a href=\"https:\/\/acontecenafronteira.com.br\/index.php\/category\/mundo\/\" title=\"Mundo\">Mundo<\/a>\n\t\t<\/span><span class=\"aioseo-breadcrumb-separator\">&raquo;<\/span><span class=\"aioseo-breadcrumb\">\n\t\t\tAcidente com avi\u00e3o da Amazon fora do Paran\u00e1\n\t\t<\/span><\/div>","aioseo_breadcrumb_json":[{"label":"Home","link":"https:\/\/acontecenafronteira.com.br"},{"label":"Mundo","link":"https:\/\/acontecenafronteira.com.br\/index.php\/category\/mundo\/"},{"label":"Acidente com avi\u00e3o da Amazon fora do Paran\u00e1","link":"https:\/\/acontecenafronteira.com.br\/index.php\/2026\/09\/06\/acidente-com-aviao-da-amazon-fora-do-parana\/"}],"_links":{"self":[{"href":"https:\/\/acontecenafronteira.com.br\/index.php\/wp-json\/wp\/v2\/posts\/36846","targetHints":{"allow":["GET"]}}],"collection":[{"href":"https:\/\/acontecenafronteira.com.br\/index.php\/wp-json\/wp\/v2\/posts"}],"about":[{"href":"https:\/\/acontecenafronteira.com.br\/index.php\/wp-json\/wp\/v2\/types\/post"}],"replies":[{"embeddable":true,"href":"https:\/\/acontecenafronteira.com.br\/index.php\/wp-json\/wp\/v2\/comments?post=36846"}],"version-history":[{"count":1,"href":"https:\/\/acontecenafronteira.com.br\/index.php\/wp-json\/wp\/v2\/posts\/36846\/revisions"}],"predecessor-version":[{"id":36851,"href":"https:\/\/acontecenafronteira.com.br\/index.php\/wp-json\/wp\/v2\/posts\/36846\/revisions\/36851"}],"wp:featuredmedia":[{"embeddable":true,"href":"https:\/\/acontecenafronteira.com.br\/index.php\/wp-json\/wp\/v2\/media\/36852"}],"wp:attachment":[{"href":"https:\/\/acontecenafronteira.com.br\/index.php\/wp-json\/wp\/v2\/media?parent=36846"}],"wp:term":[{"taxonomy":"category","embeddable":true,"href":"https:\/\/acontecenafronteira.com.br\/index.php\/wp-json\/wp\/v2\/categories?post=36846"},{"taxonomy":"post_tag","embeddable":true,"href":"https:\/\/acontecenafronteira.com.br\/index.php\/wp-json\/wp\/v2\/tags?post=36846"}],"curies":[{"name":"wp","href":"https:\/\/api.w.org\/{rel}","templated":true}]}}