{"id":36836,"date":"2026-09-06T15:36:43","date_gmt":"2026-09-06T18:36:43","guid":{"rendered":"https:\/\/acontecenafronteira.com.br\/?p=36836"},"modified":"2026-09-06T15:36:43","modified_gmt":"2026-09-06T18:36:43","slug":"freddie-mercury-80-anos-fas-celebram-legado-em-montreux","status":"publish","type":"post","link":"https:\/\/acontecenafronteira.com.br\/index.php\/2026\/09\/06\/freddie-mercury-80-anos-fas-celebram-legado-em-montreux\/","title":{"rendered":"Freddie Mercury 80 anos: F\u00e3s celebram legado em Montreux"},"content":{"rendered":"<p>Milhares de admiradores da banda Queen se reuniram na cidade su\u00ed\u00e7a de Montreux para celebrar o que seria o 80\u00ba anivers\u00e1rio do lend\u00e1rio cantor Freddie Mercury. O evento foi marcado por muita emo\u00e7\u00e3o, m\u00fasica e f\u00e3s trajados com figurinos extravagantes inspirados nos momentos mais marcantes da carreira do vocalista, que buscou ref\u00fagio na cidade alpina durante seus \u00faltimos anos de vida.<\/p>\n<h2>A peregrina\u00e7\u00e3o global de f\u00e3s em homenagem ao \u00eddolo<\/h2>\n<p> Pessoas de diversas partes do mundo, incluindo Austr\u00e1lia, Jap\u00e3o e Reino Unido, viajaram para participar da celebra\u00e7\u00e3o junto \u00e0 famosa est\u00e1tua de bronze do artista, erguida em 1996 com vista para o Lago Genebra. O monumento foi totalmente decorado com flores, bal\u00f5es e mensagens deixadas pelos admiradores. A relev\u00e2ncia e o sucesso comercial do grupo cresceram ainda mais ap\u00f3s o falecimento do cantor em 1991, aos 45 anos, v\u00edtima de pneumonia br\u00f4nquica decorrente da AIDS.<\/p>\n<h2>Conex\u00e3o hist\u00f3rica e o festival Freddie Days<\/h2>\n<p> O ic\u00f4nico Mountain Studios, localizado no interior do Cassino de Montreux, foi o cen\u00e1rio onde o Queen gravou seis \u00e1lbuns. Atualmente transformado em um espa\u00e7o de exposi\u00e7\u00f5es, o local permite que visitantes interajam com a mesa de mixagem original. O festival Freddie Days, realizado anualmente desde 2003, reuniu entre 14 mil e 16 mil pessoas nesta edi\u00e7\u00e3o comemorativa, funcionando como uma verdadeira comunidade para os apaixonados pela obra do grupo.<\/p>\n<h2>Nova gera\u00e7\u00e3o e o impacto cultural eterno<\/h2>\n<p> O sucesso do filme biogr\u00e1fico vencedor do Oscar em 2018, Bohemian Rhapsody, ajudou a apresentar a energia e o talento de Mercury para uma nova gera\u00e7\u00e3o de f\u00e3s que nem haviam nascido quando a banda estava em atividade. Jovens admiradores marcaram presen\u00e7a ao lado de veteranos que acompanham o evento h\u00e1 mais de uma d\u00e9cada, mantendo viva a mem\u00f3ria do artista atrav\u00e9s de desenhos, vestimentas cl\u00e1ssicas e muita festa.<\/p>\n<h2>Encerramento emocionante com a fam\u00edlia do cantor<\/h2>\n<p> As festividades contaram ainda com palestras sobre \u00e1lbuns marcantes como Barcelona, gravado em parceria com Montserrat Caball\u00e9, al\u00e9m de apresenta\u00e7\u00f5es de bandas tributo. O encerramento oficial ocorreu com a presen\u00e7a da irm\u00e3 de Freddie Mercury, Kashmira Bulsara, que cortou o bolo de anivers\u00e1rio enquanto o p\u00fablico entoava parab\u00e9ns, celebrando o legado inesquec\u00edvel de um dos maiores nomes da hist\u00f3ria do rock.<\/p>\n<p>Por Reda\u00e7\u00e3o Acontece<\/p>\n<p>FABRICE COFFRINI\/AFP<\/p>\n","protected":false},"excerpt":{"rendered":"<p>Milhares de admiradores da banda Queen se reuniram na cidade su\u00ed\u00e7a de Montreux para celebrar o que seria o 80\u00ba anivers\u00e1rio do lend\u00e1rio cantor Freddie Mercury. O evento foi marcado por muita emo\u00e7\u00e3o, m\u00fasica e f\u00e3s trajados com figurinos extravagantes inspirados nos momentos mais marcantes da carreira do vocalista, que buscou ref\u00fagio na cidade alpina [&hellip;]<\/p>\n","protected":false},"author":0,"featured_media":36843,"comment_status":"open","ping_status":"open","sticky":false,"template":"","format":"standard","meta":{"_monsterinsights_skip_tracking":false,"_uf_show_specific_survey":0,"_uf_disable_surveys":false,"footnotes":""},"categories":[28],"tags":[],"class_list":["post-36836","post","type-post","status-publish","format-standard","has-post-thumbnail","hentry","category-mundo"],"aioseo_notices":[],"aioseo_head":"\n\t\t<!-- All in One SEO 5.0.1.1 - aioseo.com -->\n\t<meta name=\"description\" content=\"Milhares de admiradores da banda Queen se reuniram na cidade su\u00ed\u00e7a de Montreux para celebrar o que seria o 80\u00ba anivers\u00e1rio do lend\u00e1rio cantor Freddie Mercury. O evento foi marcado por muita emo\u00e7\u00e3o, m\u00fasica e f\u00e3s trajados com figurinos extravagantes inspirados nos momentos mais marcantes da carreira do vocalista, que buscou ref\u00fagio na cidade alpina\" \/>\n\t<meta name=\"robots\" content=\"max-image-preview:large\" \/>\n\t<link rel=\"canonical\" href=\"https:\/\/acontecenafronteira.com.br\/index.php\/2026\/09\/06\/freddie-mercury-80-anos-fas-celebram-legado-em-montreux\/\" \/>\n\t<meta name=\"generator\" content=\"All in One SEO (AIOSEO) 5.0.1.1\" \/>\n\t\t<meta property=\"og:locale\" content=\"pt_PT\" \/>\n\t\t<meta property=\"og:site_name\" content=\"Acontece Na Fronteira - Noticias da Triplice Fronteira\" \/>\n\t\t<meta property=\"og:type\" content=\"article\" \/>\n\t\t<meta property=\"og:title\" content=\"Freddie Mercury 80 anos: F\u00e3s celebram legado em Montreux - Acontece Na Fronteira\" \/>\n\t\t<meta property=\"og:description\" content=\"Milhares de admiradores da banda Queen se reuniram na cidade su\u00ed\u00e7a de Montreux para celebrar o que seria o 80\u00ba anivers\u00e1rio do lend\u00e1rio cantor Freddie Mercury. O evento foi marcado por muita emo\u00e7\u00e3o, m\u00fasica e f\u00e3s trajados com figurinos extravagantes inspirados nos momentos mais marcantes da carreira do vocalista, que buscou ref\u00fagio na cidade alpina\" \/>\n\t\t<meta property=\"og:url\" content=\"https:\/\/acontecenafronteira.com.br\/index.php\/2026\/09\/06\/freddie-mercury-80-anos-fas-celebram-legado-em-montreux\/\" \/>\n\t\t<meta property=\"og:image\" content=\"https:\/\/acontecenafronteira.com.br\/wp-content\/uploads\/2021\/11\/logo-acontece-1.jpg\" \/>\n\t\t<meta property=\"og:image:secure_url\" content=\"https:\/\/acontecenafronteira.com.br\/wp-content\/uploads\/2021\/11\/logo-acontece-1.jpg\" \/>\n\t\t<meta property=\"article:published_time\" content=\"2026-09-06T18:36:43+00:00\" \/>\n\t\t<meta property=\"article:modified_time\" content=\"2026-09-06T18:36:43+00:00\" \/>\n\t\t<meta name=\"twitter:card\" content=\"summary_large_image\" \/>\n\t\t<meta name=\"twitter:title\" content=\"Freddie Mercury 80 anos: F\u00e3s celebram legado em Montreux - Acontece Na Fronteira\" \/>\n\t\t<meta name=\"twitter:description\" content=\"Milhares de admiradores da banda Queen se reuniram na cidade su\u00ed\u00e7a de Montreux para celebrar o que seria o 80\u00ba anivers\u00e1rio do lend\u00e1rio cantor Freddie Mercury. O evento foi marcado por muita emo\u00e7\u00e3o, m\u00fasica e f\u00e3s trajados com figurinos extravagantes inspirados nos momentos mais marcantes da carreira do vocalista, que buscou ref\u00fagio na cidade alpina\" \/>\n\t\t<meta name=\"twitter:image\" content=\"https:\/\/acontecenafronteira.com.br\/wp-content\/uploads\/2021\/11\/logo-acontece-1.jpg\" \/>\n\t\t<script type=\"application\/ld+json\" class=\"aioseo-schema\">\n\t\t\t{\"@context\":\"https:\\\/\\\/schema.org\",\"@graph\":[{\"@type\":\"BlogPosting\",\"@id\":\"https:\\\/\\\/acontecenafronteira.com.br\\\/index.php\\\/2026\\\/09\\\/06\\\/freddie-mercury-80-anos-fas-celebram-legado-em-montreux\\\/#blogposting\",\"name\":\"Freddie Mercury 80 anos: F\\u00e3s celebram legado em Montreux - Acontece Na Fronteira\",\"headline\":\"Freddie Mercury 80 anos: F\\u00e3s celebram legado em Montreux\",\"author\":{\"@id\":\"https:\\\/\\\/acontecenafronteira.com.br\\\/index.php\\\/author\\\/#author\"},\"publisher\":{\"@id\":\"https:\\\/\\\/acontecenafronteira.com.br\\\/#organization\"},\"image\":{\"@type\":\"ImageObject\",\"url\":\"https:\\\/\\\/acontecenafronteira.com.br\\\/wp-content\\\/uploads\\\/2026\\\/09\\\/dont-stop-them-now-fas-comemoram-o-80o-aniversario-de-freddie-mercury-1788719802.jpg?v=1788719803\",\"width\":1200,\"height\":800,\"caption\":\"'Don't stop them now': f\\u00e3s comemoram o 80\\u00ba anivers\\u00e1rio de Freddie Mercury\"},\"datePublished\":\"2026-09-06T15:36:43-03:00\",\"dateModified\":\"2026-09-06T15:36:43-03:00\",\"inLanguage\":\"pt-PT\",\"mainEntityOfPage\":{\"@id\":\"https:\\\/\\\/acontecenafronteira.com.br\\\/index.php\\\/2026\\\/09\\\/06\\\/freddie-mercury-80-anos-fas-celebram-legado-em-montreux\\\/#webpage\"},\"isPartOf\":{\"@id\":\"https:\\\/\\\/acontecenafronteira.com.br\\\/index.php\\\/2026\\\/09\\\/06\\\/freddie-mercury-80-anos-fas-celebram-legado-em-montreux\\\/#webpage\"},\"articleSection\":\"Mundo\"},{\"@type\":\"BreadcrumbList\",\"@id\":\"https:\\\/\\\/acontecenafronteira.com.br\\\/index.php\\\/2026\\\/09\\\/06\\\/freddie-mercury-80-anos-fas-celebram-legado-em-montreux\\\/#breadcrumblist\",\"itemListElement\":[{\"@type\":\"ListItem\",\"@id\":\"https:\\\/\\\/acontecenafronteira.com.br#listItem\",\"position\":1,\"name\":\"Home\",\"item\":\"https:\\\/\\\/acontecenafronteira.com.br\",\"nextItem\":{\"@type\":\"ListItem\",\"@id\":\"https:\\\/\\\/acontecenafronteira.com.br\\\/index.php\\\/category\\\/mundo\\\/#listItem\",\"name\":\"Mundo\"}},{\"@type\":\"ListItem\",\"@id\":\"https:\\\/\\\/acontecenafronteira.com.br\\\/index.php\\\/category\\\/mundo\\\/#listItem\",\"position\":2,\"name\":\"Mundo\",\"item\":\"https:\\\/\\\/acontecenafronteira.com.br\\\/index.php\\\/category\\\/mundo\\\/\",\"nextItem\":{\"@type\":\"ListItem\",\"@id\":\"https:\\\/\\\/acontecenafronteira.com.br\\\/index.php\\\/2026\\\/09\\\/06\\\/freddie-mercury-80-anos-fas-celebram-legado-em-montreux\\\/#listItem\",\"name\":\"Freddie Mercury 80 anos: F\\u00e3s celebram legado em Montreux\"},\"previousItem\":{\"@type\":\"ListItem\",\"@id\":\"https:\\\/\\\/acontecenafronteira.com.br#listItem\",\"name\":\"Home\"}},{\"@type\":\"ListItem\",\"@id\":\"https:\\\/\\\/acontecenafronteira.com.br\\\/index.php\\\/2026\\\/09\\\/06\\\/freddie-mercury-80-anos-fas-celebram-legado-em-montreux\\\/#listItem\",\"position\":3,\"name\":\"Freddie Mercury 80 anos: F\\u00e3s celebram legado em Montreux\",\"previousItem\":{\"@type\":\"ListItem\",\"@id\":\"https:\\\/\\\/acontecenafronteira.com.br\\\/index.php\\\/category\\\/mundo\\\/#listItem\",\"name\":\"Mundo\"}}]},{\"@type\":\"Organization\",\"@id\":\"https:\\\/\\\/acontecenafronteira.com.br\\\/#organization\",\"name\":\"Acontece Na Fronteira\",\"description\":\"Noticias da Triplice Fronteira\",\"url\":\"https:\\\/\\\/acontecenafronteira.com.br\\\/\",\"logo\":{\"@type\":\"ImageObject\",\"url\":\"https:\\\/\\\/acontecenafronteira.com.br\\\/wp-content\\\/uploads\\\/2021\\\/11\\\/logo-acontece-1.jpg\",\"@id\":\"https:\\\/\\\/acontecenafronteira.com.br\\\/index.php\\\/2026\\\/09\\\/06\\\/freddie-mercury-80-anos-fas-celebram-legado-em-montreux\\\/#organizationLogo\",\"width\":519,\"height\":134},\"image\":{\"@id\":\"https:\\\/\\\/acontecenafronteira.com.br\\\/index.php\\\/2026\\\/09\\\/06\\\/freddie-mercury-80-anos-fas-celebram-legado-em-montreux\\\/#organizationLogo\"}},{\"@type\":\"WebPage\",\"@id\":\"https:\\\/\\\/acontecenafronteira.com.br\\\/index.php\\\/2026\\\/09\\\/06\\\/freddie-mercury-80-anos-fas-celebram-legado-em-montreux\\\/#webpage\",\"url\":\"https:\\\/\\\/acontecenafronteira.com.br\\\/index.php\\\/2026\\\/09\\\/06\\\/freddie-mercury-80-anos-fas-celebram-legado-em-montreux\\\/\",\"name\":\"Freddie Mercury 80 anos: F\\u00e3s celebram legado em Montreux - Acontece Na Fronteira\",\"description\":\"Milhares de admiradores da banda Queen se reuniram na cidade su\\u00ed\\u00e7a de Montreux para celebrar o que seria o 80\\u00ba anivers\\u00e1rio do lend\\u00e1rio cantor Freddie Mercury. O evento foi marcado por muita emo\\u00e7\\u00e3o, m\\u00fasica e f\\u00e3s trajados com figurinos extravagantes inspirados nos momentos mais marcantes da carreira do vocalista, que buscou ref\\u00fagio na cidade alpina\",\"inLanguage\":\"pt-PT\",\"isPartOf\":{\"@id\":\"https:\\\/\\\/acontecenafronteira.com.br\\\/#website\"},\"breadcrumb\":{\"@id\":\"https:\\\/\\\/acontecenafronteira.com.br\\\/index.php\\\/2026\\\/09\\\/06\\\/freddie-mercury-80-anos-fas-celebram-legado-em-montreux\\\/#breadcrumblist\"},\"author\":{\"@id\":\"https:\\\/\\\/acontecenafronteira.com.br\\\/index.php\\\/author\\\/#author\"},\"creator\":{\"@id\":\"https:\\\/\\\/acontecenafronteira.com.br\\\/index.php\\\/author\\\/#author\"},\"image\":{\"@type\":\"ImageObject\",\"url\":\"https:\\\/\\\/acontecenafronteira.com.br\\\/wp-content\\\/uploads\\\/2026\\\/09\\\/dont-stop-them-now-fas-comemoram-o-80o-aniversario-de-freddie-mercury-1788719802.jpg?v=1788719803\",\"@id\":\"https:\\\/\\\/acontecenafronteira.com.br\\\/index.php\\\/2026\\\/09\\\/06\\\/freddie-mercury-80-anos-fas-celebram-legado-em-montreux\\\/#mainImage\",\"width\":1200,\"height\":800,\"caption\":\"'Don't stop them now': f\\u00e3s comemoram o 80\\u00ba anivers\\u00e1rio de Freddie Mercury\"},\"primaryImageOfPage\":{\"@id\":\"https:\\\/\\\/acontecenafronteira.com.br\\\/index.php\\\/2026\\\/09\\\/06\\\/freddie-mercury-80-anos-fas-celebram-legado-em-montreux\\\/#mainImage\"},\"datePublished\":\"2026-09-06T15:36:43-03:00\",\"dateModified\":\"2026-09-06T15:36:43-03:00\"},{\"@type\":\"WebSite\",\"@id\":\"https:\\\/\\\/acontecenafronteira.com.br\\\/#website\",\"url\":\"https:\\\/\\\/acontecenafronteira.com.br\\\/\",\"name\":\"Acontece Na Fronteira\",\"description\":\"Noticias da Triplice Fronteira\",\"inLanguage\":\"pt-PT\",\"publisher\":{\"@id\":\"https:\\\/\\\/acontecenafronteira.com.br\\\/#organization\"}}]}\n\t\t<\/script>\n\t\t<!-- All in One SEO -->\n\n","aioseo_head_json":{"title":"Freddie Mercury 80 anos: F\u00e3s celebram legado em Montreux - Acontece Na Fronteira","description":"Milhares de admiradores da banda Queen se reuniram na cidade su\u00ed\u00e7a de Montreux para celebrar o que seria o 80\u00ba anivers\u00e1rio do lend\u00e1rio cantor Freddie Mercury. O evento foi marcado por muita emo\u00e7\u00e3o, m\u00fasica e f\u00e3s trajados com figurinos extravagantes inspirados nos momentos mais marcantes da carreira do vocalista, que buscou ref\u00fagio na cidade alpina","canonical_url":"https:\/\/acontecenafronteira.com.br\/index.php\/2026\/09\/06\/freddie-mercury-80-anos-fas-celebram-legado-em-montreux\/","robots":"max-image-preview:large","keywords":"","webmasterTools":{"miscellaneous":""},"schema":{"@context":"https:\/\/schema.org","@graph":[{"@type":"BlogPosting","@id":"https:\/\/acontecenafronteira.com.br\/index.php\/2026\/09\/06\/freddie-mercury-80-anos-fas-celebram-legado-em-montreux\/#blogposting","name":"Freddie Mercury 80 anos: F\u00e3s celebram legado em Montreux - Acontece Na Fronteira","headline":"Freddie Mercury 80 anos: F\u00e3s celebram legado em Montreux","author":{"@id":"https:\/\/acontecenafronteira.com.br\/index.php\/author\/#author"},"publisher":{"@id":"https:\/\/acontecenafronteira.com.br\/#organization"},"image":{"@type":"ImageObject","url":"https:\/\/acontecenafronteira.com.br\/wp-content\/uploads\/2026\/09\/dont-stop-them-now-fas-comemoram-o-80o-aniversario-de-freddie-mercury-1788719802.jpg?v=1788719803","width":1200,"height":800,"caption":"'Don't stop them now': f\u00e3s comemoram o 80\u00ba anivers\u00e1rio de Freddie Mercury"},"datePublished":"2026-09-06T15:36:43-03:00","dateModified":"2026-09-06T15:36:43-03:00","inLanguage":"pt-PT","mainEntityOfPage":{"@id":"https:\/\/acontecenafronteira.com.br\/index.php\/2026\/09\/06\/freddie-mercury-80-anos-fas-celebram-legado-em-montreux\/#webpage"},"isPartOf":{"@id":"https:\/\/acontecenafronteira.com.br\/index.php\/2026\/09\/06\/freddie-mercury-80-anos-fas-celebram-legado-em-montreux\/#webpage"},"articleSection":"Mundo"},{"@type":"BreadcrumbList","@id":"https:\/\/acontecenafronteira.com.br\/index.php\/2026\/09\/06\/freddie-mercury-80-anos-fas-celebram-legado-em-montreux\/#breadcrumblist","itemListElement":[{"@type":"ListItem","@id":"https:\/\/acontecenafronteira.com.br#listItem","position":1,"name":"Home","item":"https:\/\/acontecenafronteira.com.br","nextItem":{"@type":"ListItem","@id":"https:\/\/acontecenafronteira.com.br\/index.php\/category\/mundo\/#listItem","name":"Mundo"}},{"@type":"ListItem","@id":"https:\/\/acontecenafronteira.com.br\/index.php\/category\/mundo\/#listItem","position":2,"name":"Mundo","item":"https:\/\/acontecenafronteira.com.br\/index.php\/category\/mundo\/","nextItem":{"@type":"ListItem","@id":"https:\/\/acontecenafronteira.com.br\/index.php\/2026\/09\/06\/freddie-mercury-80-anos-fas-celebram-legado-em-montreux\/#listItem","name":"Freddie Mercury 80 anos: F\u00e3s celebram legado em Montreux"},"previousItem":{"@type":"ListItem","@id":"https:\/\/acontecenafronteira.com.br#listItem","name":"Home"}},{"@type":"ListItem","@id":"https:\/\/acontecenafronteira.com.br\/index.php\/2026\/09\/06\/freddie-mercury-80-anos-fas-celebram-legado-em-montreux\/#listItem","position":3,"name":"Freddie Mercury 80 anos: F\u00e3s celebram legado em Montreux","previousItem":{"@type":"ListItem","@id":"https:\/\/acontecenafronteira.com.br\/index.php\/category\/mundo\/#listItem","name":"Mundo"}}]},{"@type":"Organization","@id":"https:\/\/acontecenafronteira.com.br\/#organization","name":"Acontece Na Fronteira","description":"Noticias da Triplice Fronteira","url":"https:\/\/acontecenafronteira.com.br\/","logo":{"@type":"ImageObject","url":"https:\/\/acontecenafronteira.com.br\/wp-content\/uploads\/2021\/11\/logo-acontece-1.jpg","@id":"https:\/\/acontecenafronteira.com.br\/index.php\/2026\/09\/06\/freddie-mercury-80-anos-fas-celebram-legado-em-montreux\/#organizationLogo","width":519,"height":134},"image":{"@id":"https:\/\/acontecenafronteira.com.br\/index.php\/2026\/09\/06\/freddie-mercury-80-anos-fas-celebram-legado-em-montreux\/#organizationLogo"}},{"@type":"WebPage","@id":"https:\/\/acontecenafronteira.com.br\/index.php\/2026\/09\/06\/freddie-mercury-80-anos-fas-celebram-legado-em-montreux\/#webpage","url":"https:\/\/acontecenafronteira.com.br\/index.php\/2026\/09\/06\/freddie-mercury-80-anos-fas-celebram-legado-em-montreux\/","name":"Freddie Mercury 80 anos: F\u00e3s celebram legado em Montreux - Acontece Na Fronteira","description":"Milhares de admiradores da banda Queen se reuniram na cidade su\u00ed\u00e7a de Montreux para celebrar o que seria o 80\u00ba anivers\u00e1rio do lend\u00e1rio cantor Freddie Mercury. O evento foi marcado por muita emo\u00e7\u00e3o, m\u00fasica e f\u00e3s trajados com figurinos extravagantes inspirados nos momentos mais marcantes da carreira do vocalista, que buscou ref\u00fagio na cidade alpina","inLanguage":"pt-PT","isPartOf":{"@id":"https:\/\/acontecenafronteira.com.br\/#website"},"breadcrumb":{"@id":"https:\/\/acontecenafronteira.com.br\/index.php\/2026\/09\/06\/freddie-mercury-80-anos-fas-celebram-legado-em-montreux\/#breadcrumblist"},"author":{"@id":"https:\/\/acontecenafronteira.com.br\/index.php\/author\/#author"},"creator":{"@id":"https:\/\/acontecenafronteira.com.br\/index.php\/author\/#author"},"image":{"@type":"ImageObject","url":"https:\/\/acontecenafronteira.com.br\/wp-content\/uploads\/2026\/09\/dont-stop-them-now-fas-comemoram-o-80o-aniversario-de-freddie-mercury-1788719802.jpg?v=1788719803","@id":"https:\/\/acontecenafronteira.com.br\/index.php\/2026\/09\/06\/freddie-mercury-80-anos-fas-celebram-legado-em-montreux\/#mainImage","width":1200,"height":800,"caption":"'Don't stop them now': f\u00e3s comemoram o 80\u00ba anivers\u00e1rio de Freddie Mercury"},"primaryImageOfPage":{"@id":"https:\/\/acontecenafronteira.com.br\/index.php\/2026\/09\/06\/freddie-mercury-80-anos-fas-celebram-legado-em-montreux\/#mainImage"},"datePublished":"2026-09-06T15:36:43-03:00","dateModified":"2026-09-06T15:36:43-03:00"},{"@type":"WebSite","@id":"https:\/\/acontecenafronteira.com.br\/#website","url":"https:\/\/acontecenafronteira.com.br\/","name":"Acontece Na Fronteira","description":"Noticias da Triplice Fronteira","inLanguage":"pt-PT","publisher":{"@id":"https:\/\/acontecenafronteira.com.br\/#organization"}}]},"og:locale":"pt_PT","og:site_name":"Acontece Na Fronteira - Noticias da Triplice Fronteira","og:type":"article","og:title":"Freddie Mercury 80 anos: F\u00e3s celebram legado em Montreux - Acontece Na Fronteira","og:description":"Milhares de admiradores da banda Queen se reuniram na cidade su\u00ed\u00e7a de Montreux para celebrar o que seria o 80\u00ba anivers\u00e1rio do lend\u00e1rio cantor Freddie Mercury. O evento foi marcado por muita emo\u00e7\u00e3o, m\u00fasica e f\u00e3s trajados com figurinos extravagantes inspirados nos momentos mais marcantes da carreira do vocalista, que buscou ref\u00fagio na cidade alpina","og:url":"https:\/\/acontecenafronteira.com.br\/index.php\/2026\/09\/06\/freddie-mercury-80-anos-fas-celebram-legado-em-montreux\/","og:image":"https:\/\/acontecenafronteira.com.br\/wp-content\/uploads\/2021\/11\/logo-acontece-1.jpg","og:image:secure_url":"https:\/\/acontecenafronteira.com.br\/wp-content\/uploads\/2021\/11\/logo-acontece-1.jpg","article:published_time":"2026-09-06T18:36:43+00:00","article:modified_time":"2026-09-06T18:36:43+00:00","twitter:card":"summary_large_image","twitter:title":"Freddie Mercury 80 anos: F\u00e3s celebram legado em Montreux - Acontece Na Fronteira","twitter:description":"Milhares de admiradores da banda Queen se reuniram na cidade su\u00ed\u00e7a de Montreux para celebrar o que seria o 80\u00ba anivers\u00e1rio do lend\u00e1rio cantor Freddie Mercury. O evento foi marcado por muita emo\u00e7\u00e3o, m\u00fasica e f\u00e3s trajados com figurinos extravagantes inspirados nos momentos mais marcantes da carreira do vocalista, que buscou ref\u00fagio na cidade alpina","twitter:image":"https:\/\/acontecenafronteira.com.br\/wp-content\/uploads\/2021\/11\/logo-acontece-1.jpg"},"aioseo_meta_data":[],"aioseo_breadcrumb":"<div class=\"aioseo-breadcrumbs\"><span class=\"aioseo-breadcrumb\">\n\t\t\t<a href=\"https:\/\/acontecenafronteira.com.br\" title=\"Home\">Home<\/a>\n\t\t<\/span><span class=\"aioseo-breadcrumb-separator\">&raquo;<\/span><span class=\"aioseo-breadcrumb\">\n\t\t\t<a href=\"https:\/\/acontecenafronteira.com.br\/index.php\/category\/mundo\/\" title=\"Mundo\">Mundo<\/a>\n\t\t<\/span><span class=\"aioseo-breadcrumb-separator\">&raquo;<\/span><span class=\"aioseo-breadcrumb\">\n\t\t\tFreddie Mercury 80 anos: F\u00e3s celebram legado em Montreux\n\t\t<\/span><\/div>","aioseo_breadcrumb_json":[{"label":"Home","link":"https:\/\/acontecenafronteira.com.br"},{"label":"Mundo","link":"https:\/\/acontecenafronteira.com.br\/index.php\/category\/mundo\/"},{"label":"Freddie Mercury 80 anos: F\u00e3s celebram legado em Montreux","link":"https:\/\/acontecenafronteira.com.br\/index.php\/2026\/09\/06\/freddie-mercury-80-anos-fas-celebram-legado-em-montreux\/"}],"_links":{"self":[{"href":"https:\/\/acontecenafronteira.com.br\/index.php\/wp-json\/wp\/v2\/posts\/36836","targetHints":{"allow":["GET"]}}],"collection":[{"href":"https:\/\/acontecenafronteira.com.br\/index.php\/wp-json\/wp\/v2\/posts"}],"about":[{"href":"https:\/\/acontecenafronteira.com.br\/index.php\/wp-json\/wp\/v2\/types\/post"}],"replies":[{"embeddable":true,"href":"https:\/\/acontecenafronteira.com.br\/index.php\/wp-json\/wp\/v2\/comments?post=36836"}],"version-history":[{"count":1,"href":"https:\/\/acontecenafronteira.com.br\/index.php\/wp-json\/wp\/v2\/posts\/36836\/revisions"}],"predecessor-version":[{"id":36842,"href":"https:\/\/acontecenafronteira.com.br\/index.php\/wp-json\/wp\/v2\/posts\/36836\/revisions\/36842"}],"wp:featuredmedia":[{"embeddable":true,"href":"https:\/\/acontecenafronteira.com.br\/index.php\/wp-json\/wp\/v2\/media\/36843"}],"wp:attachment":[{"href":"https:\/\/acontecenafronteira.com.br\/index.php\/wp-json\/wp\/v2\/media?parent=36836"}],"wp:term":[{"taxonomy":"category","embeddable":true,"href":"https:\/\/acontecenafronteira.com.br\/index.php\/wp-json\/wp\/v2\/categories?post=36836"},{"taxonomy":"post_tag","embeddable":true,"href":"https:\/\/acontecenafronteira.com.br\/index.php\/wp-json\/wp\/v2\/tags?post=36836"}],"curies":[{"name":"wp","href":"https:\/\/api.w.org\/{rel}","templated":true}]}}