{"id":36828,"date":"2026-09-06T14:37:24","date_gmt":"2026-09-06T17:37:24","guid":{"rendered":"https:\/\/acontecenafronteira.com.br\/?p=36828"},"modified":"2026-09-06T14:37:24","modified_gmt":"2026-09-06T17:37:24","slug":"uber-encerra-operacoes-na-nigeria-e-investiga-saida","status":"publish","type":"post","link":"https:\/\/acontecenafronteira.com.br\/index.php\/2026\/09\/06\/uber-encerra-operacoes-na-nigeria-e-investiga-saida\/","title":{"rendered":"Uber encerra opera\u00e7\u00f5es na Nig\u00e9ria e investiga sa\u00edda"},"content":{"rendered":"<p>A Comiss\u00e3o Federal de Concorr\u00eancia e Prote\u00e7\u00e3o ao Consumidor da Nig\u00e9ria iniciou uma investiga\u00e7\u00e3o formal sobre a sa\u00edda repentina da Uber do territ\u00f3rio nigeriano. A plataforma de transporte encerrou suas atividades de forma abrupta na semana passada, pegando passageiros e motoristas de surpresa e sem nenhum aviso pr\u00e9vio.<\/p>\n<h2>Investiga\u00e7\u00e3o sobre servi\u00e7os n\u00e3o prestados<\/h2>\n<p>O presidente-executivo do \u00f3rg\u00e3o regulador, Tunji Bello, confirmou que o governo est\u00e1 analisando detalhadamente a forma como a empresa encerrou suas atividades no pa\u00eds africano. O foco principal da apura\u00e7\u00e3o s\u00e3o os transtornos causados aos consumidores e os servi\u00e7os que foram pagos e n\u00e3o prestados pela companhia.<\/p>\n<h2>Revis\u00e3o global e corte de empregos<\/h2>\n<p>A suspens\u00e3o dos servi\u00e7os na Nig\u00e9ria e tamb\u00e9m em Uganda ocorreu na \u00faltima quarta-feira, integrando uma ampla revis\u00e3o estrat\u00e9gica global da empresa americana. O processo de reestrutura\u00e7\u00e3o tamb\u00e9m resultou na elimina\u00e7\u00e3o de 3.300 postos de trabalho, o equivalente a cerca de 10% da for\u00e7a de trabalho total da corpora\u00e7\u00e3o em todo o mundo.<\/p>\n<h2>Desafios de mercado e concorr\u00eancia<\/h2>\n<p>At\u00e9 o momento, os representantes oficiais da plataforma de transporte n\u00e3o se posicionaram sobre os questionamentos enviados pelas autoridades locais e pela imprensa internacional. A companhia iniciou sua atua\u00e7\u00e3o em Lagos no ano de 2014, mas enfrentou o crescimento de rivais como a Bolt e a forte crise econ\u00f4mica local.<\/p>\n<p>A sa\u00edda do pa\u00eds mais populoso do continente africano evidencia os desafios enfrentados pelas multinacionais de tecnologia em mercados afetados pela alta infla\u00e7\u00e3o e pela perda de poder de compra da popula\u00e7\u00e3o ao longo dos \u00faltimos anos.<\/p>\n<p>Por Reda\u00e7\u00e3o Acontece<\/p>\n<p>Foto: Divulga\u00e7\u00e3o\/Pixabay<\/p>\n","protected":false},"excerpt":{"rendered":"<p>A Comiss\u00e3o Federal de Concorr\u00eancia e Prote\u00e7\u00e3o ao Consumidor da Nig\u00e9ria iniciou uma investiga\u00e7\u00e3o formal sobre a sa\u00edda repentina da Uber do territ\u00f3rio nigeriano. A plataforma de transporte encerrou suas atividades de forma abrupta na semana passada, pegando passageiros e motoristas de surpresa e sem nenhum aviso pr\u00e9vio. Investiga\u00e7\u00e3o sobre servi\u00e7os n\u00e3o prestados O presidente-executivo [&hellip;]<\/p>\n","protected":false},"author":0,"featured_media":36834,"comment_status":"open","ping_status":"open","sticky":false,"template":"","format":"standard","meta":{"_monsterinsights_skip_tracking":false,"_uf_show_specific_survey":0,"_uf_disable_surveys":false,"footnotes":""},"categories":[28],"tags":[],"class_list":["post-36828","post","type-post","status-publish","format-standard","has-post-thumbnail","hentry","category-mundo"],"aioseo_notices":[],"aioseo_head":"\n\t\t<!-- All in One SEO 5.0.1.1 - aioseo.com -->\n\t<meta name=\"description\" content=\"A Comiss\u00e3o Federal de Concorr\u00eancia e Prote\u00e7\u00e3o ao Consumidor da Nig\u00e9ria iniciou uma investiga\u00e7\u00e3o formal sobre a sa\u00edda repentina da Uber do territ\u00f3rio nigeriano. A plataforma de transporte encerrou suas atividades de forma abrupta na semana passada, pegando passageiros e motoristas de surpresa e sem nenhum aviso pr\u00e9vio. Investiga\u00e7\u00e3o sobre servi\u00e7os n\u00e3o prestados O presidente-executivo\" \/>\n\t<meta name=\"robots\" content=\"max-image-preview:large\" \/>\n\t<link rel=\"canonical\" href=\"https:\/\/acontecenafronteira.com.br\/index.php\/2026\/09\/06\/uber-encerra-operacoes-na-nigeria-e-investiga-saida\/\" \/>\n\t<meta name=\"generator\" content=\"All in One SEO (AIOSEO) 5.0.1.1\" \/>\n\t\t<meta property=\"og:locale\" content=\"pt_PT\" \/>\n\t\t<meta property=\"og:site_name\" content=\"Acontece Na Fronteira - Noticias da Triplice Fronteira\" \/>\n\t\t<meta property=\"og:type\" content=\"article\" \/>\n\t\t<meta property=\"og:title\" content=\"Uber encerra opera\u00e7\u00f5es na Nig\u00e9ria e investiga sa\u00edda - Acontece Na Fronteira\" \/>\n\t\t<meta property=\"og:description\" content=\"A Comiss\u00e3o Federal de Concorr\u00eancia e Prote\u00e7\u00e3o ao Consumidor da Nig\u00e9ria iniciou uma investiga\u00e7\u00e3o formal sobre a sa\u00edda repentina da Uber do territ\u00f3rio nigeriano. A plataforma de transporte encerrou suas atividades de forma abrupta na semana passada, pegando passageiros e motoristas de surpresa e sem nenhum aviso pr\u00e9vio. Investiga\u00e7\u00e3o sobre servi\u00e7os n\u00e3o prestados O presidente-executivo\" \/>\n\t\t<meta property=\"og:url\" content=\"https:\/\/acontecenafronteira.com.br\/index.php\/2026\/09\/06\/uber-encerra-operacoes-na-nigeria-e-investiga-saida\/\" \/>\n\t\t<meta property=\"og:image\" content=\"https:\/\/acontecenafronteira.com.br\/wp-content\/uploads\/2021\/11\/logo-acontece-1.jpg\" \/>\n\t\t<meta property=\"og:image:secure_url\" content=\"https:\/\/acontecenafronteira.com.br\/wp-content\/uploads\/2021\/11\/logo-acontece-1.jpg\" \/>\n\t\t<meta property=\"article:published_time\" content=\"2026-09-06T17:37:24+00:00\" \/>\n\t\t<meta property=\"article:modified_time\" content=\"2026-09-06T17:37:24+00:00\" \/>\n\t\t<meta name=\"twitter:card\" content=\"summary_large_image\" \/>\n\t\t<meta name=\"twitter:title\" content=\"Uber encerra opera\u00e7\u00f5es na Nig\u00e9ria e investiga sa\u00edda - Acontece Na Fronteira\" \/>\n\t\t<meta name=\"twitter:description\" content=\"A Comiss\u00e3o Federal de Concorr\u00eancia e Prote\u00e7\u00e3o ao Consumidor da Nig\u00e9ria iniciou uma investiga\u00e7\u00e3o formal sobre a sa\u00edda repentina da Uber do territ\u00f3rio nigeriano. A plataforma de transporte encerrou suas atividades de forma abrupta na semana passada, pegando passageiros e motoristas de surpresa e sem nenhum aviso pr\u00e9vio. Investiga\u00e7\u00e3o sobre servi\u00e7os n\u00e3o prestados O presidente-executivo\" \/>\n\t\t<meta name=\"twitter:image\" content=\"https:\/\/acontecenafronteira.com.br\/wp-content\/uploads\/2021\/11\/logo-acontece-1.jpg\" \/>\n\t\t<script type=\"application\/ld+json\" class=\"aioseo-schema\">\n\t\t\t{\"@context\":\"https:\\\/\\\/schema.org\",\"@graph\":[{\"@type\":\"BlogPosting\",\"@id\":\"https:\\\/\\\/acontecenafronteira.com.br\\\/index.php\\\/2026\\\/09\\\/06\\\/uber-encerra-operacoes-na-nigeria-e-investiga-saida\\\/#blogposting\",\"name\":\"Uber encerra opera\\u00e7\\u00f5es na Nig\\u00e9ria e investiga sa\\u00edda - Acontece Na Fronteira\",\"headline\":\"Uber encerra opera\\u00e7\\u00f5es na Nig\\u00e9ria e investiga sa\\u00edda\",\"author\":{\"@id\":\"https:\\\/\\\/acontecenafronteira.com.br\\\/index.php\\\/author\\\/#author\"},\"publisher\":{\"@id\":\"https:\\\/\\\/acontecenafronteira.com.br\\\/#organization\"},\"image\":{\"@type\":\"ImageObject\",\"url\":\"https:\\\/\\\/acontecenafronteira.com.br\\\/wp-content\\\/uploads\\\/2026\\\/09\\\/uber-sai-da-nigeria-e-autoridades-do-pais-abrem-investigacao-1788716243.jpg?v=1788716244\",\"width\":1200,\"height\":800,\"caption\":\"Uber sai da Nig\\u00e9ria, e autoridades do pa\\u00eds abrem investiga\\u00e7\\u00e3o\"},\"datePublished\":\"2026-09-06T14:37:24-03:00\",\"dateModified\":\"2026-09-06T14:37:24-03:00\",\"inLanguage\":\"pt-PT\",\"mainEntityOfPage\":{\"@id\":\"https:\\\/\\\/acontecenafronteira.com.br\\\/index.php\\\/2026\\\/09\\\/06\\\/uber-encerra-operacoes-na-nigeria-e-investiga-saida\\\/#webpage\"},\"isPartOf\":{\"@id\":\"https:\\\/\\\/acontecenafronteira.com.br\\\/index.php\\\/2026\\\/09\\\/06\\\/uber-encerra-operacoes-na-nigeria-e-investiga-saida\\\/#webpage\"},\"articleSection\":\"Mundo\"},{\"@type\":\"BreadcrumbList\",\"@id\":\"https:\\\/\\\/acontecenafronteira.com.br\\\/index.php\\\/2026\\\/09\\\/06\\\/uber-encerra-operacoes-na-nigeria-e-investiga-saida\\\/#breadcrumblist\",\"itemListElement\":[{\"@type\":\"ListItem\",\"@id\":\"https:\\\/\\\/acontecenafronteira.com.br#listItem\",\"position\":1,\"name\":\"Home\",\"item\":\"https:\\\/\\\/acontecenafronteira.com.br\",\"nextItem\":{\"@type\":\"ListItem\",\"@id\":\"https:\\\/\\\/acontecenafronteira.com.br\\\/index.php\\\/category\\\/mundo\\\/#listItem\",\"name\":\"Mundo\"}},{\"@type\":\"ListItem\",\"@id\":\"https:\\\/\\\/acontecenafronteira.com.br\\\/index.php\\\/category\\\/mundo\\\/#listItem\",\"position\":2,\"name\":\"Mundo\",\"item\":\"https:\\\/\\\/acontecenafronteira.com.br\\\/index.php\\\/category\\\/mundo\\\/\",\"nextItem\":{\"@type\":\"ListItem\",\"@id\":\"https:\\\/\\\/acontecenafronteira.com.br\\\/index.php\\\/2026\\\/09\\\/06\\\/uber-encerra-operacoes-na-nigeria-e-investiga-saida\\\/#listItem\",\"name\":\"Uber encerra opera\\u00e7\\u00f5es na Nig\\u00e9ria e investiga sa\\u00edda\"},\"previousItem\":{\"@type\":\"ListItem\",\"@id\":\"https:\\\/\\\/acontecenafronteira.com.br#listItem\",\"name\":\"Home\"}},{\"@type\":\"ListItem\",\"@id\":\"https:\\\/\\\/acontecenafronteira.com.br\\\/index.php\\\/2026\\\/09\\\/06\\\/uber-encerra-operacoes-na-nigeria-e-investiga-saida\\\/#listItem\",\"position\":3,\"name\":\"Uber encerra opera\\u00e7\\u00f5es na Nig\\u00e9ria e investiga sa\\u00edda\",\"previousItem\":{\"@type\":\"ListItem\",\"@id\":\"https:\\\/\\\/acontecenafronteira.com.br\\\/index.php\\\/category\\\/mundo\\\/#listItem\",\"name\":\"Mundo\"}}]},{\"@type\":\"Organization\",\"@id\":\"https:\\\/\\\/acontecenafronteira.com.br\\\/#organization\",\"name\":\"Acontece Na Fronteira\",\"description\":\"Noticias da Triplice Fronteira\",\"url\":\"https:\\\/\\\/acontecenafronteira.com.br\\\/\",\"logo\":{\"@type\":\"ImageObject\",\"url\":\"https:\\\/\\\/acontecenafronteira.com.br\\\/wp-content\\\/uploads\\\/2021\\\/11\\\/logo-acontece-1.jpg\",\"@id\":\"https:\\\/\\\/acontecenafronteira.com.br\\\/index.php\\\/2026\\\/09\\\/06\\\/uber-encerra-operacoes-na-nigeria-e-investiga-saida\\\/#organizationLogo\",\"width\":519,\"height\":134},\"image\":{\"@id\":\"https:\\\/\\\/acontecenafronteira.com.br\\\/index.php\\\/2026\\\/09\\\/06\\\/uber-encerra-operacoes-na-nigeria-e-investiga-saida\\\/#organizationLogo\"}},{\"@type\":\"WebPage\",\"@id\":\"https:\\\/\\\/acontecenafronteira.com.br\\\/index.php\\\/2026\\\/09\\\/06\\\/uber-encerra-operacoes-na-nigeria-e-investiga-saida\\\/#webpage\",\"url\":\"https:\\\/\\\/acontecenafronteira.com.br\\\/index.php\\\/2026\\\/09\\\/06\\\/uber-encerra-operacoes-na-nigeria-e-investiga-saida\\\/\",\"name\":\"Uber encerra opera\\u00e7\\u00f5es na Nig\\u00e9ria e investiga sa\\u00edda - Acontece Na Fronteira\",\"description\":\"A Comiss\\u00e3o Federal de Concorr\\u00eancia e Prote\\u00e7\\u00e3o ao Consumidor da Nig\\u00e9ria iniciou uma investiga\\u00e7\\u00e3o formal sobre a sa\\u00edda repentina da Uber do territ\\u00f3rio nigeriano. A plataforma de transporte encerrou suas atividades de forma abrupta na semana passada, pegando passageiros e motoristas de surpresa e sem nenhum aviso pr\\u00e9vio. Investiga\\u00e7\\u00e3o sobre servi\\u00e7os n\\u00e3o prestados O presidente-executivo\",\"inLanguage\":\"pt-PT\",\"isPartOf\":{\"@id\":\"https:\\\/\\\/acontecenafronteira.com.br\\\/#website\"},\"breadcrumb\":{\"@id\":\"https:\\\/\\\/acontecenafronteira.com.br\\\/index.php\\\/2026\\\/09\\\/06\\\/uber-encerra-operacoes-na-nigeria-e-investiga-saida\\\/#breadcrumblist\"},\"author\":{\"@id\":\"https:\\\/\\\/acontecenafronteira.com.br\\\/index.php\\\/author\\\/#author\"},\"creator\":{\"@id\":\"https:\\\/\\\/acontecenafronteira.com.br\\\/index.php\\\/author\\\/#author\"},\"image\":{\"@type\":\"ImageObject\",\"url\":\"https:\\\/\\\/acontecenafronteira.com.br\\\/wp-content\\\/uploads\\\/2026\\\/09\\\/uber-sai-da-nigeria-e-autoridades-do-pais-abrem-investigacao-1788716243.jpg?v=1788716244\",\"@id\":\"https:\\\/\\\/acontecenafronteira.com.br\\\/index.php\\\/2026\\\/09\\\/06\\\/uber-encerra-operacoes-na-nigeria-e-investiga-saida\\\/#mainImage\",\"width\":1200,\"height\":800,\"caption\":\"Uber sai da Nig\\u00e9ria, e autoridades do pa\\u00eds abrem investiga\\u00e7\\u00e3o\"},\"primaryImageOfPage\":{\"@id\":\"https:\\\/\\\/acontecenafronteira.com.br\\\/index.php\\\/2026\\\/09\\\/06\\\/uber-encerra-operacoes-na-nigeria-e-investiga-saida\\\/#mainImage\"},\"datePublished\":\"2026-09-06T14:37:24-03:00\",\"dateModified\":\"2026-09-06T14:37:24-03:00\"},{\"@type\":\"WebSite\",\"@id\":\"https:\\\/\\\/acontecenafronteira.com.br\\\/#website\",\"url\":\"https:\\\/\\\/acontecenafronteira.com.br\\\/\",\"name\":\"Acontece Na Fronteira\",\"description\":\"Noticias da Triplice Fronteira\",\"inLanguage\":\"pt-PT\",\"publisher\":{\"@id\":\"https:\\\/\\\/acontecenafronteira.com.br\\\/#organization\"}}]}\n\t\t<\/script>\n\t\t<!-- All in One SEO -->\n\n","aioseo_head_json":{"title":"Uber encerra opera\u00e7\u00f5es na Nig\u00e9ria e investiga sa\u00edda - Acontece Na Fronteira","description":"A Comiss\u00e3o Federal de Concorr\u00eancia e Prote\u00e7\u00e3o ao Consumidor da Nig\u00e9ria iniciou uma investiga\u00e7\u00e3o formal sobre a sa\u00edda repentina da Uber do territ\u00f3rio nigeriano. A plataforma de transporte encerrou suas atividades de forma abrupta na semana passada, pegando passageiros e motoristas de surpresa e sem nenhum aviso pr\u00e9vio. Investiga\u00e7\u00e3o sobre servi\u00e7os n\u00e3o prestados O presidente-executivo","canonical_url":"https:\/\/acontecenafronteira.com.br\/index.php\/2026\/09\/06\/uber-encerra-operacoes-na-nigeria-e-investiga-saida\/","robots":"max-image-preview:large","keywords":"","webmasterTools":{"miscellaneous":""},"schema":{"@context":"https:\/\/schema.org","@graph":[{"@type":"BlogPosting","@id":"https:\/\/acontecenafronteira.com.br\/index.php\/2026\/09\/06\/uber-encerra-operacoes-na-nigeria-e-investiga-saida\/#blogposting","name":"Uber encerra opera\u00e7\u00f5es na Nig\u00e9ria e investiga sa\u00edda - Acontece Na Fronteira","headline":"Uber encerra opera\u00e7\u00f5es na Nig\u00e9ria e investiga sa\u00edda","author":{"@id":"https:\/\/acontecenafronteira.com.br\/index.php\/author\/#author"},"publisher":{"@id":"https:\/\/acontecenafronteira.com.br\/#organization"},"image":{"@type":"ImageObject","url":"https:\/\/acontecenafronteira.com.br\/wp-content\/uploads\/2026\/09\/uber-sai-da-nigeria-e-autoridades-do-pais-abrem-investigacao-1788716243.jpg?v=1788716244","width":1200,"height":800,"caption":"Uber sai da Nig\u00e9ria, e autoridades do pa\u00eds abrem investiga\u00e7\u00e3o"},"datePublished":"2026-09-06T14:37:24-03:00","dateModified":"2026-09-06T14:37:24-03:00","inLanguage":"pt-PT","mainEntityOfPage":{"@id":"https:\/\/acontecenafronteira.com.br\/index.php\/2026\/09\/06\/uber-encerra-operacoes-na-nigeria-e-investiga-saida\/#webpage"},"isPartOf":{"@id":"https:\/\/acontecenafronteira.com.br\/index.php\/2026\/09\/06\/uber-encerra-operacoes-na-nigeria-e-investiga-saida\/#webpage"},"articleSection":"Mundo"},{"@type":"BreadcrumbList","@id":"https:\/\/acontecenafronteira.com.br\/index.php\/2026\/09\/06\/uber-encerra-operacoes-na-nigeria-e-investiga-saida\/#breadcrumblist","itemListElement":[{"@type":"ListItem","@id":"https:\/\/acontecenafronteira.com.br#listItem","position":1,"name":"Home","item":"https:\/\/acontecenafronteira.com.br","nextItem":{"@type":"ListItem","@id":"https:\/\/acontecenafronteira.com.br\/index.php\/category\/mundo\/#listItem","name":"Mundo"}},{"@type":"ListItem","@id":"https:\/\/acontecenafronteira.com.br\/index.php\/category\/mundo\/#listItem","position":2,"name":"Mundo","item":"https:\/\/acontecenafronteira.com.br\/index.php\/category\/mundo\/","nextItem":{"@type":"ListItem","@id":"https:\/\/acontecenafronteira.com.br\/index.php\/2026\/09\/06\/uber-encerra-operacoes-na-nigeria-e-investiga-saida\/#listItem","name":"Uber encerra opera\u00e7\u00f5es na Nig\u00e9ria e investiga sa\u00edda"},"previousItem":{"@type":"ListItem","@id":"https:\/\/acontecenafronteira.com.br#listItem","name":"Home"}},{"@type":"ListItem","@id":"https:\/\/acontecenafronteira.com.br\/index.php\/2026\/09\/06\/uber-encerra-operacoes-na-nigeria-e-investiga-saida\/#listItem","position":3,"name":"Uber encerra opera\u00e7\u00f5es na Nig\u00e9ria e investiga sa\u00edda","previousItem":{"@type":"ListItem","@id":"https:\/\/acontecenafronteira.com.br\/index.php\/category\/mundo\/#listItem","name":"Mundo"}}]},{"@type":"Organization","@id":"https:\/\/acontecenafronteira.com.br\/#organization","name":"Acontece Na Fronteira","description":"Noticias da Triplice Fronteira","url":"https:\/\/acontecenafronteira.com.br\/","logo":{"@type":"ImageObject","url":"https:\/\/acontecenafronteira.com.br\/wp-content\/uploads\/2021\/11\/logo-acontece-1.jpg","@id":"https:\/\/acontecenafronteira.com.br\/index.php\/2026\/09\/06\/uber-encerra-operacoes-na-nigeria-e-investiga-saida\/#organizationLogo","width":519,"height":134},"image":{"@id":"https:\/\/acontecenafronteira.com.br\/index.php\/2026\/09\/06\/uber-encerra-operacoes-na-nigeria-e-investiga-saida\/#organizationLogo"}},{"@type":"WebPage","@id":"https:\/\/acontecenafronteira.com.br\/index.php\/2026\/09\/06\/uber-encerra-operacoes-na-nigeria-e-investiga-saida\/#webpage","url":"https:\/\/acontecenafronteira.com.br\/index.php\/2026\/09\/06\/uber-encerra-operacoes-na-nigeria-e-investiga-saida\/","name":"Uber encerra opera\u00e7\u00f5es na Nig\u00e9ria e investiga sa\u00edda - Acontece Na Fronteira","description":"A Comiss\u00e3o Federal de Concorr\u00eancia e Prote\u00e7\u00e3o ao Consumidor da Nig\u00e9ria iniciou uma investiga\u00e7\u00e3o formal sobre a sa\u00edda repentina da Uber do territ\u00f3rio nigeriano. A plataforma de transporte encerrou suas atividades de forma abrupta na semana passada, pegando passageiros e motoristas de surpresa e sem nenhum aviso pr\u00e9vio. Investiga\u00e7\u00e3o sobre servi\u00e7os n\u00e3o prestados O presidente-executivo","inLanguage":"pt-PT","isPartOf":{"@id":"https:\/\/acontecenafronteira.com.br\/#website"},"breadcrumb":{"@id":"https:\/\/acontecenafronteira.com.br\/index.php\/2026\/09\/06\/uber-encerra-operacoes-na-nigeria-e-investiga-saida\/#breadcrumblist"},"author":{"@id":"https:\/\/acontecenafronteira.com.br\/index.php\/author\/#author"},"creator":{"@id":"https:\/\/acontecenafronteira.com.br\/index.php\/author\/#author"},"image":{"@type":"ImageObject","url":"https:\/\/acontecenafronteira.com.br\/wp-content\/uploads\/2026\/09\/uber-sai-da-nigeria-e-autoridades-do-pais-abrem-investigacao-1788716243.jpg?v=1788716244","@id":"https:\/\/acontecenafronteira.com.br\/index.php\/2026\/09\/06\/uber-encerra-operacoes-na-nigeria-e-investiga-saida\/#mainImage","width":1200,"height":800,"caption":"Uber sai da Nig\u00e9ria, e autoridades do pa\u00eds abrem investiga\u00e7\u00e3o"},"primaryImageOfPage":{"@id":"https:\/\/acontecenafronteira.com.br\/index.php\/2026\/09\/06\/uber-encerra-operacoes-na-nigeria-e-investiga-saida\/#mainImage"},"datePublished":"2026-09-06T14:37:24-03:00","dateModified":"2026-09-06T14:37:24-03:00"},{"@type":"WebSite","@id":"https:\/\/acontecenafronteira.com.br\/#website","url":"https:\/\/acontecenafronteira.com.br\/","name":"Acontece Na Fronteira","description":"Noticias da Triplice Fronteira","inLanguage":"pt-PT","publisher":{"@id":"https:\/\/acontecenafronteira.com.br\/#organization"}}]},"og:locale":"pt_PT","og:site_name":"Acontece Na Fronteira - Noticias da Triplice Fronteira","og:type":"article","og:title":"Uber encerra opera\u00e7\u00f5es na Nig\u00e9ria e investiga sa\u00edda - Acontece Na Fronteira","og:description":"A Comiss\u00e3o Federal de Concorr\u00eancia e Prote\u00e7\u00e3o ao Consumidor da Nig\u00e9ria iniciou uma investiga\u00e7\u00e3o formal sobre a sa\u00edda repentina da Uber do territ\u00f3rio nigeriano. A plataforma de transporte encerrou suas atividades de forma abrupta na semana passada, pegando passageiros e motoristas de surpresa e sem nenhum aviso pr\u00e9vio. Investiga\u00e7\u00e3o sobre servi\u00e7os n\u00e3o prestados O presidente-executivo","og:url":"https:\/\/acontecenafronteira.com.br\/index.php\/2026\/09\/06\/uber-encerra-operacoes-na-nigeria-e-investiga-saida\/","og:image":"https:\/\/acontecenafronteira.com.br\/wp-content\/uploads\/2021\/11\/logo-acontece-1.jpg","og:image:secure_url":"https:\/\/acontecenafronteira.com.br\/wp-content\/uploads\/2021\/11\/logo-acontece-1.jpg","article:published_time":"2026-09-06T17:37:24+00:00","article:modified_time":"2026-09-06T17:37:24+00:00","twitter:card":"summary_large_image","twitter:title":"Uber encerra opera\u00e7\u00f5es na Nig\u00e9ria e investiga sa\u00edda - Acontece Na Fronteira","twitter:description":"A Comiss\u00e3o Federal de Concorr\u00eancia e Prote\u00e7\u00e3o ao Consumidor da Nig\u00e9ria iniciou uma investiga\u00e7\u00e3o formal sobre a sa\u00edda repentina da Uber do territ\u00f3rio nigeriano. A plataforma de transporte encerrou suas atividades de forma abrupta na semana passada, pegando passageiros e motoristas de surpresa e sem nenhum aviso pr\u00e9vio. Investiga\u00e7\u00e3o sobre servi\u00e7os n\u00e3o prestados O presidente-executivo","twitter:image":"https:\/\/acontecenafronteira.com.br\/wp-content\/uploads\/2021\/11\/logo-acontece-1.jpg"},"aioseo_meta_data":[],"aioseo_breadcrumb":"<div class=\"aioseo-breadcrumbs\"><span class=\"aioseo-breadcrumb\">\n\t\t\t<a href=\"https:\/\/acontecenafronteira.com.br\" title=\"Home\">Home<\/a>\n\t\t<\/span><span class=\"aioseo-breadcrumb-separator\">&raquo;<\/span><span class=\"aioseo-breadcrumb\">\n\t\t\t<a href=\"https:\/\/acontecenafronteira.com.br\/index.php\/category\/mundo\/\" title=\"Mundo\">Mundo<\/a>\n\t\t<\/span><span class=\"aioseo-breadcrumb-separator\">&raquo;<\/span><span class=\"aioseo-breadcrumb\">\n\t\t\tUber encerra opera\u00e7\u00f5es na Nig\u00e9ria e investiga sa\u00edda\n\t\t<\/span><\/div>","aioseo_breadcrumb_json":[{"label":"Home","link":"https:\/\/acontecenafronteira.com.br"},{"label":"Mundo","link":"https:\/\/acontecenafronteira.com.br\/index.php\/category\/mundo\/"},{"label":"Uber encerra opera\u00e7\u00f5es na Nig\u00e9ria e investiga sa\u00edda","link":"https:\/\/acontecenafronteira.com.br\/index.php\/2026\/09\/06\/uber-encerra-operacoes-na-nigeria-e-investiga-saida\/"}],"_links":{"self":[{"href":"https:\/\/acontecenafronteira.com.br\/index.php\/wp-json\/wp\/v2\/posts\/36828","targetHints":{"allow":["GET"]}}],"collection":[{"href":"https:\/\/acontecenafronteira.com.br\/index.php\/wp-json\/wp\/v2\/posts"}],"about":[{"href":"https:\/\/acontecenafronteira.com.br\/index.php\/wp-json\/wp\/v2\/types\/post"}],"replies":[{"embeddable":true,"href":"https:\/\/acontecenafronteira.com.br\/index.php\/wp-json\/wp\/v2\/comments?post=36828"}],"version-history":[{"count":1,"href":"https:\/\/acontecenafronteira.com.br\/index.php\/wp-json\/wp\/v2\/posts\/36828\/revisions"}],"predecessor-version":[{"id":36833,"href":"https:\/\/acontecenafronteira.com.br\/index.php\/wp-json\/wp\/v2\/posts\/36828\/revisions\/36833"}],"wp:featuredmedia":[{"embeddable":true,"href":"https:\/\/acontecenafronteira.com.br\/index.php\/wp-json\/wp\/v2\/media\/36834"}],"wp:attachment":[{"href":"https:\/\/acontecenafronteira.com.br\/index.php\/wp-json\/wp\/v2\/media?parent=36828"}],"wp:term":[{"taxonomy":"category","embeddable":true,"href":"https:\/\/acontecenafronteira.com.br\/index.php\/wp-json\/wp\/v2\/categories?post=36828"},{"taxonomy":"post_tag","embeddable":true,"href":"https:\/\/acontecenafronteira.com.br\/index.php\/wp-json\/wp\/v2\/tags?post=36828"}],"curies":[{"name":"wp","href":"https:\/\/api.w.org\/{rel}","templated":true}]}}