{"id":36825,"date":"2026-09-06T14:36:44","date_gmt":"2026-09-06T17:36:44","guid":{"rendered":"https:\/\/acontecenafronteira.com.br\/?p=36825"},"modified":"2026-09-06T14:36:44","modified_gmt":"2026-09-06T17:36:44","slug":"zanin-cobra-providencias-apos-deltan-dallagnol-expor-dados-no-pr","status":"publish","type":"post","link":"https:\/\/acontecenafronteira.com.br\/index.php\/2026\/09\/06\/zanin-cobra-providencias-apos-deltan-dallagnol-expor-dados-no-pr\/","title":{"rendered":"Zanin cobra provid\u00eancias ap\u00f3s Deltan Dallagnol expor dados no PR"},"content":{"rendered":"<p>O ministro Cristiano Zanin, do Supremo Tribunal Federal (STF), acionou \u00f3rg\u00e3os competentes e exigiu provid\u00eancias rigorosas ap\u00f3s a divulga\u00e7\u00e3o de informa\u00e7\u00f5es fiscais e banc\u00e1rias sigilosas. O caso envolve o ex-procurador da Rep\u00fablica Deltan Dallagnol, que na \u00e9poca atuava como candidato ao Senado pelo partido Novo no estado do Paran\u00e1.<\/p>\n<h2>A exposi\u00e7\u00e3o de dados sigilosos no Paran\u00e1<\/h2>\n<p>A controv\u00e9rsia ganhou for\u00e7a quando o pol\u00edtico paranaense utilizou suas redes sociais para expor detalhes sobre as finan\u00e7as e o patrim\u00f4nio de um investigado. A atitude gerou forte repercuss\u00e3o nos meios jur\u00eddicos e pol\u00edticos, levantando debates sobre a legalidade da exposi\u00e7\u00e3o p\u00fablica de dados protegidos por sigilo banc\u00e1rio e fiscal durante o per\u00edodo de campanha.<\/p>\n<h2>Rea\u00e7\u00e3o do Supremo Tribunal Federal<\/h2>\n<p>Diante da gravidade da situa\u00e7\u00e3o observada no cen\u00e1rio paranaense, a Corte Suprema interveio para apurar como tais informa\u00e7\u00f5es sens\u00edveis vieram a p\u00fablico. A cobran\u00e7a do magistrado busca esclarecer as responsabilidades pelo vazamento e uso pol\u00edtico de documentos que deveriam permanecer sob reserva legal, garantindo o respeito \u00e0s normas constitucionais de prote\u00e7\u00e3o \u00e0 privacidade.<\/p>\n<p>O epis\u00f3dio continua sob atento monitoramento das autoridades judiciais, que avaliam eventuais desdobramentos legais e disciplinares decorrentes da conduta do ex-procurador durante a disputa eleitoral no estado sulista.<\/p>\n<p>Por Reda\u00e7\u00e3o Acontece<\/p>\n<p>Cr\u00e9ditos da imagem: Reprodu\u00e7\u00e3o \/ Redes Sociais<\/p>\n","protected":false},"excerpt":{"rendered":"<p>O ministro Cristiano Zanin, do Supremo Tribunal Federal (STF), acionou \u00f3rg\u00e3os competentes e exigiu provid\u00eancias rigorosas ap\u00f3s a divulga\u00e7\u00e3o de informa\u00e7\u00f5es fiscais e banc\u00e1rias sigilosas. O caso envolve o ex-procurador da Rep\u00fablica Deltan Dallagnol, que na \u00e9poca atuava como candidato ao Senado pelo partido Novo no estado do Paran\u00e1. A exposi\u00e7\u00e3o de dados sigilosos no [&hellip;]<\/p>\n","protected":false},"author":0,"featured_media":36827,"comment_status":"open","ping_status":"open","sticky":false,"template":"","format":"standard","meta":{"_monsterinsights_skip_tracking":false,"_uf_show_specific_survey":0,"_uf_disable_surveys":false,"footnotes":""},"categories":[18],"tags":[],"class_list":["post-36825","post","type-post","status-publish","format-standard","has-post-thumbnail","hentry","category-parana"],"aioseo_notices":[],"aioseo_head":"\n\t\t<!-- All in One SEO 5.0.1.1 - aioseo.com -->\n\t<meta name=\"description\" content=\"O ministro Cristiano Zanin, do Supremo Tribunal Federal (STF), acionou \u00f3rg\u00e3os competentes e exigiu provid\u00eancias rigorosas ap\u00f3s a divulga\u00e7\u00e3o de informa\u00e7\u00f5es fiscais e banc\u00e1rias sigilosas. O caso envolve o ex-procurador da Rep\u00fablica Deltan Dallagnol, que na \u00e9poca atuava como candidato ao Senado pelo partido Novo no estado do Paran\u00e1. A exposi\u00e7\u00e3o de dados sigilosos no\" \/>\n\t<meta name=\"robots\" content=\"max-image-preview:large\" \/>\n\t<link rel=\"canonical\" href=\"https:\/\/acontecenafronteira.com.br\/index.php\/2026\/09\/06\/zanin-cobra-providencias-apos-deltan-dallagnol-expor-dados-no-pr\/\" \/>\n\t<meta name=\"generator\" content=\"All in One SEO (AIOSEO) 5.0.1.1\" \/>\n\t\t<meta property=\"og:locale\" content=\"pt_PT\" \/>\n\t\t<meta property=\"og:site_name\" content=\"Acontece Na Fronteira - Noticias da Triplice Fronteira\" \/>\n\t\t<meta property=\"og:type\" content=\"article\" \/>\n\t\t<meta property=\"og:title\" content=\"Zanin cobra provid\u00eancias ap\u00f3s Deltan Dallagnol expor dados no PR - Acontece Na Fronteira\" \/>\n\t\t<meta property=\"og:description\" content=\"O ministro Cristiano Zanin, do Supremo Tribunal Federal (STF), acionou \u00f3rg\u00e3os competentes e exigiu provid\u00eancias rigorosas ap\u00f3s a divulga\u00e7\u00e3o de informa\u00e7\u00f5es fiscais e banc\u00e1rias sigilosas. O caso envolve o ex-procurador da Rep\u00fablica Deltan Dallagnol, que na \u00e9poca atuava como candidato ao Senado pelo partido Novo no estado do Paran\u00e1. A exposi\u00e7\u00e3o de dados sigilosos no\" \/>\n\t\t<meta property=\"og:url\" content=\"https:\/\/acontecenafronteira.com.br\/index.php\/2026\/09\/06\/zanin-cobra-providencias-apos-deltan-dallagnol-expor-dados-no-pr\/\" \/>\n\t\t<meta property=\"og:image\" content=\"https:\/\/acontecenafronteira.com.br\/wp-content\/uploads\/2021\/11\/logo-acontece-1.jpg\" \/>\n\t\t<meta property=\"og:image:secure_url\" content=\"https:\/\/acontecenafronteira.com.br\/wp-content\/uploads\/2021\/11\/logo-acontece-1.jpg\" \/>\n\t\t<meta property=\"article:published_time\" content=\"2026-09-06T17:36:44+00:00\" \/>\n\t\t<meta property=\"article:modified_time\" content=\"2026-09-06T17:36:44+00:00\" \/>\n\t\t<meta name=\"twitter:card\" content=\"summary_large_image\" \/>\n\t\t<meta name=\"twitter:title\" content=\"Zanin cobra provid\u00eancias ap\u00f3s Deltan Dallagnol expor dados no PR - Acontece Na Fronteira\" \/>\n\t\t<meta name=\"twitter:description\" content=\"O ministro Cristiano Zanin, do Supremo Tribunal Federal (STF), acionou \u00f3rg\u00e3os competentes e exigiu provid\u00eancias rigorosas ap\u00f3s a divulga\u00e7\u00e3o de informa\u00e7\u00f5es fiscais e banc\u00e1rias sigilosas. O caso envolve o ex-procurador da Rep\u00fablica Deltan Dallagnol, que na \u00e9poca atuava como candidato ao Senado pelo partido Novo no estado do Paran\u00e1. A exposi\u00e7\u00e3o de dados sigilosos no\" \/>\n\t\t<meta name=\"twitter:image\" content=\"https:\/\/acontecenafronteira.com.br\/wp-content\/uploads\/2021\/11\/logo-acontece-1.jpg\" \/>\n\t\t<script type=\"application\/ld+json\" class=\"aioseo-schema\">\n\t\t\t{\"@context\":\"https:\\\/\\\/schema.org\",\"@graph\":[{\"@type\":\"BlogPosting\",\"@id\":\"https:\\\/\\\/acontecenafronteira.com.br\\\/index.php\\\/2026\\\/09\\\/06\\\/zanin-cobra-providencias-apos-deltan-dallagnol-expor-dados-no-pr\\\/#blogposting\",\"name\":\"Zanin cobra provid\\u00eancias ap\\u00f3s Deltan Dallagnol expor dados no PR - Acontece Na Fronteira\",\"headline\":\"Zanin cobra provid\\u00eancias ap\\u00f3s Deltan Dallagnol expor dados no PR\",\"author\":{\"@id\":\"https:\\\/\\\/acontecenafronteira.com.br\\\/index.php\\\/author\\\/#author\"},\"publisher\":{\"@id\":\"https:\\\/\\\/acontecenafronteira.com.br\\\/#organization\"},\"image\":{\"@type\":\"ImageObject\",\"url\":\"https:\\\/\\\/acontecenafronteira.com.br\\\/wp-content\\\/uploads\\\/2026\\\/09\\\/zanin-pede-providencias-apos-deltan-dallagnol-publicar-dados-bancarios-e-fiscais-1788716204.jpg?v=1788716204\",\"width\":730,\"height\":400,\"caption\":\"Zanin pede provid\\u00eancias ap\\u00f3s Deltan Dallagnol publicar dados banc\\u00e1rios e fiscais\"},\"datePublished\":\"2026-09-06T14:36:44-03:00\",\"dateModified\":\"2026-09-06T14:36:44-03:00\",\"inLanguage\":\"pt-PT\",\"mainEntityOfPage\":{\"@id\":\"https:\\\/\\\/acontecenafronteira.com.br\\\/index.php\\\/2026\\\/09\\\/06\\\/zanin-cobra-providencias-apos-deltan-dallagnol-expor-dados-no-pr\\\/#webpage\"},\"isPartOf\":{\"@id\":\"https:\\\/\\\/acontecenafronteira.com.br\\\/index.php\\\/2026\\\/09\\\/06\\\/zanin-cobra-providencias-apos-deltan-dallagnol-expor-dados-no-pr\\\/#webpage\"},\"articleSection\":\"Paran\\u00e1\"},{\"@type\":\"BreadcrumbList\",\"@id\":\"https:\\\/\\\/acontecenafronteira.com.br\\\/index.php\\\/2026\\\/09\\\/06\\\/zanin-cobra-providencias-apos-deltan-dallagnol-expor-dados-no-pr\\\/#breadcrumblist\",\"itemListElement\":[{\"@type\":\"ListItem\",\"@id\":\"https:\\\/\\\/acontecenafronteira.com.br#listItem\",\"position\":1,\"name\":\"Home\",\"item\":\"https:\\\/\\\/acontecenafronteira.com.br\",\"nextItem\":{\"@type\":\"ListItem\",\"@id\":\"https:\\\/\\\/acontecenafronteira.com.br\\\/index.php\\\/category\\\/parana\\\/#listItem\",\"name\":\"Paran\\u00e1\"}},{\"@type\":\"ListItem\",\"@id\":\"https:\\\/\\\/acontecenafronteira.com.br\\\/index.php\\\/category\\\/parana\\\/#listItem\",\"position\":2,\"name\":\"Paran\\u00e1\",\"item\":\"https:\\\/\\\/acontecenafronteira.com.br\\\/index.php\\\/category\\\/parana\\\/\",\"nextItem\":{\"@type\":\"ListItem\",\"@id\":\"https:\\\/\\\/acontecenafronteira.com.br\\\/index.php\\\/2026\\\/09\\\/06\\\/zanin-cobra-providencias-apos-deltan-dallagnol-expor-dados-no-pr\\\/#listItem\",\"name\":\"Zanin cobra provid\\u00eancias ap\\u00f3s Deltan Dallagnol expor dados no PR\"},\"previousItem\":{\"@type\":\"ListItem\",\"@id\":\"https:\\\/\\\/acontecenafronteira.com.br#listItem\",\"name\":\"Home\"}},{\"@type\":\"ListItem\",\"@id\":\"https:\\\/\\\/acontecenafronteira.com.br\\\/index.php\\\/2026\\\/09\\\/06\\\/zanin-cobra-providencias-apos-deltan-dallagnol-expor-dados-no-pr\\\/#listItem\",\"position\":3,\"name\":\"Zanin cobra provid\\u00eancias ap\\u00f3s Deltan Dallagnol expor dados no PR\",\"previousItem\":{\"@type\":\"ListItem\",\"@id\":\"https:\\\/\\\/acontecenafronteira.com.br\\\/index.php\\\/category\\\/parana\\\/#listItem\",\"name\":\"Paran\\u00e1\"}}]},{\"@type\":\"Organization\",\"@id\":\"https:\\\/\\\/acontecenafronteira.com.br\\\/#organization\",\"name\":\"Acontece Na Fronteira\",\"description\":\"Noticias da Triplice Fronteira\",\"url\":\"https:\\\/\\\/acontecenafronteira.com.br\\\/\",\"logo\":{\"@type\":\"ImageObject\",\"url\":\"https:\\\/\\\/acontecenafronteira.com.br\\\/wp-content\\\/uploads\\\/2021\\\/11\\\/logo-acontece-1.jpg\",\"@id\":\"https:\\\/\\\/acontecenafronteira.com.br\\\/index.php\\\/2026\\\/09\\\/06\\\/zanin-cobra-providencias-apos-deltan-dallagnol-expor-dados-no-pr\\\/#organizationLogo\",\"width\":519,\"height\":134},\"image\":{\"@id\":\"https:\\\/\\\/acontecenafronteira.com.br\\\/index.php\\\/2026\\\/09\\\/06\\\/zanin-cobra-providencias-apos-deltan-dallagnol-expor-dados-no-pr\\\/#organizationLogo\"}},{\"@type\":\"WebPage\",\"@id\":\"https:\\\/\\\/acontecenafronteira.com.br\\\/index.php\\\/2026\\\/09\\\/06\\\/zanin-cobra-providencias-apos-deltan-dallagnol-expor-dados-no-pr\\\/#webpage\",\"url\":\"https:\\\/\\\/acontecenafronteira.com.br\\\/index.php\\\/2026\\\/09\\\/06\\\/zanin-cobra-providencias-apos-deltan-dallagnol-expor-dados-no-pr\\\/\",\"name\":\"Zanin cobra provid\\u00eancias ap\\u00f3s Deltan Dallagnol expor dados no PR - Acontece Na Fronteira\",\"description\":\"O ministro Cristiano Zanin, do Supremo Tribunal Federal (STF), acionou \\u00f3rg\\u00e3os competentes e exigiu provid\\u00eancias rigorosas ap\\u00f3s a divulga\\u00e7\\u00e3o de informa\\u00e7\\u00f5es fiscais e banc\\u00e1rias sigilosas. O caso envolve o ex-procurador da Rep\\u00fablica Deltan Dallagnol, que na \\u00e9poca atuava como candidato ao Senado pelo partido Novo no estado do Paran\\u00e1. A exposi\\u00e7\\u00e3o de dados sigilosos no\",\"inLanguage\":\"pt-PT\",\"isPartOf\":{\"@id\":\"https:\\\/\\\/acontecenafronteira.com.br\\\/#website\"},\"breadcrumb\":{\"@id\":\"https:\\\/\\\/acontecenafronteira.com.br\\\/index.php\\\/2026\\\/09\\\/06\\\/zanin-cobra-providencias-apos-deltan-dallagnol-expor-dados-no-pr\\\/#breadcrumblist\"},\"author\":{\"@id\":\"https:\\\/\\\/acontecenafronteira.com.br\\\/index.php\\\/author\\\/#author\"},\"creator\":{\"@id\":\"https:\\\/\\\/acontecenafronteira.com.br\\\/index.php\\\/author\\\/#author\"},\"image\":{\"@type\":\"ImageObject\",\"url\":\"https:\\\/\\\/acontecenafronteira.com.br\\\/wp-content\\\/uploads\\\/2026\\\/09\\\/zanin-pede-providencias-apos-deltan-dallagnol-publicar-dados-bancarios-e-fiscais-1788716204.jpg?v=1788716204\",\"@id\":\"https:\\\/\\\/acontecenafronteira.com.br\\\/index.php\\\/2026\\\/09\\\/06\\\/zanin-cobra-providencias-apos-deltan-dallagnol-expor-dados-no-pr\\\/#mainImage\",\"width\":730,\"height\":400,\"caption\":\"Zanin pede provid\\u00eancias ap\\u00f3s Deltan Dallagnol publicar dados banc\\u00e1rios e fiscais\"},\"primaryImageOfPage\":{\"@id\":\"https:\\\/\\\/acontecenafronteira.com.br\\\/index.php\\\/2026\\\/09\\\/06\\\/zanin-cobra-providencias-apos-deltan-dallagnol-expor-dados-no-pr\\\/#mainImage\"},\"datePublished\":\"2026-09-06T14:36:44-03:00\",\"dateModified\":\"2026-09-06T14:36:44-03:00\"},{\"@type\":\"WebSite\",\"@id\":\"https:\\\/\\\/acontecenafronteira.com.br\\\/#website\",\"url\":\"https:\\\/\\\/acontecenafronteira.com.br\\\/\",\"name\":\"Acontece Na Fronteira\",\"description\":\"Noticias da Triplice Fronteira\",\"inLanguage\":\"pt-PT\",\"publisher\":{\"@id\":\"https:\\\/\\\/acontecenafronteira.com.br\\\/#organization\"}}]}\n\t\t<\/script>\n\t\t<!-- All in One SEO -->\n\n","aioseo_head_json":{"title":"Zanin cobra provid\u00eancias ap\u00f3s Deltan Dallagnol expor dados no PR - Acontece Na Fronteira","description":"O ministro Cristiano Zanin, do Supremo Tribunal Federal (STF), acionou \u00f3rg\u00e3os competentes e exigiu provid\u00eancias rigorosas ap\u00f3s a divulga\u00e7\u00e3o de informa\u00e7\u00f5es fiscais e banc\u00e1rias sigilosas. O caso envolve o ex-procurador da Rep\u00fablica Deltan Dallagnol, que na \u00e9poca atuava como candidato ao Senado pelo partido Novo no estado do Paran\u00e1. A exposi\u00e7\u00e3o de dados sigilosos no","canonical_url":"https:\/\/acontecenafronteira.com.br\/index.php\/2026\/09\/06\/zanin-cobra-providencias-apos-deltan-dallagnol-expor-dados-no-pr\/","robots":"max-image-preview:large","keywords":"","webmasterTools":{"miscellaneous":""},"schema":{"@context":"https:\/\/schema.org","@graph":[{"@type":"BlogPosting","@id":"https:\/\/acontecenafronteira.com.br\/index.php\/2026\/09\/06\/zanin-cobra-providencias-apos-deltan-dallagnol-expor-dados-no-pr\/#blogposting","name":"Zanin cobra provid\u00eancias ap\u00f3s Deltan Dallagnol expor dados no PR - Acontece Na Fronteira","headline":"Zanin cobra provid\u00eancias ap\u00f3s Deltan Dallagnol expor dados no PR","author":{"@id":"https:\/\/acontecenafronteira.com.br\/index.php\/author\/#author"},"publisher":{"@id":"https:\/\/acontecenafronteira.com.br\/#organization"},"image":{"@type":"ImageObject","url":"https:\/\/acontecenafronteira.com.br\/wp-content\/uploads\/2026\/09\/zanin-pede-providencias-apos-deltan-dallagnol-publicar-dados-bancarios-e-fiscais-1788716204.jpg?v=1788716204","width":730,"height":400,"caption":"Zanin pede provid\u00eancias ap\u00f3s Deltan Dallagnol publicar dados banc\u00e1rios e fiscais"},"datePublished":"2026-09-06T14:36:44-03:00","dateModified":"2026-09-06T14:36:44-03:00","inLanguage":"pt-PT","mainEntityOfPage":{"@id":"https:\/\/acontecenafronteira.com.br\/index.php\/2026\/09\/06\/zanin-cobra-providencias-apos-deltan-dallagnol-expor-dados-no-pr\/#webpage"},"isPartOf":{"@id":"https:\/\/acontecenafronteira.com.br\/index.php\/2026\/09\/06\/zanin-cobra-providencias-apos-deltan-dallagnol-expor-dados-no-pr\/#webpage"},"articleSection":"Paran\u00e1"},{"@type":"BreadcrumbList","@id":"https:\/\/acontecenafronteira.com.br\/index.php\/2026\/09\/06\/zanin-cobra-providencias-apos-deltan-dallagnol-expor-dados-no-pr\/#breadcrumblist","itemListElement":[{"@type":"ListItem","@id":"https:\/\/acontecenafronteira.com.br#listItem","position":1,"name":"Home","item":"https:\/\/acontecenafronteira.com.br","nextItem":{"@type":"ListItem","@id":"https:\/\/acontecenafronteira.com.br\/index.php\/category\/parana\/#listItem","name":"Paran\u00e1"}},{"@type":"ListItem","@id":"https:\/\/acontecenafronteira.com.br\/index.php\/category\/parana\/#listItem","position":2,"name":"Paran\u00e1","item":"https:\/\/acontecenafronteira.com.br\/index.php\/category\/parana\/","nextItem":{"@type":"ListItem","@id":"https:\/\/acontecenafronteira.com.br\/index.php\/2026\/09\/06\/zanin-cobra-providencias-apos-deltan-dallagnol-expor-dados-no-pr\/#listItem","name":"Zanin cobra provid\u00eancias ap\u00f3s Deltan Dallagnol expor dados no PR"},"previousItem":{"@type":"ListItem","@id":"https:\/\/acontecenafronteira.com.br#listItem","name":"Home"}},{"@type":"ListItem","@id":"https:\/\/acontecenafronteira.com.br\/index.php\/2026\/09\/06\/zanin-cobra-providencias-apos-deltan-dallagnol-expor-dados-no-pr\/#listItem","position":3,"name":"Zanin cobra provid\u00eancias ap\u00f3s Deltan Dallagnol expor dados no PR","previousItem":{"@type":"ListItem","@id":"https:\/\/acontecenafronteira.com.br\/index.php\/category\/parana\/#listItem","name":"Paran\u00e1"}}]},{"@type":"Organization","@id":"https:\/\/acontecenafronteira.com.br\/#organization","name":"Acontece Na Fronteira","description":"Noticias da Triplice Fronteira","url":"https:\/\/acontecenafronteira.com.br\/","logo":{"@type":"ImageObject","url":"https:\/\/acontecenafronteira.com.br\/wp-content\/uploads\/2021\/11\/logo-acontece-1.jpg","@id":"https:\/\/acontecenafronteira.com.br\/index.php\/2026\/09\/06\/zanin-cobra-providencias-apos-deltan-dallagnol-expor-dados-no-pr\/#organizationLogo","width":519,"height":134},"image":{"@id":"https:\/\/acontecenafronteira.com.br\/index.php\/2026\/09\/06\/zanin-cobra-providencias-apos-deltan-dallagnol-expor-dados-no-pr\/#organizationLogo"}},{"@type":"WebPage","@id":"https:\/\/acontecenafronteira.com.br\/index.php\/2026\/09\/06\/zanin-cobra-providencias-apos-deltan-dallagnol-expor-dados-no-pr\/#webpage","url":"https:\/\/acontecenafronteira.com.br\/index.php\/2026\/09\/06\/zanin-cobra-providencias-apos-deltan-dallagnol-expor-dados-no-pr\/","name":"Zanin cobra provid\u00eancias ap\u00f3s Deltan Dallagnol expor dados no PR - Acontece Na Fronteira","description":"O ministro Cristiano Zanin, do Supremo Tribunal Federal (STF), acionou \u00f3rg\u00e3os competentes e exigiu provid\u00eancias rigorosas ap\u00f3s a divulga\u00e7\u00e3o de informa\u00e7\u00f5es fiscais e banc\u00e1rias sigilosas. O caso envolve o ex-procurador da Rep\u00fablica Deltan Dallagnol, que na \u00e9poca atuava como candidato ao Senado pelo partido Novo no estado do Paran\u00e1. A exposi\u00e7\u00e3o de dados sigilosos no","inLanguage":"pt-PT","isPartOf":{"@id":"https:\/\/acontecenafronteira.com.br\/#website"},"breadcrumb":{"@id":"https:\/\/acontecenafronteira.com.br\/index.php\/2026\/09\/06\/zanin-cobra-providencias-apos-deltan-dallagnol-expor-dados-no-pr\/#breadcrumblist"},"author":{"@id":"https:\/\/acontecenafronteira.com.br\/index.php\/author\/#author"},"creator":{"@id":"https:\/\/acontecenafronteira.com.br\/index.php\/author\/#author"},"image":{"@type":"ImageObject","url":"https:\/\/acontecenafronteira.com.br\/wp-content\/uploads\/2026\/09\/zanin-pede-providencias-apos-deltan-dallagnol-publicar-dados-bancarios-e-fiscais-1788716204.jpg?v=1788716204","@id":"https:\/\/acontecenafronteira.com.br\/index.php\/2026\/09\/06\/zanin-cobra-providencias-apos-deltan-dallagnol-expor-dados-no-pr\/#mainImage","width":730,"height":400,"caption":"Zanin pede provid\u00eancias ap\u00f3s Deltan Dallagnol publicar dados banc\u00e1rios e fiscais"},"primaryImageOfPage":{"@id":"https:\/\/acontecenafronteira.com.br\/index.php\/2026\/09\/06\/zanin-cobra-providencias-apos-deltan-dallagnol-expor-dados-no-pr\/#mainImage"},"datePublished":"2026-09-06T14:36:44-03:00","dateModified":"2026-09-06T14:36:44-03:00"},{"@type":"WebSite","@id":"https:\/\/acontecenafronteira.com.br\/#website","url":"https:\/\/acontecenafronteira.com.br\/","name":"Acontece Na Fronteira","description":"Noticias da Triplice Fronteira","inLanguage":"pt-PT","publisher":{"@id":"https:\/\/acontecenafronteira.com.br\/#organization"}}]},"og:locale":"pt_PT","og:site_name":"Acontece Na Fronteira - Noticias da Triplice Fronteira","og:type":"article","og:title":"Zanin cobra provid\u00eancias ap\u00f3s Deltan Dallagnol expor dados no PR - Acontece Na Fronteira","og:description":"O ministro Cristiano Zanin, do Supremo Tribunal Federal (STF), acionou \u00f3rg\u00e3os competentes e exigiu provid\u00eancias rigorosas ap\u00f3s a divulga\u00e7\u00e3o de informa\u00e7\u00f5es fiscais e banc\u00e1rias sigilosas. O caso envolve o ex-procurador da Rep\u00fablica Deltan Dallagnol, que na \u00e9poca atuava como candidato ao Senado pelo partido Novo no estado do Paran\u00e1. A exposi\u00e7\u00e3o de dados sigilosos no","og:url":"https:\/\/acontecenafronteira.com.br\/index.php\/2026\/09\/06\/zanin-cobra-providencias-apos-deltan-dallagnol-expor-dados-no-pr\/","og:image":"https:\/\/acontecenafronteira.com.br\/wp-content\/uploads\/2021\/11\/logo-acontece-1.jpg","og:image:secure_url":"https:\/\/acontecenafronteira.com.br\/wp-content\/uploads\/2021\/11\/logo-acontece-1.jpg","article:published_time":"2026-09-06T17:36:44+00:00","article:modified_time":"2026-09-06T17:36:44+00:00","twitter:card":"summary_large_image","twitter:title":"Zanin cobra provid\u00eancias ap\u00f3s Deltan Dallagnol expor dados no PR - Acontece Na Fronteira","twitter:description":"O ministro Cristiano Zanin, do Supremo Tribunal Federal (STF), acionou \u00f3rg\u00e3os competentes e exigiu provid\u00eancias rigorosas ap\u00f3s a divulga\u00e7\u00e3o de informa\u00e7\u00f5es fiscais e banc\u00e1rias sigilosas. O caso envolve o ex-procurador da Rep\u00fablica Deltan Dallagnol, que na \u00e9poca atuava como candidato ao Senado pelo partido Novo no estado do Paran\u00e1. A exposi\u00e7\u00e3o de dados sigilosos no","twitter:image":"https:\/\/acontecenafronteira.com.br\/wp-content\/uploads\/2021\/11\/logo-acontece-1.jpg"},"aioseo_meta_data":[],"aioseo_breadcrumb":"<div class=\"aioseo-breadcrumbs\"><span class=\"aioseo-breadcrumb\">\n\t\t\t<a href=\"https:\/\/acontecenafronteira.com.br\" title=\"Home\">Home<\/a>\n\t\t<\/span><span class=\"aioseo-breadcrumb-separator\">&raquo;<\/span><span class=\"aioseo-breadcrumb\">\n\t\t\t<a href=\"https:\/\/acontecenafronteira.com.br\/index.php\/category\/parana\/\" title=\"Paran\u00e1\">Paran\u00e1<\/a>\n\t\t<\/span><span class=\"aioseo-breadcrumb-separator\">&raquo;<\/span><span class=\"aioseo-breadcrumb\">\n\t\t\tZanin cobra provid\u00eancias ap\u00f3s Deltan Dallagnol expor dados no PR\n\t\t<\/span><\/div>","aioseo_breadcrumb_json":[{"label":"Home","link":"https:\/\/acontecenafronteira.com.br"},{"label":"Paran\u00e1","link":"https:\/\/acontecenafronteira.com.br\/index.php\/category\/parana\/"},{"label":"Zanin cobra provid\u00eancias ap\u00f3s Deltan Dallagnol expor dados no PR","link":"https:\/\/acontecenafronteira.com.br\/index.php\/2026\/09\/06\/zanin-cobra-providencias-apos-deltan-dallagnol-expor-dados-no-pr\/"}],"_links":{"self":[{"href":"https:\/\/acontecenafronteira.com.br\/index.php\/wp-json\/wp\/v2\/posts\/36825","targetHints":{"allow":["GET"]}}],"collection":[{"href":"https:\/\/acontecenafronteira.com.br\/index.php\/wp-json\/wp\/v2\/posts"}],"about":[{"href":"https:\/\/acontecenafronteira.com.br\/index.php\/wp-json\/wp\/v2\/types\/post"}],"replies":[{"embeddable":true,"href":"https:\/\/acontecenafronteira.com.br\/index.php\/wp-json\/wp\/v2\/comments?post=36825"}],"version-history":[{"count":1,"href":"https:\/\/acontecenafronteira.com.br\/index.php\/wp-json\/wp\/v2\/posts\/36825\/revisions"}],"predecessor-version":[{"id":36826,"href":"https:\/\/acontecenafronteira.com.br\/index.php\/wp-json\/wp\/v2\/posts\/36825\/revisions\/36826"}],"wp:featuredmedia":[{"embeddable":true,"href":"https:\/\/acontecenafronteira.com.br\/index.php\/wp-json\/wp\/v2\/media\/36827"}],"wp:attachment":[{"href":"https:\/\/acontecenafronteira.com.br\/index.php\/wp-json\/wp\/v2\/media?parent=36825"}],"wp:term":[{"taxonomy":"category","embeddable":true,"href":"https:\/\/acontecenafronteira.com.br\/index.php\/wp-json\/wp\/v2\/categories?post=36825"},{"taxonomy":"post_tag","embeddable":true,"href":"https:\/\/acontecenafronteira.com.br\/index.php\/wp-json\/wp\/v2\/tags?post=36825"}],"curies":[{"name":"wp","href":"https:\/\/api.w.org\/{rel}","templated":true}]}}