{"id":36800,"date":"2026-09-06T12:37:17","date_gmt":"2026-09-06T15:37:17","guid":{"rendered":"https:\/\/acontecenafronteira.com.br\/?p=36800"},"modified":"2026-09-06T12:37:17","modified_gmt":"2026-09-06T15:37:17","slug":"antonelli-vence-gp-da-italia-apos-largar-em-19o","status":"publish","type":"post","link":"https:\/\/acontecenafronteira.com.br\/index.php\/2026\/09\/06\/antonelli-vence-gp-da-italia-apos-largar-em-19o\/","title":{"rendered":"Antonelli vence GP da It\u00e1lia ap\u00f3s largar em 19\u00ba"},"content":{"rendered":"<p>O aut\u00f3dromo de Monza foi palco de uma das vit\u00f3rias mais marcantes da temporada da F\u00f3rmula 1, conquistada pelo piloto local Kimi Antonelli, da Mercedes, ap\u00f3s uma espetacular prova de recupera\u00e7\u00e3o no Grande Pr\u00eamio da It\u00e1lia.<\/p>\n<h2>Corrida emocionante em Monza<\/h2>\n<p>A prova foi marcada por altas doses de adrenalina, incluindo uma interrup\u00e7\u00e3o com bandeira vermelha e duas largadas, cen\u00e1rio ca\u00f3tico que acabou favorecendo a estrat\u00e9gia da equipe alem\u00e3 e a pilotagem agressiva do jovem competidor de 20 anos.<\/p>\n<p>O ponto cr\u00edtico da corrida ocorreu ap\u00f3s um forte acidente envolvendo Charles Leclerc, piloto da Ferrari, que abandonou a disputa e frustrou a torcida da casa que lotava as arquibancadas do tradicional circuito italiano.<\/p>\n<h2>Disputa interna na Mercedes<\/h2>\n<p>A reta final da corrida reservou um duelo emocionante pela primeira coloca\u00e7\u00e3o entre Antonelli e seu companheiro de equipe, George Russell, com o vencedor levando a melhor para faturar seu s\u00e9timo triunfo na atual temporada da categoria.<\/p>\n<p>Com o resultado, Russell cruzou a linha de chegada na segunda posi\u00e7\u00e3o, enquanto o holand\u00eas Max Verstappen, da Red Bull, completou o p\u00f3dio ao terminar o GP da It\u00e1lia na terceiracoloca\u00e7\u00e3o geral.<\/p>\n<h2>Desempenho dos l\u00edderes e brasileiros<\/h2>\n<p>O feito do piloto da Mercedes ganha ainda mais peso considerando que ele precisou iniciar a disputa na pen\u00faltima coloca\u00e7\u00e3o do grid, ocupando o 19\u00ba lugar devido a puni\u00e7\u00f5es decorrentes de altera\u00e7\u00f5es excessivas em componentes da unidade de pot\u00eancia de seu carro.<\/p>\n<p>Enquanto isso, representando o automobilismo nacional, o brasileiro Gabriel Bortoleto, defendendo a equipe Audi, realizou uma corrida consistente e terminou a etapa italiana na 11\u00aa posi\u00e7\u00e3o, ficando fora da zona de pontua\u00e7\u00e3o.<\/p>\n<p>Por Reda\u00e7\u00e3o Acontece<\/p>\n<p>Cr\u00e9ditos da imagem: Divulga\u00e7\u00e3o \/ F\u00f3rmula 1<\/p>\n","protected":false},"excerpt":{"rendered":"<p>O aut\u00f3dromo de Monza foi palco de uma das vit\u00f3rias mais marcantes da temporada da F\u00f3rmula 1, conquistada pelo piloto local Kimi Antonelli, da Mercedes, ap\u00f3s uma espetacular prova de recupera\u00e7\u00e3o no Grande Pr\u00eamio da It\u00e1lia. Corrida emocionante em Monza A prova foi marcada por altas doses de adrenalina, incluindo uma interrup\u00e7\u00e3o com bandeira vermelha [&hellip;]<\/p>\n","protected":false},"author":0,"featured_media":36806,"comment_status":"open","ping_status":"open","sticky":false,"template":"","format":"standard","meta":{"_monsterinsights_skip_tracking":false,"_uf_show_specific_survey":0,"_uf_disable_surveys":false,"footnotes":""},"categories":[28],"tags":[],"class_list":["post-36800","post","type-post","status-publish","format-standard","has-post-thumbnail","hentry","category-mundo"],"aioseo_notices":[],"aioseo_head":"\n\t\t<!-- All in One SEO 5.0.1.1 - aioseo.com -->\n\t<meta name=\"description\" content=\"O aut\u00f3dromo de Monza foi palco de uma das vit\u00f3rias mais marcantes da temporada da F\u00f3rmula 1, conquistada pelo piloto local Kimi Antonelli, da Mercedes, ap\u00f3s uma espetacular prova de recupera\u00e7\u00e3o no Grande Pr\u00eamio da It\u00e1lia. Corrida emocionante em Monza A prova foi marcada por altas doses de adrenalina, incluindo uma interrup\u00e7\u00e3o com bandeira vermelha\" \/>\n\t<meta name=\"robots\" content=\"max-image-preview:large\" \/>\n\t<link rel=\"canonical\" href=\"https:\/\/acontecenafronteira.com.br\/index.php\/2026\/09\/06\/antonelli-vence-gp-da-italia-apos-largar-em-19o\/\" \/>\n\t<meta name=\"generator\" content=\"All in One SEO (AIOSEO) 5.0.1.1\" \/>\n\t\t<meta property=\"og:locale\" content=\"pt_PT\" \/>\n\t\t<meta property=\"og:site_name\" content=\"Acontece Na Fronteira - Noticias da Triplice Fronteira\" \/>\n\t\t<meta property=\"og:type\" content=\"article\" \/>\n\t\t<meta property=\"og:title\" content=\"Antonelli vence GP da It\u00e1lia ap\u00f3s largar em 19\u00ba - Acontece Na Fronteira\" \/>\n\t\t<meta property=\"og:description\" content=\"O aut\u00f3dromo de Monza foi palco de uma das vit\u00f3rias mais marcantes da temporada da F\u00f3rmula 1, conquistada pelo piloto local Kimi Antonelli, da Mercedes, ap\u00f3s uma espetacular prova de recupera\u00e7\u00e3o no Grande Pr\u00eamio da It\u00e1lia. Corrida emocionante em Monza A prova foi marcada por altas doses de adrenalina, incluindo uma interrup\u00e7\u00e3o com bandeira vermelha\" \/>\n\t\t<meta property=\"og:url\" content=\"https:\/\/acontecenafronteira.com.br\/index.php\/2026\/09\/06\/antonelli-vence-gp-da-italia-apos-largar-em-19o\/\" \/>\n\t\t<meta property=\"og:image\" content=\"https:\/\/acontecenafronteira.com.br\/wp-content\/uploads\/2021\/11\/logo-acontece-1.jpg\" \/>\n\t\t<meta property=\"og:image:secure_url\" content=\"https:\/\/acontecenafronteira.com.br\/wp-content\/uploads\/2021\/11\/logo-acontece-1.jpg\" \/>\n\t\t<meta property=\"article:published_time\" content=\"2026-09-06T15:37:17+00:00\" \/>\n\t\t<meta property=\"article:modified_time\" content=\"2026-09-06T15:37:17+00:00\" \/>\n\t\t<meta name=\"twitter:card\" content=\"summary_large_image\" \/>\n\t\t<meta name=\"twitter:title\" content=\"Antonelli vence GP da It\u00e1lia ap\u00f3s largar em 19\u00ba - Acontece Na Fronteira\" \/>\n\t\t<meta name=\"twitter:description\" content=\"O aut\u00f3dromo de Monza foi palco de uma das vit\u00f3rias mais marcantes da temporada da F\u00f3rmula 1, conquistada pelo piloto local Kimi Antonelli, da Mercedes, ap\u00f3s uma espetacular prova de recupera\u00e7\u00e3o no Grande Pr\u00eamio da It\u00e1lia. Corrida emocionante em Monza A prova foi marcada por altas doses de adrenalina, incluindo uma interrup\u00e7\u00e3o com bandeira vermelha\" \/>\n\t\t<meta name=\"twitter:image\" content=\"https:\/\/acontecenafronteira.com.br\/wp-content\/uploads\/2021\/11\/logo-acontece-1.jpg\" \/>\n\t\t<script type=\"application\/ld+json\" class=\"aioseo-schema\">\n\t\t\t{\"@context\":\"https:\\\/\\\/schema.org\",\"@graph\":[{\"@type\":\"BlogPosting\",\"@id\":\"https:\\\/\\\/acontecenafronteira.com.br\\\/index.php\\\/2026\\\/09\\\/06\\\/antonelli-vence-gp-da-italia-apos-largar-em-19o\\\/#blogposting\",\"name\":\"Antonelli vence GP da It\\u00e1lia ap\\u00f3s largar em 19\\u00ba - Acontece Na Fronteira\",\"headline\":\"Antonelli vence GP da It\\u00e1lia ap\\u00f3s largar em 19\\u00ba\",\"author\":{\"@id\":\"https:\\\/\\\/acontecenafronteira.com.br\\\/index.php\\\/author\\\/#author\"},\"publisher\":{\"@id\":\"https:\\\/\\\/acontecenafronteira.com.br\\\/#organization\"},\"image\":{\"@type\":\"ImageObject\",\"url\":\"https:\\\/\\\/acontecenafronteira.com.br\\\/wp-content\\\/uploads\\\/2026\\\/09\\\/em-corrida-com-bandeira-vermelha-e-duas-largadas-antonelli-sai-do-fundo-do-grid-para-vencer-o-gp-da-italia-1788709036.jpg?v=1788709037\",\"width\":1200,\"height\":800,\"caption\":\"Em corrida com bandeira vermelha e duas largadas, Antonelli sai do fundo do grid para vencer o GP da It\\u00e1lia\"},\"datePublished\":\"2026-09-06T12:37:17-03:00\",\"dateModified\":\"2026-09-06T12:37:17-03:00\",\"inLanguage\":\"pt-PT\",\"mainEntityOfPage\":{\"@id\":\"https:\\\/\\\/acontecenafronteira.com.br\\\/index.php\\\/2026\\\/09\\\/06\\\/antonelli-vence-gp-da-italia-apos-largar-em-19o\\\/#webpage\"},\"isPartOf\":{\"@id\":\"https:\\\/\\\/acontecenafronteira.com.br\\\/index.php\\\/2026\\\/09\\\/06\\\/antonelli-vence-gp-da-italia-apos-largar-em-19o\\\/#webpage\"},\"articleSection\":\"Mundo\"},{\"@type\":\"BreadcrumbList\",\"@id\":\"https:\\\/\\\/acontecenafronteira.com.br\\\/index.php\\\/2026\\\/09\\\/06\\\/antonelli-vence-gp-da-italia-apos-largar-em-19o\\\/#breadcrumblist\",\"itemListElement\":[{\"@type\":\"ListItem\",\"@id\":\"https:\\\/\\\/acontecenafronteira.com.br#listItem\",\"position\":1,\"name\":\"Home\",\"item\":\"https:\\\/\\\/acontecenafronteira.com.br\",\"nextItem\":{\"@type\":\"ListItem\",\"@id\":\"https:\\\/\\\/acontecenafronteira.com.br\\\/index.php\\\/category\\\/mundo\\\/#listItem\",\"name\":\"Mundo\"}},{\"@type\":\"ListItem\",\"@id\":\"https:\\\/\\\/acontecenafronteira.com.br\\\/index.php\\\/category\\\/mundo\\\/#listItem\",\"position\":2,\"name\":\"Mundo\",\"item\":\"https:\\\/\\\/acontecenafronteira.com.br\\\/index.php\\\/category\\\/mundo\\\/\",\"nextItem\":{\"@type\":\"ListItem\",\"@id\":\"https:\\\/\\\/acontecenafronteira.com.br\\\/index.php\\\/2026\\\/09\\\/06\\\/antonelli-vence-gp-da-italia-apos-largar-em-19o\\\/#listItem\",\"name\":\"Antonelli vence GP da It\\u00e1lia ap\\u00f3s largar em 19\\u00ba\"},\"previousItem\":{\"@type\":\"ListItem\",\"@id\":\"https:\\\/\\\/acontecenafronteira.com.br#listItem\",\"name\":\"Home\"}},{\"@type\":\"ListItem\",\"@id\":\"https:\\\/\\\/acontecenafronteira.com.br\\\/index.php\\\/2026\\\/09\\\/06\\\/antonelli-vence-gp-da-italia-apos-largar-em-19o\\\/#listItem\",\"position\":3,\"name\":\"Antonelli vence GP da It\\u00e1lia ap\\u00f3s largar em 19\\u00ba\",\"previousItem\":{\"@type\":\"ListItem\",\"@id\":\"https:\\\/\\\/acontecenafronteira.com.br\\\/index.php\\\/category\\\/mundo\\\/#listItem\",\"name\":\"Mundo\"}}]},{\"@type\":\"Organization\",\"@id\":\"https:\\\/\\\/acontecenafronteira.com.br\\\/#organization\",\"name\":\"Acontece Na Fronteira\",\"description\":\"Noticias da Triplice Fronteira\",\"url\":\"https:\\\/\\\/acontecenafronteira.com.br\\\/\",\"logo\":{\"@type\":\"ImageObject\",\"url\":\"https:\\\/\\\/acontecenafronteira.com.br\\\/wp-content\\\/uploads\\\/2021\\\/11\\\/logo-acontece-1.jpg\",\"@id\":\"https:\\\/\\\/acontecenafronteira.com.br\\\/index.php\\\/2026\\\/09\\\/06\\\/antonelli-vence-gp-da-italia-apos-largar-em-19o\\\/#organizationLogo\",\"width\":519,\"height\":134},\"image\":{\"@id\":\"https:\\\/\\\/acontecenafronteira.com.br\\\/index.php\\\/2026\\\/09\\\/06\\\/antonelli-vence-gp-da-italia-apos-largar-em-19o\\\/#organizationLogo\"}},{\"@type\":\"WebPage\",\"@id\":\"https:\\\/\\\/acontecenafronteira.com.br\\\/index.php\\\/2026\\\/09\\\/06\\\/antonelli-vence-gp-da-italia-apos-largar-em-19o\\\/#webpage\",\"url\":\"https:\\\/\\\/acontecenafronteira.com.br\\\/index.php\\\/2026\\\/09\\\/06\\\/antonelli-vence-gp-da-italia-apos-largar-em-19o\\\/\",\"name\":\"Antonelli vence GP da It\\u00e1lia ap\\u00f3s largar em 19\\u00ba - Acontece Na Fronteira\",\"description\":\"O aut\\u00f3dromo de Monza foi palco de uma das vit\\u00f3rias mais marcantes da temporada da F\\u00f3rmula 1, conquistada pelo piloto local Kimi Antonelli, da Mercedes, ap\\u00f3s uma espetacular prova de recupera\\u00e7\\u00e3o no Grande Pr\\u00eamio da It\\u00e1lia. Corrida emocionante em Monza A prova foi marcada por altas doses de adrenalina, incluindo uma interrup\\u00e7\\u00e3o com bandeira vermelha\",\"inLanguage\":\"pt-PT\",\"isPartOf\":{\"@id\":\"https:\\\/\\\/acontecenafronteira.com.br\\\/#website\"},\"breadcrumb\":{\"@id\":\"https:\\\/\\\/acontecenafronteira.com.br\\\/index.php\\\/2026\\\/09\\\/06\\\/antonelli-vence-gp-da-italia-apos-largar-em-19o\\\/#breadcrumblist\"},\"author\":{\"@id\":\"https:\\\/\\\/acontecenafronteira.com.br\\\/index.php\\\/author\\\/#author\"},\"creator\":{\"@id\":\"https:\\\/\\\/acontecenafronteira.com.br\\\/index.php\\\/author\\\/#author\"},\"image\":{\"@type\":\"ImageObject\",\"url\":\"https:\\\/\\\/acontecenafronteira.com.br\\\/wp-content\\\/uploads\\\/2026\\\/09\\\/em-corrida-com-bandeira-vermelha-e-duas-largadas-antonelli-sai-do-fundo-do-grid-para-vencer-o-gp-da-italia-1788709036.jpg?v=1788709037\",\"@id\":\"https:\\\/\\\/acontecenafronteira.com.br\\\/index.php\\\/2026\\\/09\\\/06\\\/antonelli-vence-gp-da-italia-apos-largar-em-19o\\\/#mainImage\",\"width\":1200,\"height\":800,\"caption\":\"Em corrida com bandeira vermelha e duas largadas, Antonelli sai do fundo do grid para vencer o GP da It\\u00e1lia\"},\"primaryImageOfPage\":{\"@id\":\"https:\\\/\\\/acontecenafronteira.com.br\\\/index.php\\\/2026\\\/09\\\/06\\\/antonelli-vence-gp-da-italia-apos-largar-em-19o\\\/#mainImage\"},\"datePublished\":\"2026-09-06T12:37:17-03:00\",\"dateModified\":\"2026-09-06T12:37:17-03:00\"},{\"@type\":\"WebSite\",\"@id\":\"https:\\\/\\\/acontecenafronteira.com.br\\\/#website\",\"url\":\"https:\\\/\\\/acontecenafronteira.com.br\\\/\",\"name\":\"Acontece Na Fronteira\",\"description\":\"Noticias da Triplice Fronteira\",\"inLanguage\":\"pt-PT\",\"publisher\":{\"@id\":\"https:\\\/\\\/acontecenafronteira.com.br\\\/#organization\"}}]}\n\t\t<\/script>\n\t\t<!-- All in One SEO -->\n\n","aioseo_head_json":{"title":"Antonelli vence GP da It\u00e1lia ap\u00f3s largar em 19\u00ba - Acontece Na Fronteira","description":"O aut\u00f3dromo de Monza foi palco de uma das vit\u00f3rias mais marcantes da temporada da F\u00f3rmula 1, conquistada pelo piloto local Kimi Antonelli, da Mercedes, ap\u00f3s uma espetacular prova de recupera\u00e7\u00e3o no Grande Pr\u00eamio da It\u00e1lia. Corrida emocionante em Monza A prova foi marcada por altas doses de adrenalina, incluindo uma interrup\u00e7\u00e3o com bandeira vermelha","canonical_url":"https:\/\/acontecenafronteira.com.br\/index.php\/2026\/09\/06\/antonelli-vence-gp-da-italia-apos-largar-em-19o\/","robots":"max-image-preview:large","keywords":"","webmasterTools":{"miscellaneous":""},"schema":{"@context":"https:\/\/schema.org","@graph":[{"@type":"BlogPosting","@id":"https:\/\/acontecenafronteira.com.br\/index.php\/2026\/09\/06\/antonelli-vence-gp-da-italia-apos-largar-em-19o\/#blogposting","name":"Antonelli vence GP da It\u00e1lia ap\u00f3s largar em 19\u00ba - Acontece Na Fronteira","headline":"Antonelli vence GP da It\u00e1lia ap\u00f3s largar em 19\u00ba","author":{"@id":"https:\/\/acontecenafronteira.com.br\/index.php\/author\/#author"},"publisher":{"@id":"https:\/\/acontecenafronteira.com.br\/#organization"},"image":{"@type":"ImageObject","url":"https:\/\/acontecenafronteira.com.br\/wp-content\/uploads\/2026\/09\/em-corrida-com-bandeira-vermelha-e-duas-largadas-antonelli-sai-do-fundo-do-grid-para-vencer-o-gp-da-italia-1788709036.jpg?v=1788709037","width":1200,"height":800,"caption":"Em corrida com bandeira vermelha e duas largadas, Antonelli sai do fundo do grid para vencer o GP da It\u00e1lia"},"datePublished":"2026-09-06T12:37:17-03:00","dateModified":"2026-09-06T12:37:17-03:00","inLanguage":"pt-PT","mainEntityOfPage":{"@id":"https:\/\/acontecenafronteira.com.br\/index.php\/2026\/09\/06\/antonelli-vence-gp-da-italia-apos-largar-em-19o\/#webpage"},"isPartOf":{"@id":"https:\/\/acontecenafronteira.com.br\/index.php\/2026\/09\/06\/antonelli-vence-gp-da-italia-apos-largar-em-19o\/#webpage"},"articleSection":"Mundo"},{"@type":"BreadcrumbList","@id":"https:\/\/acontecenafronteira.com.br\/index.php\/2026\/09\/06\/antonelli-vence-gp-da-italia-apos-largar-em-19o\/#breadcrumblist","itemListElement":[{"@type":"ListItem","@id":"https:\/\/acontecenafronteira.com.br#listItem","position":1,"name":"Home","item":"https:\/\/acontecenafronteira.com.br","nextItem":{"@type":"ListItem","@id":"https:\/\/acontecenafronteira.com.br\/index.php\/category\/mundo\/#listItem","name":"Mundo"}},{"@type":"ListItem","@id":"https:\/\/acontecenafronteira.com.br\/index.php\/category\/mundo\/#listItem","position":2,"name":"Mundo","item":"https:\/\/acontecenafronteira.com.br\/index.php\/category\/mundo\/","nextItem":{"@type":"ListItem","@id":"https:\/\/acontecenafronteira.com.br\/index.php\/2026\/09\/06\/antonelli-vence-gp-da-italia-apos-largar-em-19o\/#listItem","name":"Antonelli vence GP da It\u00e1lia ap\u00f3s largar em 19\u00ba"},"previousItem":{"@type":"ListItem","@id":"https:\/\/acontecenafronteira.com.br#listItem","name":"Home"}},{"@type":"ListItem","@id":"https:\/\/acontecenafronteira.com.br\/index.php\/2026\/09\/06\/antonelli-vence-gp-da-italia-apos-largar-em-19o\/#listItem","position":3,"name":"Antonelli vence GP da It\u00e1lia ap\u00f3s largar em 19\u00ba","previousItem":{"@type":"ListItem","@id":"https:\/\/acontecenafronteira.com.br\/index.php\/category\/mundo\/#listItem","name":"Mundo"}}]},{"@type":"Organization","@id":"https:\/\/acontecenafronteira.com.br\/#organization","name":"Acontece Na Fronteira","description":"Noticias da Triplice Fronteira","url":"https:\/\/acontecenafronteira.com.br\/","logo":{"@type":"ImageObject","url":"https:\/\/acontecenafronteira.com.br\/wp-content\/uploads\/2021\/11\/logo-acontece-1.jpg","@id":"https:\/\/acontecenafronteira.com.br\/index.php\/2026\/09\/06\/antonelli-vence-gp-da-italia-apos-largar-em-19o\/#organizationLogo","width":519,"height":134},"image":{"@id":"https:\/\/acontecenafronteira.com.br\/index.php\/2026\/09\/06\/antonelli-vence-gp-da-italia-apos-largar-em-19o\/#organizationLogo"}},{"@type":"WebPage","@id":"https:\/\/acontecenafronteira.com.br\/index.php\/2026\/09\/06\/antonelli-vence-gp-da-italia-apos-largar-em-19o\/#webpage","url":"https:\/\/acontecenafronteira.com.br\/index.php\/2026\/09\/06\/antonelli-vence-gp-da-italia-apos-largar-em-19o\/","name":"Antonelli vence GP da It\u00e1lia ap\u00f3s largar em 19\u00ba - Acontece Na Fronteira","description":"O aut\u00f3dromo de Monza foi palco de uma das vit\u00f3rias mais marcantes da temporada da F\u00f3rmula 1, conquistada pelo piloto local Kimi Antonelli, da Mercedes, ap\u00f3s uma espetacular prova de recupera\u00e7\u00e3o no Grande Pr\u00eamio da It\u00e1lia. Corrida emocionante em Monza A prova foi marcada por altas doses de adrenalina, incluindo uma interrup\u00e7\u00e3o com bandeira vermelha","inLanguage":"pt-PT","isPartOf":{"@id":"https:\/\/acontecenafronteira.com.br\/#website"},"breadcrumb":{"@id":"https:\/\/acontecenafronteira.com.br\/index.php\/2026\/09\/06\/antonelli-vence-gp-da-italia-apos-largar-em-19o\/#breadcrumblist"},"author":{"@id":"https:\/\/acontecenafronteira.com.br\/index.php\/author\/#author"},"creator":{"@id":"https:\/\/acontecenafronteira.com.br\/index.php\/author\/#author"},"image":{"@type":"ImageObject","url":"https:\/\/acontecenafronteira.com.br\/wp-content\/uploads\/2026\/09\/em-corrida-com-bandeira-vermelha-e-duas-largadas-antonelli-sai-do-fundo-do-grid-para-vencer-o-gp-da-italia-1788709036.jpg?v=1788709037","@id":"https:\/\/acontecenafronteira.com.br\/index.php\/2026\/09\/06\/antonelli-vence-gp-da-italia-apos-largar-em-19o\/#mainImage","width":1200,"height":800,"caption":"Em corrida com bandeira vermelha e duas largadas, Antonelli sai do fundo do grid para vencer o GP da It\u00e1lia"},"primaryImageOfPage":{"@id":"https:\/\/acontecenafronteira.com.br\/index.php\/2026\/09\/06\/antonelli-vence-gp-da-italia-apos-largar-em-19o\/#mainImage"},"datePublished":"2026-09-06T12:37:17-03:00","dateModified":"2026-09-06T12:37:17-03:00"},{"@type":"WebSite","@id":"https:\/\/acontecenafronteira.com.br\/#website","url":"https:\/\/acontecenafronteira.com.br\/","name":"Acontece Na Fronteira","description":"Noticias da Triplice Fronteira","inLanguage":"pt-PT","publisher":{"@id":"https:\/\/acontecenafronteira.com.br\/#organization"}}]},"og:locale":"pt_PT","og:site_name":"Acontece Na Fronteira - Noticias da Triplice Fronteira","og:type":"article","og:title":"Antonelli vence GP da It\u00e1lia ap\u00f3s largar em 19\u00ba - Acontece Na Fronteira","og:description":"O aut\u00f3dromo de Monza foi palco de uma das vit\u00f3rias mais marcantes da temporada da F\u00f3rmula 1, conquistada pelo piloto local Kimi Antonelli, da Mercedes, ap\u00f3s uma espetacular prova de recupera\u00e7\u00e3o no Grande Pr\u00eamio da It\u00e1lia. Corrida emocionante em Monza A prova foi marcada por altas doses de adrenalina, incluindo uma interrup\u00e7\u00e3o com bandeira vermelha","og:url":"https:\/\/acontecenafronteira.com.br\/index.php\/2026\/09\/06\/antonelli-vence-gp-da-italia-apos-largar-em-19o\/","og:image":"https:\/\/acontecenafronteira.com.br\/wp-content\/uploads\/2021\/11\/logo-acontece-1.jpg","og:image:secure_url":"https:\/\/acontecenafronteira.com.br\/wp-content\/uploads\/2021\/11\/logo-acontece-1.jpg","article:published_time":"2026-09-06T15:37:17+00:00","article:modified_time":"2026-09-06T15:37:17+00:00","twitter:card":"summary_large_image","twitter:title":"Antonelli vence GP da It\u00e1lia ap\u00f3s largar em 19\u00ba - Acontece Na Fronteira","twitter:description":"O aut\u00f3dromo de Monza foi palco de uma das vit\u00f3rias mais marcantes da temporada da F\u00f3rmula 1, conquistada pelo piloto local Kimi Antonelli, da Mercedes, ap\u00f3s uma espetacular prova de recupera\u00e7\u00e3o no Grande Pr\u00eamio da It\u00e1lia. Corrida emocionante em Monza A prova foi marcada por altas doses de adrenalina, incluindo uma interrup\u00e7\u00e3o com bandeira vermelha","twitter:image":"https:\/\/acontecenafronteira.com.br\/wp-content\/uploads\/2021\/11\/logo-acontece-1.jpg"},"aioseo_meta_data":[],"aioseo_breadcrumb":"<div class=\"aioseo-breadcrumbs\"><span class=\"aioseo-breadcrumb\">\n\t\t\t<a href=\"https:\/\/acontecenafronteira.com.br\" title=\"Home\">Home<\/a>\n\t\t<\/span><span class=\"aioseo-breadcrumb-separator\">&raquo;<\/span><span class=\"aioseo-breadcrumb\">\n\t\t\t<a href=\"https:\/\/acontecenafronteira.com.br\/index.php\/category\/mundo\/\" title=\"Mundo\">Mundo<\/a>\n\t\t<\/span><span class=\"aioseo-breadcrumb-separator\">&raquo;<\/span><span class=\"aioseo-breadcrumb\">\n\t\t\tAntonelli vence GP da It\u00e1lia ap\u00f3s largar em 19\u00ba\n\t\t<\/span><\/div>","aioseo_breadcrumb_json":[{"label":"Home","link":"https:\/\/acontecenafronteira.com.br"},{"label":"Mundo","link":"https:\/\/acontecenafronteira.com.br\/index.php\/category\/mundo\/"},{"label":"Antonelli vence GP da It\u00e1lia ap\u00f3s largar em 19\u00ba","link":"https:\/\/acontecenafronteira.com.br\/index.php\/2026\/09\/06\/antonelli-vence-gp-da-italia-apos-largar-em-19o\/"}],"_links":{"self":[{"href":"https:\/\/acontecenafronteira.com.br\/index.php\/wp-json\/wp\/v2\/posts\/36800","targetHints":{"allow":["GET"]}}],"collection":[{"href":"https:\/\/acontecenafronteira.com.br\/index.php\/wp-json\/wp\/v2\/posts"}],"about":[{"href":"https:\/\/acontecenafronteira.com.br\/index.php\/wp-json\/wp\/v2\/types\/post"}],"replies":[{"embeddable":true,"href":"https:\/\/acontecenafronteira.com.br\/index.php\/wp-json\/wp\/v2\/comments?post=36800"}],"version-history":[{"count":1,"href":"https:\/\/acontecenafronteira.com.br\/index.php\/wp-json\/wp\/v2\/posts\/36800\/revisions"}],"predecessor-version":[{"id":36805,"href":"https:\/\/acontecenafronteira.com.br\/index.php\/wp-json\/wp\/v2\/posts\/36800\/revisions\/36805"}],"wp:featuredmedia":[{"embeddable":true,"href":"https:\/\/acontecenafronteira.com.br\/index.php\/wp-json\/wp\/v2\/media\/36806"}],"wp:attachment":[{"href":"https:\/\/acontecenafronteira.com.br\/index.php\/wp-json\/wp\/v2\/media?parent=36800"}],"wp:term":[{"taxonomy":"category","embeddable":true,"href":"https:\/\/acontecenafronteira.com.br\/index.php\/wp-json\/wp\/v2\/categories?post=36800"},{"taxonomy":"post_tag","embeddable":true,"href":"https:\/\/acontecenafronteira.com.br\/index.php\/wp-json\/wp\/v2\/tags?post=36800"}],"curies":[{"name":"wp","href":"https:\/\/api.w.org\/{rel}","templated":true}]}}