{"id":36789,"date":"2026-09-06T12:37:05","date_gmt":"2026-09-06T15:37:05","guid":{"rendered":"https:\/\/acontecenafronteira.com.br\/?p=36789"},"modified":"2026-09-06T12:37:05","modified_gmt":"2026-09-06T15:37:05","slug":"simepar-emite-alerta-de-geada-no-parana-para-o-feriado","status":"publish","type":"post","link":"https:\/\/acontecenafronteira.com.br\/index.php\/2026\/09\/06\/simepar-emite-alerta-de-geada-no-parana-para-o-feriado\/","title":{"rendered":"Simepar emite alerta de geada no Paran\u00e1 para o feriado"},"content":{"rendered":"<p>O Sistema de Tecnologia e Monitoramento Ambiental do Paran\u00e1 (Simepar) emitiu um aviso meteorol\u00f3gico alertando para a forma\u00e7\u00e3o de geada em diversas regi\u00f5es paranaenses durante a madrugada entre domingo (6) e a segunda-feira (7), data em que se comemora o feriado da Independ\u00eancia do Brasil.<\/p>\n<h2>Previs\u00e3o de frio intenso no feriado<\/h2>\n<p>A virada de domingo para segunda-feira ser\u00e1 marcada por temperaturas bastante baixas no estado, exigindo aten\u00e7\u00e3o da popula\u00e7\u00e3o, agricultores e viajantes que aproveitam o feriado prolongado em territ\u00f3rio paranaense.<\/p>\n<p>O \u00f3rg\u00e3o estadual de meteorologia destaca que as condi\u00e7\u00f5es atmosf\u00e9ricas favorecem a queda acentuada dos term\u00f4metros logo nas primeiras horas do dia, criando o cen\u00e1rio ideal para o fen\u00f4meno da geada.<\/p>\n<h2>Cuidados com a agricultura e sensibilidade t\u00e9rmica<\/h2>\n<p>Produtores rurais devem redobrar os cuidados com lavouras sens\u00edveis ao frio extremo, visto que a geada pode causar preju\u00edzos significativos em culturas agr\u00edcolas pelo interior do estado.<\/p>\n<p>As autoridades recomendam que os moradores acompanhem as atualiza\u00e7\u00f5es di\u00e1rias da previs\u00e3o do tempo fornecidas pelos \u00f3rg\u00e3os oficiais para se protegerem adequadamente das baixas temperaturas previstas para o feriado de 7 de Setembro.<\/p>\n<p>Por Reda\u00e7\u00e3o Acontece<\/p>\n<p>Foto: Simepar \/ Divulga\u00e7\u00e3o<\/p>\n","protected":false},"excerpt":{"rendered":"<p>O Sistema de Tecnologia e Monitoramento Ambiental do Paran\u00e1 (Simepar) emitiu um aviso meteorol\u00f3gico alertando para a forma\u00e7\u00e3o de geada em diversas regi\u00f5es paranaenses durante a madrugada entre domingo (6) e a segunda-feira (7), data em que se comemora o feriado da Independ\u00eancia do Brasil. Previs\u00e3o de frio intenso no feriado A virada de domingo [&hellip;]<\/p>\n","protected":false},"author":0,"featured_media":36799,"comment_status":"open","ping_status":"open","sticky":false,"template":"","format":"standard","meta":{"_monsterinsights_skip_tracking":false,"_uf_show_specific_survey":0,"_uf_disable_surveys":false,"footnotes":""},"categories":[18],"tags":[],"class_list":["post-36789","post","type-post","status-publish","format-standard","has-post-thumbnail","hentry","category-parana"],"aioseo_notices":[],"aioseo_head":"\n\t\t<!-- All in One SEO 5.0.1.1 - aioseo.com -->\n\t<meta name=\"description\" content=\"O Sistema de Tecnologia e Monitoramento Ambiental do Paran\u00e1 (Simepar) emitiu um aviso meteorol\u00f3gico alertando para a forma\u00e7\u00e3o de geada em diversas regi\u00f5es paranaenses durante a madrugada entre domingo (6) e a segunda-feira (7), data em que se comemora o feriado da Independ\u00eancia do Brasil. Previs\u00e3o de frio intenso no feriado A virada de domingo\" \/>\n\t<meta name=\"robots\" content=\"max-image-preview:large\" \/>\n\t<link rel=\"canonical\" href=\"https:\/\/acontecenafronteira.com.br\/index.php\/2026\/09\/06\/simepar-emite-alerta-de-geada-no-parana-para-o-feriado\/\" \/>\n\t<meta name=\"generator\" content=\"All in One SEO (AIOSEO) 5.0.1.1\" \/>\n\t\t<meta property=\"og:locale\" content=\"pt_PT\" \/>\n\t\t<meta property=\"og:site_name\" content=\"Acontece Na Fronteira - Noticias da Triplice Fronteira\" \/>\n\t\t<meta property=\"og:type\" content=\"article\" \/>\n\t\t<meta property=\"og:title\" content=\"Simepar emite alerta de geada no Paran\u00e1 para o feriado - Acontece Na Fronteira\" \/>\n\t\t<meta property=\"og:description\" content=\"O Sistema de Tecnologia e Monitoramento Ambiental do Paran\u00e1 (Simepar) emitiu um aviso meteorol\u00f3gico alertando para a forma\u00e7\u00e3o de geada em diversas regi\u00f5es paranaenses durante a madrugada entre domingo (6) e a segunda-feira (7), data em que se comemora o feriado da Independ\u00eancia do Brasil. Previs\u00e3o de frio intenso no feriado A virada de domingo\" \/>\n\t\t<meta property=\"og:url\" content=\"https:\/\/acontecenafronteira.com.br\/index.php\/2026\/09\/06\/simepar-emite-alerta-de-geada-no-parana-para-o-feriado\/\" \/>\n\t\t<meta property=\"og:image\" content=\"https:\/\/acontecenafronteira.com.br\/wp-content\/uploads\/2021\/11\/logo-acontece-1.jpg\" \/>\n\t\t<meta property=\"og:image:secure_url\" content=\"https:\/\/acontecenafronteira.com.br\/wp-content\/uploads\/2021\/11\/logo-acontece-1.jpg\" \/>\n\t\t<meta property=\"article:published_time\" content=\"2026-09-06T15:37:05+00:00\" \/>\n\t\t<meta property=\"article:modified_time\" content=\"2026-09-06T15:37:05+00:00\" \/>\n\t\t<meta name=\"twitter:card\" content=\"summary_large_image\" \/>\n\t\t<meta name=\"twitter:title\" content=\"Simepar emite alerta de geada no Paran\u00e1 para o feriado - Acontece Na Fronteira\" \/>\n\t\t<meta name=\"twitter:description\" content=\"O Sistema de Tecnologia e Monitoramento Ambiental do Paran\u00e1 (Simepar) emitiu um aviso meteorol\u00f3gico alertando para a forma\u00e7\u00e3o de geada em diversas regi\u00f5es paranaenses durante a madrugada entre domingo (6) e a segunda-feira (7), data em que se comemora o feriado da Independ\u00eancia do Brasil. Previs\u00e3o de frio intenso no feriado A virada de domingo\" \/>\n\t\t<meta name=\"twitter:image\" content=\"https:\/\/acontecenafronteira.com.br\/wp-content\/uploads\/2021\/11\/logo-acontece-1.jpg\" \/>\n\t\t<script type=\"application\/ld+json\" class=\"aioseo-schema\">\n\t\t\t{\"@context\":\"https:\\\/\\\/schema.org\",\"@graph\":[{\"@type\":\"BlogPosting\",\"@id\":\"https:\\\/\\\/acontecenafronteira.com.br\\\/index.php\\\/2026\\\/09\\\/06\\\/simepar-emite-alerta-de-geada-no-parana-para-o-feriado\\\/#blogposting\",\"name\":\"Simepar emite alerta de geada no Paran\\u00e1 para o feriado - Acontece Na Fronteira\",\"headline\":\"Simepar emite alerta de geada no Paran\\u00e1 para o feriado\",\"author\":{\"@id\":\"https:\\\/\\\/acontecenafronteira.com.br\\\/index.php\\\/author\\\/#author\"},\"publisher\":{\"@id\":\"https:\\\/\\\/acontecenafronteira.com.br\\\/#organization\"},\"image\":{\"@type\":\"ImageObject\",\"url\":\"https:\\\/\\\/acontecenafronteira.com.br\\\/wp-content\\\/uploads\\\/2026\\\/09\\\/simepar-alerta-para-geada-no-parana-na-madrugada-de-segunda-feira-1788709025.jpg?v=1788709025\",\"width\":730,\"height\":400,\"caption\":\"Simepar alerta para geada no Paran\\u00e1 na madrugada de segunda-feira\"},\"datePublished\":\"2026-09-06T12:37:05-03:00\",\"dateModified\":\"2026-09-06T12:37:05-03:00\",\"inLanguage\":\"pt-PT\",\"mainEntityOfPage\":{\"@id\":\"https:\\\/\\\/acontecenafronteira.com.br\\\/index.php\\\/2026\\\/09\\\/06\\\/simepar-emite-alerta-de-geada-no-parana-para-o-feriado\\\/#webpage\"},\"isPartOf\":{\"@id\":\"https:\\\/\\\/acontecenafronteira.com.br\\\/index.php\\\/2026\\\/09\\\/06\\\/simepar-emite-alerta-de-geada-no-parana-para-o-feriado\\\/#webpage\"},\"articleSection\":\"Paran\\u00e1\"},{\"@type\":\"BreadcrumbList\",\"@id\":\"https:\\\/\\\/acontecenafronteira.com.br\\\/index.php\\\/2026\\\/09\\\/06\\\/simepar-emite-alerta-de-geada-no-parana-para-o-feriado\\\/#breadcrumblist\",\"itemListElement\":[{\"@type\":\"ListItem\",\"@id\":\"https:\\\/\\\/acontecenafronteira.com.br#listItem\",\"position\":1,\"name\":\"Home\",\"item\":\"https:\\\/\\\/acontecenafronteira.com.br\",\"nextItem\":{\"@type\":\"ListItem\",\"@id\":\"https:\\\/\\\/acontecenafronteira.com.br\\\/index.php\\\/category\\\/parana\\\/#listItem\",\"name\":\"Paran\\u00e1\"}},{\"@type\":\"ListItem\",\"@id\":\"https:\\\/\\\/acontecenafronteira.com.br\\\/index.php\\\/category\\\/parana\\\/#listItem\",\"position\":2,\"name\":\"Paran\\u00e1\",\"item\":\"https:\\\/\\\/acontecenafronteira.com.br\\\/index.php\\\/category\\\/parana\\\/\",\"nextItem\":{\"@type\":\"ListItem\",\"@id\":\"https:\\\/\\\/acontecenafronteira.com.br\\\/index.php\\\/2026\\\/09\\\/06\\\/simepar-emite-alerta-de-geada-no-parana-para-o-feriado\\\/#listItem\",\"name\":\"Simepar emite alerta de geada no Paran\\u00e1 para o feriado\"},\"previousItem\":{\"@type\":\"ListItem\",\"@id\":\"https:\\\/\\\/acontecenafronteira.com.br#listItem\",\"name\":\"Home\"}},{\"@type\":\"ListItem\",\"@id\":\"https:\\\/\\\/acontecenafronteira.com.br\\\/index.php\\\/2026\\\/09\\\/06\\\/simepar-emite-alerta-de-geada-no-parana-para-o-feriado\\\/#listItem\",\"position\":3,\"name\":\"Simepar emite alerta de geada no Paran\\u00e1 para o feriado\",\"previousItem\":{\"@type\":\"ListItem\",\"@id\":\"https:\\\/\\\/acontecenafronteira.com.br\\\/index.php\\\/category\\\/parana\\\/#listItem\",\"name\":\"Paran\\u00e1\"}}]},{\"@type\":\"Organization\",\"@id\":\"https:\\\/\\\/acontecenafronteira.com.br\\\/#organization\",\"name\":\"Acontece Na Fronteira\",\"description\":\"Noticias da Triplice Fronteira\",\"url\":\"https:\\\/\\\/acontecenafronteira.com.br\\\/\",\"logo\":{\"@type\":\"ImageObject\",\"url\":\"https:\\\/\\\/acontecenafronteira.com.br\\\/wp-content\\\/uploads\\\/2021\\\/11\\\/logo-acontece-1.jpg\",\"@id\":\"https:\\\/\\\/acontecenafronteira.com.br\\\/index.php\\\/2026\\\/09\\\/06\\\/simepar-emite-alerta-de-geada-no-parana-para-o-feriado\\\/#organizationLogo\",\"width\":519,\"height\":134},\"image\":{\"@id\":\"https:\\\/\\\/acontecenafronteira.com.br\\\/index.php\\\/2026\\\/09\\\/06\\\/simepar-emite-alerta-de-geada-no-parana-para-o-feriado\\\/#organizationLogo\"}},{\"@type\":\"WebPage\",\"@id\":\"https:\\\/\\\/acontecenafronteira.com.br\\\/index.php\\\/2026\\\/09\\\/06\\\/simepar-emite-alerta-de-geada-no-parana-para-o-feriado\\\/#webpage\",\"url\":\"https:\\\/\\\/acontecenafronteira.com.br\\\/index.php\\\/2026\\\/09\\\/06\\\/simepar-emite-alerta-de-geada-no-parana-para-o-feriado\\\/\",\"name\":\"Simepar emite alerta de geada no Paran\\u00e1 para o feriado - Acontece Na Fronteira\",\"description\":\"O Sistema de Tecnologia e Monitoramento Ambiental do Paran\\u00e1 (Simepar) emitiu um aviso meteorol\\u00f3gico alertando para a forma\\u00e7\\u00e3o de geada em diversas regi\\u00f5es paranaenses durante a madrugada entre domingo (6) e a segunda-feira (7), data em que se comemora o feriado da Independ\\u00eancia do Brasil. Previs\\u00e3o de frio intenso no feriado A virada de domingo\",\"inLanguage\":\"pt-PT\",\"isPartOf\":{\"@id\":\"https:\\\/\\\/acontecenafronteira.com.br\\\/#website\"},\"breadcrumb\":{\"@id\":\"https:\\\/\\\/acontecenafronteira.com.br\\\/index.php\\\/2026\\\/09\\\/06\\\/simepar-emite-alerta-de-geada-no-parana-para-o-feriado\\\/#breadcrumblist\"},\"author\":{\"@id\":\"https:\\\/\\\/acontecenafronteira.com.br\\\/index.php\\\/author\\\/#author\"},\"creator\":{\"@id\":\"https:\\\/\\\/acontecenafronteira.com.br\\\/index.php\\\/author\\\/#author\"},\"image\":{\"@type\":\"ImageObject\",\"url\":\"https:\\\/\\\/acontecenafronteira.com.br\\\/wp-content\\\/uploads\\\/2026\\\/09\\\/simepar-alerta-para-geada-no-parana-na-madrugada-de-segunda-feira-1788709025.jpg?v=1788709025\",\"@id\":\"https:\\\/\\\/acontecenafronteira.com.br\\\/index.php\\\/2026\\\/09\\\/06\\\/simepar-emite-alerta-de-geada-no-parana-para-o-feriado\\\/#mainImage\",\"width\":730,\"height\":400,\"caption\":\"Simepar alerta para geada no Paran\\u00e1 na madrugada de segunda-feira\"},\"primaryImageOfPage\":{\"@id\":\"https:\\\/\\\/acontecenafronteira.com.br\\\/index.php\\\/2026\\\/09\\\/06\\\/simepar-emite-alerta-de-geada-no-parana-para-o-feriado\\\/#mainImage\"},\"datePublished\":\"2026-09-06T12:37:05-03:00\",\"dateModified\":\"2026-09-06T12:37:05-03:00\"},{\"@type\":\"WebSite\",\"@id\":\"https:\\\/\\\/acontecenafronteira.com.br\\\/#website\",\"url\":\"https:\\\/\\\/acontecenafronteira.com.br\\\/\",\"name\":\"Acontece Na Fronteira\",\"description\":\"Noticias da Triplice Fronteira\",\"inLanguage\":\"pt-PT\",\"publisher\":{\"@id\":\"https:\\\/\\\/acontecenafronteira.com.br\\\/#organization\"}}]}\n\t\t<\/script>\n\t\t<!-- All in One SEO -->\n\n","aioseo_head_json":{"title":"Simepar emite alerta de geada no Paran\u00e1 para o feriado - Acontece Na Fronteira","description":"O Sistema de Tecnologia e Monitoramento Ambiental do Paran\u00e1 (Simepar) emitiu um aviso meteorol\u00f3gico alertando para a forma\u00e7\u00e3o de geada em diversas regi\u00f5es paranaenses durante a madrugada entre domingo (6) e a segunda-feira (7), data em que se comemora o feriado da Independ\u00eancia do Brasil. Previs\u00e3o de frio intenso no feriado A virada de domingo","canonical_url":"https:\/\/acontecenafronteira.com.br\/index.php\/2026\/09\/06\/simepar-emite-alerta-de-geada-no-parana-para-o-feriado\/","robots":"max-image-preview:large","keywords":"","webmasterTools":{"miscellaneous":""},"schema":{"@context":"https:\/\/schema.org","@graph":[{"@type":"BlogPosting","@id":"https:\/\/acontecenafronteira.com.br\/index.php\/2026\/09\/06\/simepar-emite-alerta-de-geada-no-parana-para-o-feriado\/#blogposting","name":"Simepar emite alerta de geada no Paran\u00e1 para o feriado - Acontece Na Fronteira","headline":"Simepar emite alerta de geada no Paran\u00e1 para o feriado","author":{"@id":"https:\/\/acontecenafronteira.com.br\/index.php\/author\/#author"},"publisher":{"@id":"https:\/\/acontecenafronteira.com.br\/#organization"},"image":{"@type":"ImageObject","url":"https:\/\/acontecenafronteira.com.br\/wp-content\/uploads\/2026\/09\/simepar-alerta-para-geada-no-parana-na-madrugada-de-segunda-feira-1788709025.jpg?v=1788709025","width":730,"height":400,"caption":"Simepar alerta para geada no Paran\u00e1 na madrugada de segunda-feira"},"datePublished":"2026-09-06T12:37:05-03:00","dateModified":"2026-09-06T12:37:05-03:00","inLanguage":"pt-PT","mainEntityOfPage":{"@id":"https:\/\/acontecenafronteira.com.br\/index.php\/2026\/09\/06\/simepar-emite-alerta-de-geada-no-parana-para-o-feriado\/#webpage"},"isPartOf":{"@id":"https:\/\/acontecenafronteira.com.br\/index.php\/2026\/09\/06\/simepar-emite-alerta-de-geada-no-parana-para-o-feriado\/#webpage"},"articleSection":"Paran\u00e1"},{"@type":"BreadcrumbList","@id":"https:\/\/acontecenafronteira.com.br\/index.php\/2026\/09\/06\/simepar-emite-alerta-de-geada-no-parana-para-o-feriado\/#breadcrumblist","itemListElement":[{"@type":"ListItem","@id":"https:\/\/acontecenafronteira.com.br#listItem","position":1,"name":"Home","item":"https:\/\/acontecenafronteira.com.br","nextItem":{"@type":"ListItem","@id":"https:\/\/acontecenafronteira.com.br\/index.php\/category\/parana\/#listItem","name":"Paran\u00e1"}},{"@type":"ListItem","@id":"https:\/\/acontecenafronteira.com.br\/index.php\/category\/parana\/#listItem","position":2,"name":"Paran\u00e1","item":"https:\/\/acontecenafronteira.com.br\/index.php\/category\/parana\/","nextItem":{"@type":"ListItem","@id":"https:\/\/acontecenafronteira.com.br\/index.php\/2026\/09\/06\/simepar-emite-alerta-de-geada-no-parana-para-o-feriado\/#listItem","name":"Simepar emite alerta de geada no Paran\u00e1 para o feriado"},"previousItem":{"@type":"ListItem","@id":"https:\/\/acontecenafronteira.com.br#listItem","name":"Home"}},{"@type":"ListItem","@id":"https:\/\/acontecenafronteira.com.br\/index.php\/2026\/09\/06\/simepar-emite-alerta-de-geada-no-parana-para-o-feriado\/#listItem","position":3,"name":"Simepar emite alerta de geada no Paran\u00e1 para o feriado","previousItem":{"@type":"ListItem","@id":"https:\/\/acontecenafronteira.com.br\/index.php\/category\/parana\/#listItem","name":"Paran\u00e1"}}]},{"@type":"Organization","@id":"https:\/\/acontecenafronteira.com.br\/#organization","name":"Acontece Na Fronteira","description":"Noticias da Triplice Fronteira","url":"https:\/\/acontecenafronteira.com.br\/","logo":{"@type":"ImageObject","url":"https:\/\/acontecenafronteira.com.br\/wp-content\/uploads\/2021\/11\/logo-acontece-1.jpg","@id":"https:\/\/acontecenafronteira.com.br\/index.php\/2026\/09\/06\/simepar-emite-alerta-de-geada-no-parana-para-o-feriado\/#organizationLogo","width":519,"height":134},"image":{"@id":"https:\/\/acontecenafronteira.com.br\/index.php\/2026\/09\/06\/simepar-emite-alerta-de-geada-no-parana-para-o-feriado\/#organizationLogo"}},{"@type":"WebPage","@id":"https:\/\/acontecenafronteira.com.br\/index.php\/2026\/09\/06\/simepar-emite-alerta-de-geada-no-parana-para-o-feriado\/#webpage","url":"https:\/\/acontecenafronteira.com.br\/index.php\/2026\/09\/06\/simepar-emite-alerta-de-geada-no-parana-para-o-feriado\/","name":"Simepar emite alerta de geada no Paran\u00e1 para o feriado - Acontece Na Fronteira","description":"O Sistema de Tecnologia e Monitoramento Ambiental do Paran\u00e1 (Simepar) emitiu um aviso meteorol\u00f3gico alertando para a forma\u00e7\u00e3o de geada em diversas regi\u00f5es paranaenses durante a madrugada entre domingo (6) e a segunda-feira (7), data em que se comemora o feriado da Independ\u00eancia do Brasil. Previs\u00e3o de frio intenso no feriado A virada de domingo","inLanguage":"pt-PT","isPartOf":{"@id":"https:\/\/acontecenafronteira.com.br\/#website"},"breadcrumb":{"@id":"https:\/\/acontecenafronteira.com.br\/index.php\/2026\/09\/06\/simepar-emite-alerta-de-geada-no-parana-para-o-feriado\/#breadcrumblist"},"author":{"@id":"https:\/\/acontecenafronteira.com.br\/index.php\/author\/#author"},"creator":{"@id":"https:\/\/acontecenafronteira.com.br\/index.php\/author\/#author"},"image":{"@type":"ImageObject","url":"https:\/\/acontecenafronteira.com.br\/wp-content\/uploads\/2026\/09\/simepar-alerta-para-geada-no-parana-na-madrugada-de-segunda-feira-1788709025.jpg?v=1788709025","@id":"https:\/\/acontecenafronteira.com.br\/index.php\/2026\/09\/06\/simepar-emite-alerta-de-geada-no-parana-para-o-feriado\/#mainImage","width":730,"height":400,"caption":"Simepar alerta para geada no Paran\u00e1 na madrugada de segunda-feira"},"primaryImageOfPage":{"@id":"https:\/\/acontecenafronteira.com.br\/index.php\/2026\/09\/06\/simepar-emite-alerta-de-geada-no-parana-para-o-feriado\/#mainImage"},"datePublished":"2026-09-06T12:37:05-03:00","dateModified":"2026-09-06T12:37:05-03:00"},{"@type":"WebSite","@id":"https:\/\/acontecenafronteira.com.br\/#website","url":"https:\/\/acontecenafronteira.com.br\/","name":"Acontece Na Fronteira","description":"Noticias da Triplice Fronteira","inLanguage":"pt-PT","publisher":{"@id":"https:\/\/acontecenafronteira.com.br\/#organization"}}]},"og:locale":"pt_PT","og:site_name":"Acontece Na Fronteira - Noticias da Triplice Fronteira","og:type":"article","og:title":"Simepar emite alerta de geada no Paran\u00e1 para o feriado - Acontece Na Fronteira","og:description":"O Sistema de Tecnologia e Monitoramento Ambiental do Paran\u00e1 (Simepar) emitiu um aviso meteorol\u00f3gico alertando para a forma\u00e7\u00e3o de geada em diversas regi\u00f5es paranaenses durante a madrugada entre domingo (6) e a segunda-feira (7), data em que se comemora o feriado da Independ\u00eancia do Brasil. Previs\u00e3o de frio intenso no feriado A virada de domingo","og:url":"https:\/\/acontecenafronteira.com.br\/index.php\/2026\/09\/06\/simepar-emite-alerta-de-geada-no-parana-para-o-feriado\/","og:image":"https:\/\/acontecenafronteira.com.br\/wp-content\/uploads\/2021\/11\/logo-acontece-1.jpg","og:image:secure_url":"https:\/\/acontecenafronteira.com.br\/wp-content\/uploads\/2021\/11\/logo-acontece-1.jpg","article:published_time":"2026-09-06T15:37:05+00:00","article:modified_time":"2026-09-06T15:37:05+00:00","twitter:card":"summary_large_image","twitter:title":"Simepar emite alerta de geada no Paran\u00e1 para o feriado - Acontece Na Fronteira","twitter:description":"O Sistema de Tecnologia e Monitoramento Ambiental do Paran\u00e1 (Simepar) emitiu um aviso meteorol\u00f3gico alertando para a forma\u00e7\u00e3o de geada em diversas regi\u00f5es paranaenses durante a madrugada entre domingo (6) e a segunda-feira (7), data em que se comemora o feriado da Independ\u00eancia do Brasil. Previs\u00e3o de frio intenso no feriado A virada de domingo","twitter:image":"https:\/\/acontecenafronteira.com.br\/wp-content\/uploads\/2021\/11\/logo-acontece-1.jpg"},"aioseo_meta_data":[],"aioseo_breadcrumb":"<div class=\"aioseo-breadcrumbs\"><span class=\"aioseo-breadcrumb\">\n\t\t\t<a href=\"https:\/\/acontecenafronteira.com.br\" title=\"Home\">Home<\/a>\n\t\t<\/span><span class=\"aioseo-breadcrumb-separator\">&raquo;<\/span><span class=\"aioseo-breadcrumb\">\n\t\t\t<a href=\"https:\/\/acontecenafronteira.com.br\/index.php\/category\/parana\/\" title=\"Paran\u00e1\">Paran\u00e1<\/a>\n\t\t<\/span><span class=\"aioseo-breadcrumb-separator\">&raquo;<\/span><span class=\"aioseo-breadcrumb\">\n\t\t\tSimepar emite alerta de geada no Paran\u00e1 para o feriado\n\t\t<\/span><\/div>","aioseo_breadcrumb_json":[{"label":"Home","link":"https:\/\/acontecenafronteira.com.br"},{"label":"Paran\u00e1","link":"https:\/\/acontecenafronteira.com.br\/index.php\/category\/parana\/"},{"label":"Simepar emite alerta de geada no Paran\u00e1 para o feriado","link":"https:\/\/acontecenafronteira.com.br\/index.php\/2026\/09\/06\/simepar-emite-alerta-de-geada-no-parana-para-o-feriado\/"}],"_links":{"self":[{"href":"https:\/\/acontecenafronteira.com.br\/index.php\/wp-json\/wp\/v2\/posts\/36789","targetHints":{"allow":["GET"]}}],"collection":[{"href":"https:\/\/acontecenafronteira.com.br\/index.php\/wp-json\/wp\/v2\/posts"}],"about":[{"href":"https:\/\/acontecenafronteira.com.br\/index.php\/wp-json\/wp\/v2\/types\/post"}],"replies":[{"embeddable":true,"href":"https:\/\/acontecenafronteira.com.br\/index.php\/wp-json\/wp\/v2\/comments?post=36789"}],"version-history":[{"count":1,"href":"https:\/\/acontecenafronteira.com.br\/index.php\/wp-json\/wp\/v2\/posts\/36789\/revisions"}],"predecessor-version":[{"id":36798,"href":"https:\/\/acontecenafronteira.com.br\/index.php\/wp-json\/wp\/v2\/posts\/36789\/revisions\/36798"}],"wp:featuredmedia":[{"embeddable":true,"href":"https:\/\/acontecenafronteira.com.br\/index.php\/wp-json\/wp\/v2\/media\/36799"}],"wp:attachment":[{"href":"https:\/\/acontecenafronteira.com.br\/index.php\/wp-json\/wp\/v2\/media?parent=36789"}],"wp:term":[{"taxonomy":"category","embeddable":true,"href":"https:\/\/acontecenafronteira.com.br\/index.php\/wp-json\/wp\/v2\/categories?post=36789"},{"taxonomy":"post_tag","embeddable":true,"href":"https:\/\/acontecenafronteira.com.br\/index.php\/wp-json\/wp\/v2\/tags?post=36789"}],"curies":[{"name":"wp","href":"https:\/\/api.w.org\/{rel}","templated":true}]}}