{"id":36769,"date":"2026-09-06T11:37:49","date_gmt":"2026-09-06T14:37:49","guid":{"rendered":"https:\/\/acontecenafronteira.com.br\/?p=36769"},"modified":"2026-09-06T11:37:49","modified_gmt":"2026-09-06T14:37:49","slug":"acidente-com-aviao-deixa-duas-criancas-mortas-nos-eua","status":"publish","type":"post","link":"https:\/\/acontecenafronteira.com.br\/index.php\/2026\/09\/06\/acidente-com-aviao-deixa-duas-criancas-mortas-nos-eua\/","title":{"rendered":"Acidente com avi\u00e3o deixa duas crian\u00e7as mortas nos EUA"},"content":{"rendered":"<p>Uma queda de aeronave monomotor pr\u00f3xima ao rio San Joaquin, em Fresno, na Calif\u00f3rnia, resultou na morte de duas crian\u00e7as e deixou dois adultos gravemente feridos no \u00faltimo s\u00e1bado.<\/p>\n<h2>Detalhes da trag\u00e9dia a\u00e9rea<\/h2>\n<p>O acidente aconteceu pouco antes das 14h, no hor\u00e1rio local, nas imedia\u00e7\u00f5es do Aeroporto Sierra Sky Park, gerando um inc\u00eandio em uma zona de vegeta\u00e7\u00e3o. Registros feitos na regi\u00e3o evidenciaram dezenas de bombeiros combatendo o fogo e densas colunas de fuma\u00e7a no alto de um penhasco. De acordo com o oficial Josh Sellers, do Corpo de Bombeiros de Fresno, o ve\u00edculo a\u00e9reo despencou de um barranco situado perto da pista. As autoridades ainda apuram se o transporte estava em procedimento de decolagem ou pouso.<\/p>\n<h2>Resgate e investiga\u00e7\u00e3o em curso<\/h2>\n<p>Entre os quatro ocupantes a bordo, os dois menores faleceram ainda no local. Os dois adultos sofreram ferimentos graves e foram socorridos \u00e0s pressas para uma unidade hospitalar, onde permaneciam em estado cr\u00edtico. As autoridades locais optaram por n\u00e3o divulgar as idades, nomes ou o grau de parentesco entre as v\u00edtimas.<\/p>\n<p>O gabinete do xerife confirmou que o trabalho r\u00e1pido do Corpo de Bombeiros evitou que as chamas atingissem as resid\u00eancias vizinhas. A queda do monomotor modelo Grumman American Aviation Corporation AA-5, com lota\u00e7\u00e3o m\u00e1xima para quatro pessoas, tamb\u00e9m provocou uma pane el\u00e9trica tempor\u00e1ria na regi\u00e3o. O Conselho Nacional de Seguran\u00e7a nos Transportes iniciou uma investiga\u00e7\u00e3o oficial para esclarecer as causas do ocorrido.<\/p>\n<p>Por Reda\u00e7\u00e3o Acontece Foto: Reprodu\u00e7\u00e3o<\/p>\n","protected":false},"excerpt":{"rendered":"<p>Uma queda de aeronave monomotor pr\u00f3xima ao rio San Joaquin, em Fresno, na Calif\u00f3rnia, resultou na morte de duas crian\u00e7as e deixou dois adultos gravemente feridos no \u00faltimo s\u00e1bado. Detalhes da trag\u00e9dia a\u00e9rea O acidente aconteceu pouco antes das 14h, no hor\u00e1rio local, nas imedia\u00e7\u00f5es do Aeroporto Sierra Sky Park, gerando um inc\u00eandio em uma [&hellip;]<\/p>\n","protected":false},"author":0,"featured_media":36776,"comment_status":"open","ping_status":"open","sticky":false,"template":"","format":"standard","meta":{"_monsterinsights_skip_tracking":false,"_uf_show_specific_survey":0,"_uf_disable_surveys":false,"footnotes":""},"categories":[28],"tags":[],"class_list":["post-36769","post","type-post","status-publish","format-standard","has-post-thumbnail","hentry","category-mundo"],"aioseo_notices":[],"aioseo_head":"\n\t\t<!-- All in One SEO 5.0.1.1 - aioseo.com -->\n\t<meta name=\"description\" content=\"Uma queda de aeronave monomotor pr\u00f3xima ao rio San Joaquin, em Fresno, na Calif\u00f3rnia, resultou na morte de duas crian\u00e7as e deixou dois adultos gravemente feridos no \u00faltimo s\u00e1bado. Detalhes da trag\u00e9dia a\u00e9rea O acidente aconteceu pouco antes das 14h, no hor\u00e1rio local, nas imedia\u00e7\u00f5es do Aeroporto Sierra Sky Park, gerando um inc\u00eandio em uma\" \/>\n\t<meta name=\"robots\" content=\"max-image-preview:large\" \/>\n\t<link rel=\"canonical\" href=\"https:\/\/acontecenafronteira.com.br\/index.php\/2026\/09\/06\/acidente-com-aviao-deixa-duas-criancas-mortas-nos-eua\/\" \/>\n\t<meta name=\"generator\" content=\"All in One SEO (AIOSEO) 5.0.1.1\" \/>\n\t\t<meta property=\"og:locale\" content=\"pt_PT\" \/>\n\t\t<meta property=\"og:site_name\" content=\"Acontece Na Fronteira - Noticias da Triplice Fronteira\" \/>\n\t\t<meta property=\"og:type\" content=\"article\" \/>\n\t\t<meta property=\"og:title\" content=\"Acidente com avi\u00e3o deixa duas crian\u00e7as mortas nos EUA - Acontece Na Fronteira\" \/>\n\t\t<meta property=\"og:description\" content=\"Uma queda de aeronave monomotor pr\u00f3xima ao rio San Joaquin, em Fresno, na Calif\u00f3rnia, resultou na morte de duas crian\u00e7as e deixou dois adultos gravemente feridos no \u00faltimo s\u00e1bado. Detalhes da trag\u00e9dia a\u00e9rea O acidente aconteceu pouco antes das 14h, no hor\u00e1rio local, nas imedia\u00e7\u00f5es do Aeroporto Sierra Sky Park, gerando um inc\u00eandio em uma\" \/>\n\t\t<meta property=\"og:url\" content=\"https:\/\/acontecenafronteira.com.br\/index.php\/2026\/09\/06\/acidente-com-aviao-deixa-duas-criancas-mortas-nos-eua\/\" \/>\n\t\t<meta property=\"og:image\" content=\"https:\/\/acontecenafronteira.com.br\/wp-content\/uploads\/2021\/11\/logo-acontece-1.jpg\" \/>\n\t\t<meta property=\"og:image:secure_url\" content=\"https:\/\/acontecenafronteira.com.br\/wp-content\/uploads\/2021\/11\/logo-acontece-1.jpg\" \/>\n\t\t<meta property=\"article:published_time\" content=\"2026-09-06T14:37:49+00:00\" \/>\n\t\t<meta property=\"article:modified_time\" content=\"2026-09-06T14:37:49+00:00\" \/>\n\t\t<meta name=\"twitter:card\" content=\"summary_large_image\" \/>\n\t\t<meta name=\"twitter:title\" content=\"Acidente com avi\u00e3o deixa duas crian\u00e7as mortas nos EUA - Acontece Na Fronteira\" \/>\n\t\t<meta name=\"twitter:description\" content=\"Uma queda de aeronave monomotor pr\u00f3xima ao rio San Joaquin, em Fresno, na Calif\u00f3rnia, resultou na morte de duas crian\u00e7as e deixou dois adultos gravemente feridos no \u00faltimo s\u00e1bado. Detalhes da trag\u00e9dia a\u00e9rea O acidente aconteceu pouco antes das 14h, no hor\u00e1rio local, nas imedia\u00e7\u00f5es do Aeroporto Sierra Sky Park, gerando um inc\u00eandio em uma\" \/>\n\t\t<meta name=\"twitter:image\" content=\"https:\/\/acontecenafronteira.com.br\/wp-content\/uploads\/2021\/11\/logo-acontece-1.jpg\" \/>\n\t\t<script type=\"application\/ld+json\" class=\"aioseo-schema\">\n\t\t\t{\"@context\":\"https:\\\/\\\/schema.org\",\"@graph\":[{\"@type\":\"BlogPosting\",\"@id\":\"https:\\\/\\\/acontecenafronteira.com.br\\\/index.php\\\/2026\\\/09\\\/06\\\/acidente-com-aviao-deixa-duas-criancas-mortas-nos-eua\\\/#blogposting\",\"name\":\"Acidente com avi\\u00e3o deixa duas crian\\u00e7as mortas nos EUA - Acontece Na Fronteira\",\"headline\":\"Acidente com avi\\u00e3o deixa duas crian\\u00e7as mortas nos EUA\",\"author\":{\"@id\":\"https:\\\/\\\/acontecenafronteira.com.br\\\/index.php\\\/author\\\/#author\"},\"publisher\":{\"@id\":\"https:\\\/\\\/acontecenafronteira.com.br\\\/#organization\"},\"image\":{\"@type\":\"ImageObject\",\"url\":\"https:\\\/\\\/acontecenafronteira.com.br\\\/wp-content\\\/uploads\\\/2026\\\/09\\\/queda-de-monomotor-nos-eua-mata-duas-criancas-e-deixa-dois-adultos-em-estado-critico-1788705469.jpg?v=1788705469\",\"width\":634,\"height\":348,\"caption\":\"Queda de monomotor nos EUA mata duas crian\\u00e7as e deixa dois adultos em estado cr\\u00edtico\"},\"datePublished\":\"2026-09-06T11:37:49-03:00\",\"dateModified\":\"2026-09-06T11:37:49-03:00\",\"inLanguage\":\"pt-PT\",\"mainEntityOfPage\":{\"@id\":\"https:\\\/\\\/acontecenafronteira.com.br\\\/index.php\\\/2026\\\/09\\\/06\\\/acidente-com-aviao-deixa-duas-criancas-mortas-nos-eua\\\/#webpage\"},\"isPartOf\":{\"@id\":\"https:\\\/\\\/acontecenafronteira.com.br\\\/index.php\\\/2026\\\/09\\\/06\\\/acidente-com-aviao-deixa-duas-criancas-mortas-nos-eua\\\/#webpage\"},\"articleSection\":\"Mundo\"},{\"@type\":\"BreadcrumbList\",\"@id\":\"https:\\\/\\\/acontecenafronteira.com.br\\\/index.php\\\/2026\\\/09\\\/06\\\/acidente-com-aviao-deixa-duas-criancas-mortas-nos-eua\\\/#breadcrumblist\",\"itemListElement\":[{\"@type\":\"ListItem\",\"@id\":\"https:\\\/\\\/acontecenafronteira.com.br#listItem\",\"position\":1,\"name\":\"Home\",\"item\":\"https:\\\/\\\/acontecenafronteira.com.br\",\"nextItem\":{\"@type\":\"ListItem\",\"@id\":\"https:\\\/\\\/acontecenafronteira.com.br\\\/index.php\\\/category\\\/mundo\\\/#listItem\",\"name\":\"Mundo\"}},{\"@type\":\"ListItem\",\"@id\":\"https:\\\/\\\/acontecenafronteira.com.br\\\/index.php\\\/category\\\/mundo\\\/#listItem\",\"position\":2,\"name\":\"Mundo\",\"item\":\"https:\\\/\\\/acontecenafronteira.com.br\\\/index.php\\\/category\\\/mundo\\\/\",\"nextItem\":{\"@type\":\"ListItem\",\"@id\":\"https:\\\/\\\/acontecenafronteira.com.br\\\/index.php\\\/2026\\\/09\\\/06\\\/acidente-com-aviao-deixa-duas-criancas-mortas-nos-eua\\\/#listItem\",\"name\":\"Acidente com avi\\u00e3o deixa duas crian\\u00e7as mortas nos EUA\"},\"previousItem\":{\"@type\":\"ListItem\",\"@id\":\"https:\\\/\\\/acontecenafronteira.com.br#listItem\",\"name\":\"Home\"}},{\"@type\":\"ListItem\",\"@id\":\"https:\\\/\\\/acontecenafronteira.com.br\\\/index.php\\\/2026\\\/09\\\/06\\\/acidente-com-aviao-deixa-duas-criancas-mortas-nos-eua\\\/#listItem\",\"position\":3,\"name\":\"Acidente com avi\\u00e3o deixa duas crian\\u00e7as mortas nos EUA\",\"previousItem\":{\"@type\":\"ListItem\",\"@id\":\"https:\\\/\\\/acontecenafronteira.com.br\\\/index.php\\\/category\\\/mundo\\\/#listItem\",\"name\":\"Mundo\"}}]},{\"@type\":\"Organization\",\"@id\":\"https:\\\/\\\/acontecenafronteira.com.br\\\/#organization\",\"name\":\"Acontece Na Fronteira\",\"description\":\"Noticias da Triplice Fronteira\",\"url\":\"https:\\\/\\\/acontecenafronteira.com.br\\\/\",\"logo\":{\"@type\":\"ImageObject\",\"url\":\"https:\\\/\\\/acontecenafronteira.com.br\\\/wp-content\\\/uploads\\\/2021\\\/11\\\/logo-acontece-1.jpg\",\"@id\":\"https:\\\/\\\/acontecenafronteira.com.br\\\/index.php\\\/2026\\\/09\\\/06\\\/acidente-com-aviao-deixa-duas-criancas-mortas-nos-eua\\\/#organizationLogo\",\"width\":519,\"height\":134},\"image\":{\"@id\":\"https:\\\/\\\/acontecenafronteira.com.br\\\/index.php\\\/2026\\\/09\\\/06\\\/acidente-com-aviao-deixa-duas-criancas-mortas-nos-eua\\\/#organizationLogo\"}},{\"@type\":\"WebPage\",\"@id\":\"https:\\\/\\\/acontecenafronteira.com.br\\\/index.php\\\/2026\\\/09\\\/06\\\/acidente-com-aviao-deixa-duas-criancas-mortas-nos-eua\\\/#webpage\",\"url\":\"https:\\\/\\\/acontecenafronteira.com.br\\\/index.php\\\/2026\\\/09\\\/06\\\/acidente-com-aviao-deixa-duas-criancas-mortas-nos-eua\\\/\",\"name\":\"Acidente com avi\\u00e3o deixa duas crian\\u00e7as mortas nos EUA - Acontece Na Fronteira\",\"description\":\"Uma queda de aeronave monomotor pr\\u00f3xima ao rio San Joaquin, em Fresno, na Calif\\u00f3rnia, resultou na morte de duas crian\\u00e7as e deixou dois adultos gravemente feridos no \\u00faltimo s\\u00e1bado. Detalhes da trag\\u00e9dia a\\u00e9rea O acidente aconteceu pouco antes das 14h, no hor\\u00e1rio local, nas imedia\\u00e7\\u00f5es do Aeroporto Sierra Sky Park, gerando um inc\\u00eandio em uma\",\"inLanguage\":\"pt-PT\",\"isPartOf\":{\"@id\":\"https:\\\/\\\/acontecenafronteira.com.br\\\/#website\"},\"breadcrumb\":{\"@id\":\"https:\\\/\\\/acontecenafronteira.com.br\\\/index.php\\\/2026\\\/09\\\/06\\\/acidente-com-aviao-deixa-duas-criancas-mortas-nos-eua\\\/#breadcrumblist\"},\"author\":{\"@id\":\"https:\\\/\\\/acontecenafronteira.com.br\\\/index.php\\\/author\\\/#author\"},\"creator\":{\"@id\":\"https:\\\/\\\/acontecenafronteira.com.br\\\/index.php\\\/author\\\/#author\"},\"image\":{\"@type\":\"ImageObject\",\"url\":\"https:\\\/\\\/acontecenafronteira.com.br\\\/wp-content\\\/uploads\\\/2026\\\/09\\\/queda-de-monomotor-nos-eua-mata-duas-criancas-e-deixa-dois-adultos-em-estado-critico-1788705469.jpg?v=1788705469\",\"@id\":\"https:\\\/\\\/acontecenafronteira.com.br\\\/index.php\\\/2026\\\/09\\\/06\\\/acidente-com-aviao-deixa-duas-criancas-mortas-nos-eua\\\/#mainImage\",\"width\":634,\"height\":348,\"caption\":\"Queda de monomotor nos EUA mata duas crian\\u00e7as e deixa dois adultos em estado cr\\u00edtico\"},\"primaryImageOfPage\":{\"@id\":\"https:\\\/\\\/acontecenafronteira.com.br\\\/index.php\\\/2026\\\/09\\\/06\\\/acidente-com-aviao-deixa-duas-criancas-mortas-nos-eua\\\/#mainImage\"},\"datePublished\":\"2026-09-06T11:37:49-03:00\",\"dateModified\":\"2026-09-06T11:37:49-03:00\"},{\"@type\":\"WebSite\",\"@id\":\"https:\\\/\\\/acontecenafronteira.com.br\\\/#website\",\"url\":\"https:\\\/\\\/acontecenafronteira.com.br\\\/\",\"name\":\"Acontece Na Fronteira\",\"description\":\"Noticias da Triplice Fronteira\",\"inLanguage\":\"pt-PT\",\"publisher\":{\"@id\":\"https:\\\/\\\/acontecenafronteira.com.br\\\/#organization\"}}]}\n\t\t<\/script>\n\t\t<!-- All in One SEO -->\n\n","aioseo_head_json":{"title":"Acidente com avi\u00e3o deixa duas crian\u00e7as mortas nos EUA - Acontece Na Fronteira","description":"Uma queda de aeronave monomotor pr\u00f3xima ao rio San Joaquin, em Fresno, na Calif\u00f3rnia, resultou na morte de duas crian\u00e7as e deixou dois adultos gravemente feridos no \u00faltimo s\u00e1bado. Detalhes da trag\u00e9dia a\u00e9rea O acidente aconteceu pouco antes das 14h, no hor\u00e1rio local, nas imedia\u00e7\u00f5es do Aeroporto Sierra Sky Park, gerando um inc\u00eandio em uma","canonical_url":"https:\/\/acontecenafronteira.com.br\/index.php\/2026\/09\/06\/acidente-com-aviao-deixa-duas-criancas-mortas-nos-eua\/","robots":"max-image-preview:large","keywords":"","webmasterTools":{"miscellaneous":""},"schema":{"@context":"https:\/\/schema.org","@graph":[{"@type":"BlogPosting","@id":"https:\/\/acontecenafronteira.com.br\/index.php\/2026\/09\/06\/acidente-com-aviao-deixa-duas-criancas-mortas-nos-eua\/#blogposting","name":"Acidente com avi\u00e3o deixa duas crian\u00e7as mortas nos EUA - Acontece Na Fronteira","headline":"Acidente com avi\u00e3o deixa duas crian\u00e7as mortas nos EUA","author":{"@id":"https:\/\/acontecenafronteira.com.br\/index.php\/author\/#author"},"publisher":{"@id":"https:\/\/acontecenafronteira.com.br\/#organization"},"image":{"@type":"ImageObject","url":"https:\/\/acontecenafronteira.com.br\/wp-content\/uploads\/2026\/09\/queda-de-monomotor-nos-eua-mata-duas-criancas-e-deixa-dois-adultos-em-estado-critico-1788705469.jpg?v=1788705469","width":634,"height":348,"caption":"Queda de monomotor nos EUA mata duas crian\u00e7as e deixa dois adultos em estado cr\u00edtico"},"datePublished":"2026-09-06T11:37:49-03:00","dateModified":"2026-09-06T11:37:49-03:00","inLanguage":"pt-PT","mainEntityOfPage":{"@id":"https:\/\/acontecenafronteira.com.br\/index.php\/2026\/09\/06\/acidente-com-aviao-deixa-duas-criancas-mortas-nos-eua\/#webpage"},"isPartOf":{"@id":"https:\/\/acontecenafronteira.com.br\/index.php\/2026\/09\/06\/acidente-com-aviao-deixa-duas-criancas-mortas-nos-eua\/#webpage"},"articleSection":"Mundo"},{"@type":"BreadcrumbList","@id":"https:\/\/acontecenafronteira.com.br\/index.php\/2026\/09\/06\/acidente-com-aviao-deixa-duas-criancas-mortas-nos-eua\/#breadcrumblist","itemListElement":[{"@type":"ListItem","@id":"https:\/\/acontecenafronteira.com.br#listItem","position":1,"name":"Home","item":"https:\/\/acontecenafronteira.com.br","nextItem":{"@type":"ListItem","@id":"https:\/\/acontecenafronteira.com.br\/index.php\/category\/mundo\/#listItem","name":"Mundo"}},{"@type":"ListItem","@id":"https:\/\/acontecenafronteira.com.br\/index.php\/category\/mundo\/#listItem","position":2,"name":"Mundo","item":"https:\/\/acontecenafronteira.com.br\/index.php\/category\/mundo\/","nextItem":{"@type":"ListItem","@id":"https:\/\/acontecenafronteira.com.br\/index.php\/2026\/09\/06\/acidente-com-aviao-deixa-duas-criancas-mortas-nos-eua\/#listItem","name":"Acidente com avi\u00e3o deixa duas crian\u00e7as mortas nos EUA"},"previousItem":{"@type":"ListItem","@id":"https:\/\/acontecenafronteira.com.br#listItem","name":"Home"}},{"@type":"ListItem","@id":"https:\/\/acontecenafronteira.com.br\/index.php\/2026\/09\/06\/acidente-com-aviao-deixa-duas-criancas-mortas-nos-eua\/#listItem","position":3,"name":"Acidente com avi\u00e3o deixa duas crian\u00e7as mortas nos EUA","previousItem":{"@type":"ListItem","@id":"https:\/\/acontecenafronteira.com.br\/index.php\/category\/mundo\/#listItem","name":"Mundo"}}]},{"@type":"Organization","@id":"https:\/\/acontecenafronteira.com.br\/#organization","name":"Acontece Na Fronteira","description":"Noticias da Triplice Fronteira","url":"https:\/\/acontecenafronteira.com.br\/","logo":{"@type":"ImageObject","url":"https:\/\/acontecenafronteira.com.br\/wp-content\/uploads\/2021\/11\/logo-acontece-1.jpg","@id":"https:\/\/acontecenafronteira.com.br\/index.php\/2026\/09\/06\/acidente-com-aviao-deixa-duas-criancas-mortas-nos-eua\/#organizationLogo","width":519,"height":134},"image":{"@id":"https:\/\/acontecenafronteira.com.br\/index.php\/2026\/09\/06\/acidente-com-aviao-deixa-duas-criancas-mortas-nos-eua\/#organizationLogo"}},{"@type":"WebPage","@id":"https:\/\/acontecenafronteira.com.br\/index.php\/2026\/09\/06\/acidente-com-aviao-deixa-duas-criancas-mortas-nos-eua\/#webpage","url":"https:\/\/acontecenafronteira.com.br\/index.php\/2026\/09\/06\/acidente-com-aviao-deixa-duas-criancas-mortas-nos-eua\/","name":"Acidente com avi\u00e3o deixa duas crian\u00e7as mortas nos EUA - Acontece Na Fronteira","description":"Uma queda de aeronave monomotor pr\u00f3xima ao rio San Joaquin, em Fresno, na Calif\u00f3rnia, resultou na morte de duas crian\u00e7as e deixou dois adultos gravemente feridos no \u00faltimo s\u00e1bado. Detalhes da trag\u00e9dia a\u00e9rea O acidente aconteceu pouco antes das 14h, no hor\u00e1rio local, nas imedia\u00e7\u00f5es do Aeroporto Sierra Sky Park, gerando um inc\u00eandio em uma","inLanguage":"pt-PT","isPartOf":{"@id":"https:\/\/acontecenafronteira.com.br\/#website"},"breadcrumb":{"@id":"https:\/\/acontecenafronteira.com.br\/index.php\/2026\/09\/06\/acidente-com-aviao-deixa-duas-criancas-mortas-nos-eua\/#breadcrumblist"},"author":{"@id":"https:\/\/acontecenafronteira.com.br\/index.php\/author\/#author"},"creator":{"@id":"https:\/\/acontecenafronteira.com.br\/index.php\/author\/#author"},"image":{"@type":"ImageObject","url":"https:\/\/acontecenafronteira.com.br\/wp-content\/uploads\/2026\/09\/queda-de-monomotor-nos-eua-mata-duas-criancas-e-deixa-dois-adultos-em-estado-critico-1788705469.jpg?v=1788705469","@id":"https:\/\/acontecenafronteira.com.br\/index.php\/2026\/09\/06\/acidente-com-aviao-deixa-duas-criancas-mortas-nos-eua\/#mainImage","width":634,"height":348,"caption":"Queda de monomotor nos EUA mata duas crian\u00e7as e deixa dois adultos em estado cr\u00edtico"},"primaryImageOfPage":{"@id":"https:\/\/acontecenafronteira.com.br\/index.php\/2026\/09\/06\/acidente-com-aviao-deixa-duas-criancas-mortas-nos-eua\/#mainImage"},"datePublished":"2026-09-06T11:37:49-03:00","dateModified":"2026-09-06T11:37:49-03:00"},{"@type":"WebSite","@id":"https:\/\/acontecenafronteira.com.br\/#website","url":"https:\/\/acontecenafronteira.com.br\/","name":"Acontece Na Fronteira","description":"Noticias da Triplice Fronteira","inLanguage":"pt-PT","publisher":{"@id":"https:\/\/acontecenafronteira.com.br\/#organization"}}]},"og:locale":"pt_PT","og:site_name":"Acontece Na Fronteira - Noticias da Triplice Fronteira","og:type":"article","og:title":"Acidente com avi\u00e3o deixa duas crian\u00e7as mortas nos EUA - Acontece Na Fronteira","og:description":"Uma queda de aeronave monomotor pr\u00f3xima ao rio San Joaquin, em Fresno, na Calif\u00f3rnia, resultou na morte de duas crian\u00e7as e deixou dois adultos gravemente feridos no \u00faltimo s\u00e1bado. Detalhes da trag\u00e9dia a\u00e9rea O acidente aconteceu pouco antes das 14h, no hor\u00e1rio local, nas imedia\u00e7\u00f5es do Aeroporto Sierra Sky Park, gerando um inc\u00eandio em uma","og:url":"https:\/\/acontecenafronteira.com.br\/index.php\/2026\/09\/06\/acidente-com-aviao-deixa-duas-criancas-mortas-nos-eua\/","og:image":"https:\/\/acontecenafronteira.com.br\/wp-content\/uploads\/2021\/11\/logo-acontece-1.jpg","og:image:secure_url":"https:\/\/acontecenafronteira.com.br\/wp-content\/uploads\/2021\/11\/logo-acontece-1.jpg","article:published_time":"2026-09-06T14:37:49+00:00","article:modified_time":"2026-09-06T14:37:49+00:00","twitter:card":"summary_large_image","twitter:title":"Acidente com avi\u00e3o deixa duas crian\u00e7as mortas nos EUA - Acontece Na Fronteira","twitter:description":"Uma queda de aeronave monomotor pr\u00f3xima ao rio San Joaquin, em Fresno, na Calif\u00f3rnia, resultou na morte de duas crian\u00e7as e deixou dois adultos gravemente feridos no \u00faltimo s\u00e1bado. Detalhes da trag\u00e9dia a\u00e9rea O acidente aconteceu pouco antes das 14h, no hor\u00e1rio local, nas imedia\u00e7\u00f5es do Aeroporto Sierra Sky Park, gerando um inc\u00eandio em uma","twitter:image":"https:\/\/acontecenafronteira.com.br\/wp-content\/uploads\/2021\/11\/logo-acontece-1.jpg"},"aioseo_meta_data":[],"aioseo_breadcrumb":"<div class=\"aioseo-breadcrumbs\"><span class=\"aioseo-breadcrumb\">\n\t\t\t<a href=\"https:\/\/acontecenafronteira.com.br\" title=\"Home\">Home<\/a>\n\t\t<\/span><span class=\"aioseo-breadcrumb-separator\">&raquo;<\/span><span class=\"aioseo-breadcrumb\">\n\t\t\t<a href=\"https:\/\/acontecenafronteira.com.br\/index.php\/category\/mundo\/\" title=\"Mundo\">Mundo<\/a>\n\t\t<\/span><span class=\"aioseo-breadcrumb-separator\">&raquo;<\/span><span class=\"aioseo-breadcrumb\">\n\t\t\tAcidente com avi\u00e3o deixa duas crian\u00e7as mortas nos EUA\n\t\t<\/span><\/div>","aioseo_breadcrumb_json":[{"label":"Home","link":"https:\/\/acontecenafronteira.com.br"},{"label":"Mundo","link":"https:\/\/acontecenafronteira.com.br\/index.php\/category\/mundo\/"},{"label":"Acidente com avi\u00e3o deixa duas crian\u00e7as mortas nos EUA","link":"https:\/\/acontecenafronteira.com.br\/index.php\/2026\/09\/06\/acidente-com-aviao-deixa-duas-criancas-mortas-nos-eua\/"}],"_links":{"self":[{"href":"https:\/\/acontecenafronteira.com.br\/index.php\/wp-json\/wp\/v2\/posts\/36769","targetHints":{"allow":["GET"]}}],"collection":[{"href":"https:\/\/acontecenafronteira.com.br\/index.php\/wp-json\/wp\/v2\/posts"}],"about":[{"href":"https:\/\/acontecenafronteira.com.br\/index.php\/wp-json\/wp\/v2\/types\/post"}],"replies":[{"embeddable":true,"href":"https:\/\/acontecenafronteira.com.br\/index.php\/wp-json\/wp\/v2\/comments?post=36769"}],"version-history":[{"count":1,"href":"https:\/\/acontecenafronteira.com.br\/index.php\/wp-json\/wp\/v2\/posts\/36769\/revisions"}],"predecessor-version":[{"id":36775,"href":"https:\/\/acontecenafronteira.com.br\/index.php\/wp-json\/wp\/v2\/posts\/36769\/revisions\/36775"}],"wp:featuredmedia":[{"embeddable":true,"href":"https:\/\/acontecenafronteira.com.br\/index.php\/wp-json\/wp\/v2\/media\/36776"}],"wp:attachment":[{"href":"https:\/\/acontecenafronteira.com.br\/index.php\/wp-json\/wp\/v2\/media?parent=36769"}],"wp:term":[{"taxonomy":"category","embeddable":true,"href":"https:\/\/acontecenafronteira.com.br\/index.php\/wp-json\/wp\/v2\/categories?post=36769"},{"taxonomy":"post_tag","embeddable":true,"href":"https:\/\/acontecenafronteira.com.br\/index.php\/wp-json\/wp\/v2\/tags?post=36769"}],"curies":[{"name":"wp","href":"https:\/\/api.w.org\/{rel}","templated":true}]}}