{"id":36768,"date":"2026-09-06T11:37:37","date_gmt":"2026-09-06T14:37:37","guid":{"rendered":"https:\/\/acontecenafronteira.com.br\/?p=36768"},"modified":"2026-09-06T11:37:37","modified_gmt":"2026-09-06T14:37:37","slug":"incendio-destroi-galpao-em-foz-do-iguacu-sem-vitimas","status":"publish","type":"post","link":"https:\/\/acontecenafronteira.com.br\/index.php\/2026\/09\/06\/incendio-destroi-galpao-em-foz-do-iguacu-sem-vitimas\/","title":{"rendered":"Inc\u00eandio destr\u00f3i galp\u00e3o em Foz do Igua\u00e7u sem v\u00edtimas"},"content":{"rendered":"<p>Um inc\u00eandio de grande propor\u00e7\u00e3o destruiu por completo um galp\u00e3o localizado na regi\u00e3o de <b>Foz do Igua\u00e7u<\/b>, no estado do Paran\u00e1, durante a madrugada. As chamas causaram estragos estruturais severos e mobilizaram dezenas de agentes de seguran\u00e7a para conter o avan\u00e7o do fogo.<\/p>\n<h2>A\u00e7\u00e3o r\u00e1pida do Corpo de Bombeiros<\/h2>\n<p>O alerta sobre o sinistro foi emitido por volta das 23h20 de s\u00e1bado, exigindo o deslocamento imediato de 16 viaturas corporativas. Os trabalhos de combate \u00e0s chamas e rescaldo se estenderam por mais de seis horas ininterruptas at\u00e9 que a situa\u00e7\u00e3o estivesse totalmente normalizada pelas autoridades competentes.<\/p>\n<h2>Avalia\u00e7\u00e3o de danos e interdi\u00e7\u00e3o<\/h2>\n<p>De acordo com \u00f3rg\u00e3os de defesa civil locais, a estrutura foi integralmente comprometida pelo calor intenso e pelas chamas. O per\u00edmetro urbano adjacente permaneceu isolado de maneira preventiva devido \u00e0 imin\u00eancia de novos desabamentos parciais no pavilh\u00e3o atingido.<\/p>\n<p>No decorrer da manh\u00e3 seguinte, equipes t\u00e9cnicas permaneceram no endere\u00e7o executando o monitoramento de focos residuais e dando in\u00edcio aos levantamentos periciais. At\u00e9 o momento, as causas exatas que deram origem ao fogo n\u00e3o foram divulgadas oficialmente pelos peritos.<\/p>\n<p>A ocorr\u00eancia gerou grande repercuss\u00e3o entre os moradores da regi\u00e3o oeste paranaense, que acompanharam o trabalho intenso das equipes de salvamento durante toda a madrugada para evitar que o fogo atingisse im\u00f3veis vizinhos.<\/p>\n<p>Por Reda\u00e7\u00e3o Acontece<\/p>\n<p>Foto: Divulga\u00e7\u00e3o \/ Corpo de Bombeiros<\/p>\n","protected":false},"excerpt":{"rendered":"<p>Um inc\u00eandio de grande propor\u00e7\u00e3o destruiu por completo um galp\u00e3o localizado na regi\u00e3o de Foz do Igua\u00e7u, no estado do Paran\u00e1, durante a madrugada. As chamas causaram estragos estruturais severos e mobilizaram dezenas de agentes de seguran\u00e7a para conter o avan\u00e7o do fogo. A\u00e7\u00e3o r\u00e1pida do Corpo de Bombeiros O alerta sobre o sinistro foi [&hellip;]<\/p>\n","protected":false},"author":0,"featured_media":36774,"comment_status":"open","ping_status":"open","sticky":false,"template":"","format":"standard","meta":{"_monsterinsights_skip_tracking":false,"_uf_show_specific_survey":0,"_uf_disable_surveys":false,"footnotes":""},"categories":[28],"tags":[],"class_list":["post-36768","post","type-post","status-publish","format-standard","has-post-thumbnail","hentry","category-mundo"],"aioseo_notices":[],"aioseo_head":"\n\t\t<!-- All in One SEO 5.0.1.1 - aioseo.com -->\n\t<meta name=\"description\" content=\"Um inc\u00eandio de grande propor\u00e7\u00e3o destruiu por completo um galp\u00e3o localizado na regi\u00e3o de Foz do Igua\u00e7u, no estado do Paran\u00e1, durante a madrugada. As chamas causaram estragos estruturais severos e mobilizaram dezenas de agentes de seguran\u00e7a para conter o avan\u00e7o do fogo. A\u00e7\u00e3o r\u00e1pida do Corpo de Bombeiros O alerta sobre o sinistro foi\" \/>\n\t<meta name=\"robots\" content=\"max-image-preview:large\" \/>\n\t<link rel=\"canonical\" href=\"https:\/\/acontecenafronteira.com.br\/index.php\/2026\/09\/06\/incendio-destroi-galpao-em-foz-do-iguacu-sem-vitimas\/\" \/>\n\t<meta name=\"generator\" content=\"All in One SEO (AIOSEO) 5.0.1.1\" \/>\n\t\t<meta property=\"og:locale\" content=\"pt_PT\" \/>\n\t\t<meta property=\"og:site_name\" content=\"Acontece Na Fronteira - Noticias da Triplice Fronteira\" \/>\n\t\t<meta property=\"og:type\" content=\"article\" \/>\n\t\t<meta property=\"og:title\" content=\"Inc\u00eandio destr\u00f3i galp\u00e3o em Foz do Igua\u00e7u sem v\u00edtimas - Acontece Na Fronteira\" \/>\n\t\t<meta property=\"og:description\" content=\"Um inc\u00eandio de grande propor\u00e7\u00e3o destruiu por completo um galp\u00e3o localizado na regi\u00e3o de Foz do Igua\u00e7u, no estado do Paran\u00e1, durante a madrugada. As chamas causaram estragos estruturais severos e mobilizaram dezenas de agentes de seguran\u00e7a para conter o avan\u00e7o do fogo. A\u00e7\u00e3o r\u00e1pida do Corpo de Bombeiros O alerta sobre o sinistro foi\" \/>\n\t\t<meta property=\"og:url\" content=\"https:\/\/acontecenafronteira.com.br\/index.php\/2026\/09\/06\/incendio-destroi-galpao-em-foz-do-iguacu-sem-vitimas\/\" \/>\n\t\t<meta property=\"og:image\" content=\"https:\/\/acontecenafronteira.com.br\/wp-content\/uploads\/2021\/11\/logo-acontece-1.jpg\" \/>\n\t\t<meta property=\"og:image:secure_url\" content=\"https:\/\/acontecenafronteira.com.br\/wp-content\/uploads\/2021\/11\/logo-acontece-1.jpg\" \/>\n\t\t<meta property=\"article:published_time\" content=\"2026-09-06T14:37:37+00:00\" \/>\n\t\t<meta property=\"article:modified_time\" content=\"2026-09-06T14:37:37+00:00\" \/>\n\t\t<meta name=\"twitter:card\" content=\"summary_large_image\" \/>\n\t\t<meta name=\"twitter:title\" content=\"Inc\u00eandio destr\u00f3i galp\u00e3o em Foz do Igua\u00e7u sem v\u00edtimas - Acontece Na Fronteira\" \/>\n\t\t<meta name=\"twitter:description\" content=\"Um inc\u00eandio de grande propor\u00e7\u00e3o destruiu por completo um galp\u00e3o localizado na regi\u00e3o de Foz do Igua\u00e7u, no estado do Paran\u00e1, durante a madrugada. As chamas causaram estragos estruturais severos e mobilizaram dezenas de agentes de seguran\u00e7a para conter o avan\u00e7o do fogo. A\u00e7\u00e3o r\u00e1pida do Corpo de Bombeiros O alerta sobre o sinistro foi\" \/>\n\t\t<meta name=\"twitter:image\" content=\"https:\/\/acontecenafronteira.com.br\/wp-content\/uploads\/2021\/11\/logo-acontece-1.jpg\" \/>\n\t\t<script type=\"application\/ld+json\" class=\"aioseo-schema\">\n\t\t\t{\"@context\":\"https:\\\/\\\/schema.org\",\"@graph\":[{\"@type\":\"BlogPosting\",\"@id\":\"https:\\\/\\\/acontecenafronteira.com.br\\\/index.php\\\/2026\\\/09\\\/06\\\/incendio-destroi-galpao-em-foz-do-iguacu-sem-vitimas\\\/#blogposting\",\"name\":\"Inc\\u00eandio destr\\u00f3i galp\\u00e3o em Foz do Igua\\u00e7u sem v\\u00edtimas - Acontece Na Fronteira\",\"headline\":\"Inc\\u00eandio destr\\u00f3i galp\\u00e3o em Foz do Igua\\u00e7u sem v\\u00edtimas\",\"author\":{\"@id\":\"https:\\\/\\\/acontecenafronteira.com.br\\\/index.php\\\/author\\\/#author\"},\"publisher\":{\"@id\":\"https:\\\/\\\/acontecenafronteira.com.br\\\/#organization\"},\"image\":{\"@type\":\"ImageObject\",\"url\":\"https:\\\/\\\/acontecenafronteira.com.br\\\/wp-content\\\/uploads\\\/2026\\\/09\\\/incendio-destroi-um-galpao-da-ceagesp-na-zona-oeste-de-sao-paulo-1788705456.jpg?v=1788705457\",\"width\":1200,\"height\":721,\"caption\":\"Inc\\u00eandio destroi um galp\\u00e3o da Ceagesp na Zona Oeste de S\\u00e3o Paulo\"},\"datePublished\":\"2026-09-06T11:37:37-03:00\",\"dateModified\":\"2026-09-06T11:37:37-03:00\",\"inLanguage\":\"pt-PT\",\"mainEntityOfPage\":{\"@id\":\"https:\\\/\\\/acontecenafronteira.com.br\\\/index.php\\\/2026\\\/09\\\/06\\\/incendio-destroi-galpao-em-foz-do-iguacu-sem-vitimas\\\/#webpage\"},\"isPartOf\":{\"@id\":\"https:\\\/\\\/acontecenafronteira.com.br\\\/index.php\\\/2026\\\/09\\\/06\\\/incendio-destroi-galpao-em-foz-do-iguacu-sem-vitimas\\\/#webpage\"},\"articleSection\":\"Mundo\"},{\"@type\":\"BreadcrumbList\",\"@id\":\"https:\\\/\\\/acontecenafronteira.com.br\\\/index.php\\\/2026\\\/09\\\/06\\\/incendio-destroi-galpao-em-foz-do-iguacu-sem-vitimas\\\/#breadcrumblist\",\"itemListElement\":[{\"@type\":\"ListItem\",\"@id\":\"https:\\\/\\\/acontecenafronteira.com.br#listItem\",\"position\":1,\"name\":\"Home\",\"item\":\"https:\\\/\\\/acontecenafronteira.com.br\",\"nextItem\":{\"@type\":\"ListItem\",\"@id\":\"https:\\\/\\\/acontecenafronteira.com.br\\\/index.php\\\/category\\\/mundo\\\/#listItem\",\"name\":\"Mundo\"}},{\"@type\":\"ListItem\",\"@id\":\"https:\\\/\\\/acontecenafronteira.com.br\\\/index.php\\\/category\\\/mundo\\\/#listItem\",\"position\":2,\"name\":\"Mundo\",\"item\":\"https:\\\/\\\/acontecenafronteira.com.br\\\/index.php\\\/category\\\/mundo\\\/\",\"nextItem\":{\"@type\":\"ListItem\",\"@id\":\"https:\\\/\\\/acontecenafronteira.com.br\\\/index.php\\\/2026\\\/09\\\/06\\\/incendio-destroi-galpao-em-foz-do-iguacu-sem-vitimas\\\/#listItem\",\"name\":\"Inc\\u00eandio destr\\u00f3i galp\\u00e3o em Foz do Igua\\u00e7u sem v\\u00edtimas\"},\"previousItem\":{\"@type\":\"ListItem\",\"@id\":\"https:\\\/\\\/acontecenafronteira.com.br#listItem\",\"name\":\"Home\"}},{\"@type\":\"ListItem\",\"@id\":\"https:\\\/\\\/acontecenafronteira.com.br\\\/index.php\\\/2026\\\/09\\\/06\\\/incendio-destroi-galpao-em-foz-do-iguacu-sem-vitimas\\\/#listItem\",\"position\":3,\"name\":\"Inc\\u00eandio destr\\u00f3i galp\\u00e3o em Foz do Igua\\u00e7u sem v\\u00edtimas\",\"previousItem\":{\"@type\":\"ListItem\",\"@id\":\"https:\\\/\\\/acontecenafronteira.com.br\\\/index.php\\\/category\\\/mundo\\\/#listItem\",\"name\":\"Mundo\"}}]},{\"@type\":\"Organization\",\"@id\":\"https:\\\/\\\/acontecenafronteira.com.br\\\/#organization\",\"name\":\"Acontece Na Fronteira\",\"description\":\"Noticias da Triplice Fronteira\",\"url\":\"https:\\\/\\\/acontecenafronteira.com.br\\\/\",\"logo\":{\"@type\":\"ImageObject\",\"url\":\"https:\\\/\\\/acontecenafronteira.com.br\\\/wp-content\\\/uploads\\\/2021\\\/11\\\/logo-acontece-1.jpg\",\"@id\":\"https:\\\/\\\/acontecenafronteira.com.br\\\/index.php\\\/2026\\\/09\\\/06\\\/incendio-destroi-galpao-em-foz-do-iguacu-sem-vitimas\\\/#organizationLogo\",\"width\":519,\"height\":134},\"image\":{\"@id\":\"https:\\\/\\\/acontecenafronteira.com.br\\\/index.php\\\/2026\\\/09\\\/06\\\/incendio-destroi-galpao-em-foz-do-iguacu-sem-vitimas\\\/#organizationLogo\"}},{\"@type\":\"WebPage\",\"@id\":\"https:\\\/\\\/acontecenafronteira.com.br\\\/index.php\\\/2026\\\/09\\\/06\\\/incendio-destroi-galpao-em-foz-do-iguacu-sem-vitimas\\\/#webpage\",\"url\":\"https:\\\/\\\/acontecenafronteira.com.br\\\/index.php\\\/2026\\\/09\\\/06\\\/incendio-destroi-galpao-em-foz-do-iguacu-sem-vitimas\\\/\",\"name\":\"Inc\\u00eandio destr\\u00f3i galp\\u00e3o em Foz do Igua\\u00e7u sem v\\u00edtimas - Acontece Na Fronteira\",\"description\":\"Um inc\\u00eandio de grande propor\\u00e7\\u00e3o destruiu por completo um galp\\u00e3o localizado na regi\\u00e3o de Foz do Igua\\u00e7u, no estado do Paran\\u00e1, durante a madrugada. As chamas causaram estragos estruturais severos e mobilizaram dezenas de agentes de seguran\\u00e7a para conter o avan\\u00e7o do fogo. A\\u00e7\\u00e3o r\\u00e1pida do Corpo de Bombeiros O alerta sobre o sinistro foi\",\"inLanguage\":\"pt-PT\",\"isPartOf\":{\"@id\":\"https:\\\/\\\/acontecenafronteira.com.br\\\/#website\"},\"breadcrumb\":{\"@id\":\"https:\\\/\\\/acontecenafronteira.com.br\\\/index.php\\\/2026\\\/09\\\/06\\\/incendio-destroi-galpao-em-foz-do-iguacu-sem-vitimas\\\/#breadcrumblist\"},\"author\":{\"@id\":\"https:\\\/\\\/acontecenafronteira.com.br\\\/index.php\\\/author\\\/#author\"},\"creator\":{\"@id\":\"https:\\\/\\\/acontecenafronteira.com.br\\\/index.php\\\/author\\\/#author\"},\"image\":{\"@type\":\"ImageObject\",\"url\":\"https:\\\/\\\/acontecenafronteira.com.br\\\/wp-content\\\/uploads\\\/2026\\\/09\\\/incendio-destroi-um-galpao-da-ceagesp-na-zona-oeste-de-sao-paulo-1788705456.jpg?v=1788705457\",\"@id\":\"https:\\\/\\\/acontecenafronteira.com.br\\\/index.php\\\/2026\\\/09\\\/06\\\/incendio-destroi-galpao-em-foz-do-iguacu-sem-vitimas\\\/#mainImage\",\"width\":1200,\"height\":721,\"caption\":\"Inc\\u00eandio destroi um galp\\u00e3o da Ceagesp na Zona Oeste de S\\u00e3o Paulo\"},\"primaryImageOfPage\":{\"@id\":\"https:\\\/\\\/acontecenafronteira.com.br\\\/index.php\\\/2026\\\/09\\\/06\\\/incendio-destroi-galpao-em-foz-do-iguacu-sem-vitimas\\\/#mainImage\"},\"datePublished\":\"2026-09-06T11:37:37-03:00\",\"dateModified\":\"2026-09-06T11:37:37-03:00\"},{\"@type\":\"WebSite\",\"@id\":\"https:\\\/\\\/acontecenafronteira.com.br\\\/#website\",\"url\":\"https:\\\/\\\/acontecenafronteira.com.br\\\/\",\"name\":\"Acontece Na Fronteira\",\"description\":\"Noticias da Triplice Fronteira\",\"inLanguage\":\"pt-PT\",\"publisher\":{\"@id\":\"https:\\\/\\\/acontecenafronteira.com.br\\\/#organization\"}}]}\n\t\t<\/script>\n\t\t<!-- All in One SEO -->\n\n","aioseo_head_json":{"title":"Inc\u00eandio destr\u00f3i galp\u00e3o em Foz do Igua\u00e7u sem v\u00edtimas - Acontece Na Fronteira","description":"Um inc\u00eandio de grande propor\u00e7\u00e3o destruiu por completo um galp\u00e3o localizado na regi\u00e3o de Foz do Igua\u00e7u, no estado do Paran\u00e1, durante a madrugada. As chamas causaram estragos estruturais severos e mobilizaram dezenas de agentes de seguran\u00e7a para conter o avan\u00e7o do fogo. A\u00e7\u00e3o r\u00e1pida do Corpo de Bombeiros O alerta sobre o sinistro foi","canonical_url":"https:\/\/acontecenafronteira.com.br\/index.php\/2026\/09\/06\/incendio-destroi-galpao-em-foz-do-iguacu-sem-vitimas\/","robots":"max-image-preview:large","keywords":"","webmasterTools":{"miscellaneous":""},"schema":{"@context":"https:\/\/schema.org","@graph":[{"@type":"BlogPosting","@id":"https:\/\/acontecenafronteira.com.br\/index.php\/2026\/09\/06\/incendio-destroi-galpao-em-foz-do-iguacu-sem-vitimas\/#blogposting","name":"Inc\u00eandio destr\u00f3i galp\u00e3o em Foz do Igua\u00e7u sem v\u00edtimas - Acontece Na Fronteira","headline":"Inc\u00eandio destr\u00f3i galp\u00e3o em Foz do Igua\u00e7u sem v\u00edtimas","author":{"@id":"https:\/\/acontecenafronteira.com.br\/index.php\/author\/#author"},"publisher":{"@id":"https:\/\/acontecenafronteira.com.br\/#organization"},"image":{"@type":"ImageObject","url":"https:\/\/acontecenafronteira.com.br\/wp-content\/uploads\/2026\/09\/incendio-destroi-um-galpao-da-ceagesp-na-zona-oeste-de-sao-paulo-1788705456.jpg?v=1788705457","width":1200,"height":721,"caption":"Inc\u00eandio destroi um galp\u00e3o da Ceagesp na Zona Oeste de S\u00e3o Paulo"},"datePublished":"2026-09-06T11:37:37-03:00","dateModified":"2026-09-06T11:37:37-03:00","inLanguage":"pt-PT","mainEntityOfPage":{"@id":"https:\/\/acontecenafronteira.com.br\/index.php\/2026\/09\/06\/incendio-destroi-galpao-em-foz-do-iguacu-sem-vitimas\/#webpage"},"isPartOf":{"@id":"https:\/\/acontecenafronteira.com.br\/index.php\/2026\/09\/06\/incendio-destroi-galpao-em-foz-do-iguacu-sem-vitimas\/#webpage"},"articleSection":"Mundo"},{"@type":"BreadcrumbList","@id":"https:\/\/acontecenafronteira.com.br\/index.php\/2026\/09\/06\/incendio-destroi-galpao-em-foz-do-iguacu-sem-vitimas\/#breadcrumblist","itemListElement":[{"@type":"ListItem","@id":"https:\/\/acontecenafronteira.com.br#listItem","position":1,"name":"Home","item":"https:\/\/acontecenafronteira.com.br","nextItem":{"@type":"ListItem","@id":"https:\/\/acontecenafronteira.com.br\/index.php\/category\/mundo\/#listItem","name":"Mundo"}},{"@type":"ListItem","@id":"https:\/\/acontecenafronteira.com.br\/index.php\/category\/mundo\/#listItem","position":2,"name":"Mundo","item":"https:\/\/acontecenafronteira.com.br\/index.php\/category\/mundo\/","nextItem":{"@type":"ListItem","@id":"https:\/\/acontecenafronteira.com.br\/index.php\/2026\/09\/06\/incendio-destroi-galpao-em-foz-do-iguacu-sem-vitimas\/#listItem","name":"Inc\u00eandio destr\u00f3i galp\u00e3o em Foz do Igua\u00e7u sem v\u00edtimas"},"previousItem":{"@type":"ListItem","@id":"https:\/\/acontecenafronteira.com.br#listItem","name":"Home"}},{"@type":"ListItem","@id":"https:\/\/acontecenafronteira.com.br\/index.php\/2026\/09\/06\/incendio-destroi-galpao-em-foz-do-iguacu-sem-vitimas\/#listItem","position":3,"name":"Inc\u00eandio destr\u00f3i galp\u00e3o em Foz do Igua\u00e7u sem v\u00edtimas","previousItem":{"@type":"ListItem","@id":"https:\/\/acontecenafronteira.com.br\/index.php\/category\/mundo\/#listItem","name":"Mundo"}}]},{"@type":"Organization","@id":"https:\/\/acontecenafronteira.com.br\/#organization","name":"Acontece Na Fronteira","description":"Noticias da Triplice Fronteira","url":"https:\/\/acontecenafronteira.com.br\/","logo":{"@type":"ImageObject","url":"https:\/\/acontecenafronteira.com.br\/wp-content\/uploads\/2021\/11\/logo-acontece-1.jpg","@id":"https:\/\/acontecenafronteira.com.br\/index.php\/2026\/09\/06\/incendio-destroi-galpao-em-foz-do-iguacu-sem-vitimas\/#organizationLogo","width":519,"height":134},"image":{"@id":"https:\/\/acontecenafronteira.com.br\/index.php\/2026\/09\/06\/incendio-destroi-galpao-em-foz-do-iguacu-sem-vitimas\/#organizationLogo"}},{"@type":"WebPage","@id":"https:\/\/acontecenafronteira.com.br\/index.php\/2026\/09\/06\/incendio-destroi-galpao-em-foz-do-iguacu-sem-vitimas\/#webpage","url":"https:\/\/acontecenafronteira.com.br\/index.php\/2026\/09\/06\/incendio-destroi-galpao-em-foz-do-iguacu-sem-vitimas\/","name":"Inc\u00eandio destr\u00f3i galp\u00e3o em Foz do Igua\u00e7u sem v\u00edtimas - Acontece Na Fronteira","description":"Um inc\u00eandio de grande propor\u00e7\u00e3o destruiu por completo um galp\u00e3o localizado na regi\u00e3o de Foz do Igua\u00e7u, no estado do Paran\u00e1, durante a madrugada. As chamas causaram estragos estruturais severos e mobilizaram dezenas de agentes de seguran\u00e7a para conter o avan\u00e7o do fogo. A\u00e7\u00e3o r\u00e1pida do Corpo de Bombeiros O alerta sobre o sinistro foi","inLanguage":"pt-PT","isPartOf":{"@id":"https:\/\/acontecenafronteira.com.br\/#website"},"breadcrumb":{"@id":"https:\/\/acontecenafronteira.com.br\/index.php\/2026\/09\/06\/incendio-destroi-galpao-em-foz-do-iguacu-sem-vitimas\/#breadcrumblist"},"author":{"@id":"https:\/\/acontecenafronteira.com.br\/index.php\/author\/#author"},"creator":{"@id":"https:\/\/acontecenafronteira.com.br\/index.php\/author\/#author"},"image":{"@type":"ImageObject","url":"https:\/\/acontecenafronteira.com.br\/wp-content\/uploads\/2026\/09\/incendio-destroi-um-galpao-da-ceagesp-na-zona-oeste-de-sao-paulo-1788705456.jpg?v=1788705457","@id":"https:\/\/acontecenafronteira.com.br\/index.php\/2026\/09\/06\/incendio-destroi-galpao-em-foz-do-iguacu-sem-vitimas\/#mainImage","width":1200,"height":721,"caption":"Inc\u00eandio destroi um galp\u00e3o da Ceagesp na Zona Oeste de S\u00e3o Paulo"},"primaryImageOfPage":{"@id":"https:\/\/acontecenafronteira.com.br\/index.php\/2026\/09\/06\/incendio-destroi-galpao-em-foz-do-iguacu-sem-vitimas\/#mainImage"},"datePublished":"2026-09-06T11:37:37-03:00","dateModified":"2026-09-06T11:37:37-03:00"},{"@type":"WebSite","@id":"https:\/\/acontecenafronteira.com.br\/#website","url":"https:\/\/acontecenafronteira.com.br\/","name":"Acontece Na Fronteira","description":"Noticias da Triplice Fronteira","inLanguage":"pt-PT","publisher":{"@id":"https:\/\/acontecenafronteira.com.br\/#organization"}}]},"og:locale":"pt_PT","og:site_name":"Acontece Na Fronteira - Noticias da Triplice Fronteira","og:type":"article","og:title":"Inc\u00eandio destr\u00f3i galp\u00e3o em Foz do Igua\u00e7u sem v\u00edtimas - Acontece Na Fronteira","og:description":"Um inc\u00eandio de grande propor\u00e7\u00e3o destruiu por completo um galp\u00e3o localizado na regi\u00e3o de Foz do Igua\u00e7u, no estado do Paran\u00e1, durante a madrugada. As chamas causaram estragos estruturais severos e mobilizaram dezenas de agentes de seguran\u00e7a para conter o avan\u00e7o do fogo. A\u00e7\u00e3o r\u00e1pida do Corpo de Bombeiros O alerta sobre o sinistro foi","og:url":"https:\/\/acontecenafronteira.com.br\/index.php\/2026\/09\/06\/incendio-destroi-galpao-em-foz-do-iguacu-sem-vitimas\/","og:image":"https:\/\/acontecenafronteira.com.br\/wp-content\/uploads\/2021\/11\/logo-acontece-1.jpg","og:image:secure_url":"https:\/\/acontecenafronteira.com.br\/wp-content\/uploads\/2021\/11\/logo-acontece-1.jpg","article:published_time":"2026-09-06T14:37:37+00:00","article:modified_time":"2026-09-06T14:37:37+00:00","twitter:card":"summary_large_image","twitter:title":"Inc\u00eandio destr\u00f3i galp\u00e3o em Foz do Igua\u00e7u sem v\u00edtimas - Acontece Na Fronteira","twitter:description":"Um inc\u00eandio de grande propor\u00e7\u00e3o destruiu por completo um galp\u00e3o localizado na regi\u00e3o de Foz do Igua\u00e7u, no estado do Paran\u00e1, durante a madrugada. As chamas causaram estragos estruturais severos e mobilizaram dezenas de agentes de seguran\u00e7a para conter o avan\u00e7o do fogo. A\u00e7\u00e3o r\u00e1pida do Corpo de Bombeiros O alerta sobre o sinistro foi","twitter:image":"https:\/\/acontecenafronteira.com.br\/wp-content\/uploads\/2021\/11\/logo-acontece-1.jpg"},"aioseo_meta_data":[],"aioseo_breadcrumb":"<div class=\"aioseo-breadcrumbs\"><span class=\"aioseo-breadcrumb\">\n\t\t\t<a href=\"https:\/\/acontecenafronteira.com.br\" title=\"Home\">Home<\/a>\n\t\t<\/span><span class=\"aioseo-breadcrumb-separator\">&raquo;<\/span><span class=\"aioseo-breadcrumb\">\n\t\t\t<a href=\"https:\/\/acontecenafronteira.com.br\/index.php\/category\/mundo\/\" title=\"Mundo\">Mundo<\/a>\n\t\t<\/span><span class=\"aioseo-breadcrumb-separator\">&raquo;<\/span><span class=\"aioseo-breadcrumb\">\n\t\t\tInc\u00eandio destr\u00f3i galp\u00e3o em Foz do Igua\u00e7u sem v\u00edtimas\n\t\t<\/span><\/div>","aioseo_breadcrumb_json":[{"label":"Home","link":"https:\/\/acontecenafronteira.com.br"},{"label":"Mundo","link":"https:\/\/acontecenafronteira.com.br\/index.php\/category\/mundo\/"},{"label":"Inc\u00eandio destr\u00f3i galp\u00e3o em Foz do Igua\u00e7u sem v\u00edtimas","link":"https:\/\/acontecenafronteira.com.br\/index.php\/2026\/09\/06\/incendio-destroi-galpao-em-foz-do-iguacu-sem-vitimas\/"}],"_links":{"self":[{"href":"https:\/\/acontecenafronteira.com.br\/index.php\/wp-json\/wp\/v2\/posts\/36768","targetHints":{"allow":["GET"]}}],"collection":[{"href":"https:\/\/acontecenafronteira.com.br\/index.php\/wp-json\/wp\/v2\/posts"}],"about":[{"href":"https:\/\/acontecenafronteira.com.br\/index.php\/wp-json\/wp\/v2\/types\/post"}],"replies":[{"embeddable":true,"href":"https:\/\/acontecenafronteira.com.br\/index.php\/wp-json\/wp\/v2\/comments?post=36768"}],"version-history":[{"count":1,"href":"https:\/\/acontecenafronteira.com.br\/index.php\/wp-json\/wp\/v2\/posts\/36768\/revisions"}],"predecessor-version":[{"id":36773,"href":"https:\/\/acontecenafronteira.com.br\/index.php\/wp-json\/wp\/v2\/posts\/36768\/revisions\/36773"}],"wp:featuredmedia":[{"embeddable":true,"href":"https:\/\/acontecenafronteira.com.br\/index.php\/wp-json\/wp\/v2\/media\/36774"}],"wp:attachment":[{"href":"https:\/\/acontecenafronteira.com.br\/index.php\/wp-json\/wp\/v2\/media?parent=36768"}],"wp:term":[{"taxonomy":"category","embeddable":true,"href":"https:\/\/acontecenafronteira.com.br\/index.php\/wp-json\/wp\/v2\/categories?post=36768"},{"taxonomy":"post_tag","embeddable":true,"href":"https:\/\/acontecenafronteira.com.br\/index.php\/wp-json\/wp\/v2\/tags?post=36768"}],"curies":[{"name":"wp","href":"https:\/\/api.w.org\/{rel}","templated":true}]}}