{"id":36761,"date":"2026-09-06T11:37:21","date_gmt":"2026-09-06T14:37:21","guid":{"rendered":"https:\/\/acontecenafronteira.com.br\/?p=36761"},"modified":"2026-09-06T11:37:21","modified_gmt":"2026-09-06T14:37:21","slug":"tre-pr-pune-sandro-alex-por-ataques-a-sergio-moro","status":"publish","type":"post","link":"https:\/\/acontecenafronteira.com.br\/index.php\/2026\/09\/06\/tre-pr-pune-sandro-alex-por-ataques-a-sergio-moro\/","title":{"rendered":"TRE-PR pune Sandro Alex por ataques a Sergio Moro"},"content":{"rendered":"<p>A Justi\u00e7a Eleitoral do estado determinou a retirada de 30 segundos do tempo de propaganda eleitoral gratuita do candidato Sandro Alex, ap\u00f3s constatar ataques direcionados a Sergio Moro.<\/p>\n<h2>A decis\u00e3o do Tribunal Regional Eleitoral<\/h2>\n<p>A medida punitiva foi oficializada neste s\u00e1bado (5) pelo Tribunal Regional Eleitoral do Paran\u00e1, impondo a san\u00e7\u00e3o ap\u00f3s an\u00e1lise de conte\u00fado considerado irregular veiculado na campanha.<\/p>\n<h3>O contexto da disputa pol\u00edtica<\/h3>\n<p>O atrito entre os dois pol\u00edticos paranaenses escalou nos \u00faltimos dias, resultando em a\u00e7\u00f5es judiciais para conter a propaga\u00e7\u00e3o de ofensas e mensagens de cunho pejorativo no hor\u00e1rio eleitoral.<\/p>\n<p>Com a nova determina\u00e7\u00e3o da corte paranaense, a coliga\u00e7\u00e3o respons\u00e1vel pela propaganda do candidato penalizado precisar\u00e1 ajustar imediatamente a inser\u00e7\u00e3o dos v\u00eddeos veiculados nas emissoras de r\u00e1dio e televis\u00e3o do estado.<\/p>\n<p>As equipes jur\u00eddicas de ambos os lados continuam monitorando de perto todas as pe\u00e7as publicit\u00e1rias para evitar novas infra\u00e7\u00f5es \u00e0s normas estabelecidas pela legisla\u00e7\u00e3o eleitoral vigente.<\/p>\n<p>Este epis\u00f3dio marca mais um cap\u00edtulo acirrado na corrida eleitoral paranaense, evidenciando o rigor da fiscaliza\u00e7\u00e3o sobre a conduta dos candidatos durante o per\u00edodo de campanha oficial.<\/p>\n<p>Por Reda\u00e7\u00e3o Acontece<\/p>\n<p>Cr\u00e9ditos da imagem: Divulga\u00e7\u00e3o \/ TRE-PR<\/p>\n","protected":false},"excerpt":{"rendered":"<p>A Justi\u00e7a Eleitoral do estado determinou a retirada de 30 segundos do tempo de propaganda eleitoral gratuita do candidato Sandro Alex, ap\u00f3s constatar ataques direcionados a Sergio Moro. A decis\u00e3o do Tribunal Regional Eleitoral A medida punitiva foi oficializada neste s\u00e1bado (5) pelo Tribunal Regional Eleitoral do Paran\u00e1, impondo a san\u00e7\u00e3o ap\u00f3s an\u00e1lise de conte\u00fado [&hellip;]<\/p>\n","protected":false},"author":0,"featured_media":36767,"comment_status":"open","ping_status":"open","sticky":false,"template":"","format":"standard","meta":{"_monsterinsights_skip_tracking":false,"_uf_show_specific_survey":0,"_uf_disable_surveys":false,"footnotes":""},"categories":[18],"tags":[],"class_list":["post-36761","post","type-post","status-publish","format-standard","has-post-thumbnail","hentry","category-parana"],"aioseo_notices":[],"aioseo_head":"\n\t\t<!-- All in One SEO 5.0.1.1 - aioseo.com -->\n\t<meta name=\"description\" content=\"A Justi\u00e7a Eleitoral do estado determinou a retirada de 30 segundos do tempo de propaganda eleitoral gratuita do candidato Sandro Alex, ap\u00f3s constatar ataques direcionados a Sergio Moro. A decis\u00e3o do Tribunal Regional Eleitoral A medida punitiva foi oficializada neste s\u00e1bado (5) pelo Tribunal Regional Eleitoral do Paran\u00e1, impondo a san\u00e7\u00e3o ap\u00f3s an\u00e1lise de conte\u00fado\" \/>\n\t<meta name=\"robots\" content=\"max-image-preview:large\" \/>\n\t<link rel=\"canonical\" href=\"https:\/\/acontecenafronteira.com.br\/index.php\/2026\/09\/06\/tre-pr-pune-sandro-alex-por-ataques-a-sergio-moro\/\" \/>\n\t<meta name=\"generator\" content=\"All in One SEO (AIOSEO) 5.0.1.1\" \/>\n\t\t<meta property=\"og:locale\" content=\"pt_PT\" \/>\n\t\t<meta property=\"og:site_name\" content=\"Acontece Na Fronteira - Noticias da Triplice Fronteira\" \/>\n\t\t<meta property=\"og:type\" content=\"article\" \/>\n\t\t<meta property=\"og:title\" content=\"TRE-PR pune Sandro Alex por ataques a Sergio Moro - Acontece Na Fronteira\" \/>\n\t\t<meta property=\"og:description\" content=\"A Justi\u00e7a Eleitoral do estado determinou a retirada de 30 segundos do tempo de propaganda eleitoral gratuita do candidato Sandro Alex, ap\u00f3s constatar ataques direcionados a Sergio Moro. A decis\u00e3o do Tribunal Regional Eleitoral A medida punitiva foi oficializada neste s\u00e1bado (5) pelo Tribunal Regional Eleitoral do Paran\u00e1, impondo a san\u00e7\u00e3o ap\u00f3s an\u00e1lise de conte\u00fado\" \/>\n\t\t<meta property=\"og:url\" content=\"https:\/\/acontecenafronteira.com.br\/index.php\/2026\/09\/06\/tre-pr-pune-sandro-alex-por-ataques-a-sergio-moro\/\" \/>\n\t\t<meta property=\"og:image\" content=\"https:\/\/acontecenafronteira.com.br\/wp-content\/uploads\/2021\/11\/logo-acontece-1.jpg\" \/>\n\t\t<meta property=\"og:image:secure_url\" content=\"https:\/\/acontecenafronteira.com.br\/wp-content\/uploads\/2021\/11\/logo-acontece-1.jpg\" \/>\n\t\t<meta property=\"article:published_time\" content=\"2026-09-06T14:37:21+00:00\" \/>\n\t\t<meta property=\"article:modified_time\" content=\"2026-09-06T14:37:21+00:00\" \/>\n\t\t<meta name=\"twitter:card\" content=\"summary_large_image\" \/>\n\t\t<meta name=\"twitter:title\" content=\"TRE-PR pune Sandro Alex por ataques a Sergio Moro - Acontece Na Fronteira\" \/>\n\t\t<meta name=\"twitter:description\" content=\"A Justi\u00e7a Eleitoral do estado determinou a retirada de 30 segundos do tempo de propaganda eleitoral gratuita do candidato Sandro Alex, ap\u00f3s constatar ataques direcionados a Sergio Moro. A decis\u00e3o do Tribunal Regional Eleitoral A medida punitiva foi oficializada neste s\u00e1bado (5) pelo Tribunal Regional Eleitoral do Paran\u00e1, impondo a san\u00e7\u00e3o ap\u00f3s an\u00e1lise de conte\u00fado\" \/>\n\t\t<meta name=\"twitter:image\" content=\"https:\/\/acontecenafronteira.com.br\/wp-content\/uploads\/2021\/11\/logo-acontece-1.jpg\" \/>\n\t\t<script type=\"application\/ld+json\" class=\"aioseo-schema\">\n\t\t\t{\"@context\":\"https:\\\/\\\/schema.org\",\"@graph\":[{\"@type\":\"BlogPosting\",\"@id\":\"https:\\\/\\\/acontecenafronteira.com.br\\\/index.php\\\/2026\\\/09\\\/06\\\/tre-pr-pune-sandro-alex-por-ataques-a-sergio-moro\\\/#blogposting\",\"name\":\"TRE-PR pune Sandro Alex por ataques a Sergio Moro - Acontece Na Fronteira\",\"headline\":\"TRE-PR pune Sandro Alex por ataques a Sergio Moro\",\"author\":{\"@id\":\"https:\\\/\\\/acontecenafronteira.com.br\\\/index.php\\\/author\\\/#author\"},\"publisher\":{\"@id\":\"https:\\\/\\\/acontecenafronteira.com.br\\\/#organization\"},\"image\":{\"@type\":\"ImageObject\",\"url\":\"https:\\\/\\\/acontecenafronteira.com.br\\\/wp-content\\\/uploads\\\/2026\\\/09\\\/tre-pr-tira-30-segundos-de-propaganda-de-sandro-alex-apos-ataque-a-moro-1788705441.jpg?v=1788705441\",\"width\":730,\"height\":400,\"caption\":\"TRE-PR tira 30 segundos de propaganda de Sandro Alex ap\\u00f3s ataque a Moro\"},\"datePublished\":\"2026-09-06T11:37:21-03:00\",\"dateModified\":\"2026-09-06T11:37:21-03:00\",\"inLanguage\":\"pt-PT\",\"mainEntityOfPage\":{\"@id\":\"https:\\\/\\\/acontecenafronteira.com.br\\\/index.php\\\/2026\\\/09\\\/06\\\/tre-pr-pune-sandro-alex-por-ataques-a-sergio-moro\\\/#webpage\"},\"isPartOf\":{\"@id\":\"https:\\\/\\\/acontecenafronteira.com.br\\\/index.php\\\/2026\\\/09\\\/06\\\/tre-pr-pune-sandro-alex-por-ataques-a-sergio-moro\\\/#webpage\"},\"articleSection\":\"Paran\\u00e1\"},{\"@type\":\"BreadcrumbList\",\"@id\":\"https:\\\/\\\/acontecenafronteira.com.br\\\/index.php\\\/2026\\\/09\\\/06\\\/tre-pr-pune-sandro-alex-por-ataques-a-sergio-moro\\\/#breadcrumblist\",\"itemListElement\":[{\"@type\":\"ListItem\",\"@id\":\"https:\\\/\\\/acontecenafronteira.com.br#listItem\",\"position\":1,\"name\":\"Home\",\"item\":\"https:\\\/\\\/acontecenafronteira.com.br\",\"nextItem\":{\"@type\":\"ListItem\",\"@id\":\"https:\\\/\\\/acontecenafronteira.com.br\\\/index.php\\\/category\\\/parana\\\/#listItem\",\"name\":\"Paran\\u00e1\"}},{\"@type\":\"ListItem\",\"@id\":\"https:\\\/\\\/acontecenafronteira.com.br\\\/index.php\\\/category\\\/parana\\\/#listItem\",\"position\":2,\"name\":\"Paran\\u00e1\",\"item\":\"https:\\\/\\\/acontecenafronteira.com.br\\\/index.php\\\/category\\\/parana\\\/\",\"nextItem\":{\"@type\":\"ListItem\",\"@id\":\"https:\\\/\\\/acontecenafronteira.com.br\\\/index.php\\\/2026\\\/09\\\/06\\\/tre-pr-pune-sandro-alex-por-ataques-a-sergio-moro\\\/#listItem\",\"name\":\"TRE-PR pune Sandro Alex por ataques a Sergio Moro\"},\"previousItem\":{\"@type\":\"ListItem\",\"@id\":\"https:\\\/\\\/acontecenafronteira.com.br#listItem\",\"name\":\"Home\"}},{\"@type\":\"ListItem\",\"@id\":\"https:\\\/\\\/acontecenafronteira.com.br\\\/index.php\\\/2026\\\/09\\\/06\\\/tre-pr-pune-sandro-alex-por-ataques-a-sergio-moro\\\/#listItem\",\"position\":3,\"name\":\"TRE-PR pune Sandro Alex por ataques a Sergio Moro\",\"previousItem\":{\"@type\":\"ListItem\",\"@id\":\"https:\\\/\\\/acontecenafronteira.com.br\\\/index.php\\\/category\\\/parana\\\/#listItem\",\"name\":\"Paran\\u00e1\"}}]},{\"@type\":\"Organization\",\"@id\":\"https:\\\/\\\/acontecenafronteira.com.br\\\/#organization\",\"name\":\"Acontece Na Fronteira\",\"description\":\"Noticias da Triplice Fronteira\",\"url\":\"https:\\\/\\\/acontecenafronteira.com.br\\\/\",\"logo\":{\"@type\":\"ImageObject\",\"url\":\"https:\\\/\\\/acontecenafronteira.com.br\\\/wp-content\\\/uploads\\\/2021\\\/11\\\/logo-acontece-1.jpg\",\"@id\":\"https:\\\/\\\/acontecenafronteira.com.br\\\/index.php\\\/2026\\\/09\\\/06\\\/tre-pr-pune-sandro-alex-por-ataques-a-sergio-moro\\\/#organizationLogo\",\"width\":519,\"height\":134},\"image\":{\"@id\":\"https:\\\/\\\/acontecenafronteira.com.br\\\/index.php\\\/2026\\\/09\\\/06\\\/tre-pr-pune-sandro-alex-por-ataques-a-sergio-moro\\\/#organizationLogo\"}},{\"@type\":\"WebPage\",\"@id\":\"https:\\\/\\\/acontecenafronteira.com.br\\\/index.php\\\/2026\\\/09\\\/06\\\/tre-pr-pune-sandro-alex-por-ataques-a-sergio-moro\\\/#webpage\",\"url\":\"https:\\\/\\\/acontecenafronteira.com.br\\\/index.php\\\/2026\\\/09\\\/06\\\/tre-pr-pune-sandro-alex-por-ataques-a-sergio-moro\\\/\",\"name\":\"TRE-PR pune Sandro Alex por ataques a Sergio Moro - Acontece Na Fronteira\",\"description\":\"A Justi\\u00e7a Eleitoral do estado determinou a retirada de 30 segundos do tempo de propaganda eleitoral gratuita do candidato Sandro Alex, ap\\u00f3s constatar ataques direcionados a Sergio Moro. A decis\\u00e3o do Tribunal Regional Eleitoral A medida punitiva foi oficializada neste s\\u00e1bado (5) pelo Tribunal Regional Eleitoral do Paran\\u00e1, impondo a san\\u00e7\\u00e3o ap\\u00f3s an\\u00e1lise de conte\\u00fado\",\"inLanguage\":\"pt-PT\",\"isPartOf\":{\"@id\":\"https:\\\/\\\/acontecenafronteira.com.br\\\/#website\"},\"breadcrumb\":{\"@id\":\"https:\\\/\\\/acontecenafronteira.com.br\\\/index.php\\\/2026\\\/09\\\/06\\\/tre-pr-pune-sandro-alex-por-ataques-a-sergio-moro\\\/#breadcrumblist\"},\"author\":{\"@id\":\"https:\\\/\\\/acontecenafronteira.com.br\\\/index.php\\\/author\\\/#author\"},\"creator\":{\"@id\":\"https:\\\/\\\/acontecenafronteira.com.br\\\/index.php\\\/author\\\/#author\"},\"image\":{\"@type\":\"ImageObject\",\"url\":\"https:\\\/\\\/acontecenafronteira.com.br\\\/wp-content\\\/uploads\\\/2026\\\/09\\\/tre-pr-tira-30-segundos-de-propaganda-de-sandro-alex-apos-ataque-a-moro-1788705441.jpg?v=1788705441\",\"@id\":\"https:\\\/\\\/acontecenafronteira.com.br\\\/index.php\\\/2026\\\/09\\\/06\\\/tre-pr-pune-sandro-alex-por-ataques-a-sergio-moro\\\/#mainImage\",\"width\":730,\"height\":400,\"caption\":\"TRE-PR tira 30 segundos de propaganda de Sandro Alex ap\\u00f3s ataque a Moro\"},\"primaryImageOfPage\":{\"@id\":\"https:\\\/\\\/acontecenafronteira.com.br\\\/index.php\\\/2026\\\/09\\\/06\\\/tre-pr-pune-sandro-alex-por-ataques-a-sergio-moro\\\/#mainImage\"},\"datePublished\":\"2026-09-06T11:37:21-03:00\",\"dateModified\":\"2026-09-06T11:37:21-03:00\"},{\"@type\":\"WebSite\",\"@id\":\"https:\\\/\\\/acontecenafronteira.com.br\\\/#website\",\"url\":\"https:\\\/\\\/acontecenafronteira.com.br\\\/\",\"name\":\"Acontece Na Fronteira\",\"description\":\"Noticias da Triplice Fronteira\",\"inLanguage\":\"pt-PT\",\"publisher\":{\"@id\":\"https:\\\/\\\/acontecenafronteira.com.br\\\/#organization\"}}]}\n\t\t<\/script>\n\t\t<!-- All in One SEO -->\n\n","aioseo_head_json":{"title":"TRE-PR pune Sandro Alex por ataques a Sergio Moro - Acontece Na Fronteira","description":"A Justi\u00e7a Eleitoral do estado determinou a retirada de 30 segundos do tempo de propaganda eleitoral gratuita do candidato Sandro Alex, ap\u00f3s constatar ataques direcionados a Sergio Moro. A decis\u00e3o do Tribunal Regional Eleitoral A medida punitiva foi oficializada neste s\u00e1bado (5) pelo Tribunal Regional Eleitoral do Paran\u00e1, impondo a san\u00e7\u00e3o ap\u00f3s an\u00e1lise de conte\u00fado","canonical_url":"https:\/\/acontecenafronteira.com.br\/index.php\/2026\/09\/06\/tre-pr-pune-sandro-alex-por-ataques-a-sergio-moro\/","robots":"max-image-preview:large","keywords":"","webmasterTools":{"miscellaneous":""},"schema":{"@context":"https:\/\/schema.org","@graph":[{"@type":"BlogPosting","@id":"https:\/\/acontecenafronteira.com.br\/index.php\/2026\/09\/06\/tre-pr-pune-sandro-alex-por-ataques-a-sergio-moro\/#blogposting","name":"TRE-PR pune Sandro Alex por ataques a Sergio Moro - Acontece Na Fronteira","headline":"TRE-PR pune Sandro Alex por ataques a Sergio Moro","author":{"@id":"https:\/\/acontecenafronteira.com.br\/index.php\/author\/#author"},"publisher":{"@id":"https:\/\/acontecenafronteira.com.br\/#organization"},"image":{"@type":"ImageObject","url":"https:\/\/acontecenafronteira.com.br\/wp-content\/uploads\/2026\/09\/tre-pr-tira-30-segundos-de-propaganda-de-sandro-alex-apos-ataque-a-moro-1788705441.jpg?v=1788705441","width":730,"height":400,"caption":"TRE-PR tira 30 segundos de propaganda de Sandro Alex ap\u00f3s ataque a Moro"},"datePublished":"2026-09-06T11:37:21-03:00","dateModified":"2026-09-06T11:37:21-03:00","inLanguage":"pt-PT","mainEntityOfPage":{"@id":"https:\/\/acontecenafronteira.com.br\/index.php\/2026\/09\/06\/tre-pr-pune-sandro-alex-por-ataques-a-sergio-moro\/#webpage"},"isPartOf":{"@id":"https:\/\/acontecenafronteira.com.br\/index.php\/2026\/09\/06\/tre-pr-pune-sandro-alex-por-ataques-a-sergio-moro\/#webpage"},"articleSection":"Paran\u00e1"},{"@type":"BreadcrumbList","@id":"https:\/\/acontecenafronteira.com.br\/index.php\/2026\/09\/06\/tre-pr-pune-sandro-alex-por-ataques-a-sergio-moro\/#breadcrumblist","itemListElement":[{"@type":"ListItem","@id":"https:\/\/acontecenafronteira.com.br#listItem","position":1,"name":"Home","item":"https:\/\/acontecenafronteira.com.br","nextItem":{"@type":"ListItem","@id":"https:\/\/acontecenafronteira.com.br\/index.php\/category\/parana\/#listItem","name":"Paran\u00e1"}},{"@type":"ListItem","@id":"https:\/\/acontecenafronteira.com.br\/index.php\/category\/parana\/#listItem","position":2,"name":"Paran\u00e1","item":"https:\/\/acontecenafronteira.com.br\/index.php\/category\/parana\/","nextItem":{"@type":"ListItem","@id":"https:\/\/acontecenafronteira.com.br\/index.php\/2026\/09\/06\/tre-pr-pune-sandro-alex-por-ataques-a-sergio-moro\/#listItem","name":"TRE-PR pune Sandro Alex por ataques a Sergio Moro"},"previousItem":{"@type":"ListItem","@id":"https:\/\/acontecenafronteira.com.br#listItem","name":"Home"}},{"@type":"ListItem","@id":"https:\/\/acontecenafronteira.com.br\/index.php\/2026\/09\/06\/tre-pr-pune-sandro-alex-por-ataques-a-sergio-moro\/#listItem","position":3,"name":"TRE-PR pune Sandro Alex por ataques a Sergio Moro","previousItem":{"@type":"ListItem","@id":"https:\/\/acontecenafronteira.com.br\/index.php\/category\/parana\/#listItem","name":"Paran\u00e1"}}]},{"@type":"Organization","@id":"https:\/\/acontecenafronteira.com.br\/#organization","name":"Acontece Na Fronteira","description":"Noticias da Triplice Fronteira","url":"https:\/\/acontecenafronteira.com.br\/","logo":{"@type":"ImageObject","url":"https:\/\/acontecenafronteira.com.br\/wp-content\/uploads\/2021\/11\/logo-acontece-1.jpg","@id":"https:\/\/acontecenafronteira.com.br\/index.php\/2026\/09\/06\/tre-pr-pune-sandro-alex-por-ataques-a-sergio-moro\/#organizationLogo","width":519,"height":134},"image":{"@id":"https:\/\/acontecenafronteira.com.br\/index.php\/2026\/09\/06\/tre-pr-pune-sandro-alex-por-ataques-a-sergio-moro\/#organizationLogo"}},{"@type":"WebPage","@id":"https:\/\/acontecenafronteira.com.br\/index.php\/2026\/09\/06\/tre-pr-pune-sandro-alex-por-ataques-a-sergio-moro\/#webpage","url":"https:\/\/acontecenafronteira.com.br\/index.php\/2026\/09\/06\/tre-pr-pune-sandro-alex-por-ataques-a-sergio-moro\/","name":"TRE-PR pune Sandro Alex por ataques a Sergio Moro - Acontece Na Fronteira","description":"A Justi\u00e7a Eleitoral do estado determinou a retirada de 30 segundos do tempo de propaganda eleitoral gratuita do candidato Sandro Alex, ap\u00f3s constatar ataques direcionados a Sergio Moro. A decis\u00e3o do Tribunal Regional Eleitoral A medida punitiva foi oficializada neste s\u00e1bado (5) pelo Tribunal Regional Eleitoral do Paran\u00e1, impondo a san\u00e7\u00e3o ap\u00f3s an\u00e1lise de conte\u00fado","inLanguage":"pt-PT","isPartOf":{"@id":"https:\/\/acontecenafronteira.com.br\/#website"},"breadcrumb":{"@id":"https:\/\/acontecenafronteira.com.br\/index.php\/2026\/09\/06\/tre-pr-pune-sandro-alex-por-ataques-a-sergio-moro\/#breadcrumblist"},"author":{"@id":"https:\/\/acontecenafronteira.com.br\/index.php\/author\/#author"},"creator":{"@id":"https:\/\/acontecenafronteira.com.br\/index.php\/author\/#author"},"image":{"@type":"ImageObject","url":"https:\/\/acontecenafronteira.com.br\/wp-content\/uploads\/2026\/09\/tre-pr-tira-30-segundos-de-propaganda-de-sandro-alex-apos-ataque-a-moro-1788705441.jpg?v=1788705441","@id":"https:\/\/acontecenafronteira.com.br\/index.php\/2026\/09\/06\/tre-pr-pune-sandro-alex-por-ataques-a-sergio-moro\/#mainImage","width":730,"height":400,"caption":"TRE-PR tira 30 segundos de propaganda de Sandro Alex ap\u00f3s ataque a Moro"},"primaryImageOfPage":{"@id":"https:\/\/acontecenafronteira.com.br\/index.php\/2026\/09\/06\/tre-pr-pune-sandro-alex-por-ataques-a-sergio-moro\/#mainImage"},"datePublished":"2026-09-06T11:37:21-03:00","dateModified":"2026-09-06T11:37:21-03:00"},{"@type":"WebSite","@id":"https:\/\/acontecenafronteira.com.br\/#website","url":"https:\/\/acontecenafronteira.com.br\/","name":"Acontece Na Fronteira","description":"Noticias da Triplice Fronteira","inLanguage":"pt-PT","publisher":{"@id":"https:\/\/acontecenafronteira.com.br\/#organization"}}]},"og:locale":"pt_PT","og:site_name":"Acontece Na Fronteira - Noticias da Triplice Fronteira","og:type":"article","og:title":"TRE-PR pune Sandro Alex por ataques a Sergio Moro - Acontece Na Fronteira","og:description":"A Justi\u00e7a Eleitoral do estado determinou a retirada de 30 segundos do tempo de propaganda eleitoral gratuita do candidato Sandro Alex, ap\u00f3s constatar ataques direcionados a Sergio Moro. A decis\u00e3o do Tribunal Regional Eleitoral A medida punitiva foi oficializada neste s\u00e1bado (5) pelo Tribunal Regional Eleitoral do Paran\u00e1, impondo a san\u00e7\u00e3o ap\u00f3s an\u00e1lise de conte\u00fado","og:url":"https:\/\/acontecenafronteira.com.br\/index.php\/2026\/09\/06\/tre-pr-pune-sandro-alex-por-ataques-a-sergio-moro\/","og:image":"https:\/\/acontecenafronteira.com.br\/wp-content\/uploads\/2021\/11\/logo-acontece-1.jpg","og:image:secure_url":"https:\/\/acontecenafronteira.com.br\/wp-content\/uploads\/2021\/11\/logo-acontece-1.jpg","article:published_time":"2026-09-06T14:37:21+00:00","article:modified_time":"2026-09-06T14:37:21+00:00","twitter:card":"summary_large_image","twitter:title":"TRE-PR pune Sandro Alex por ataques a Sergio Moro - Acontece Na Fronteira","twitter:description":"A Justi\u00e7a Eleitoral do estado determinou a retirada de 30 segundos do tempo de propaganda eleitoral gratuita do candidato Sandro Alex, ap\u00f3s constatar ataques direcionados a Sergio Moro. A decis\u00e3o do Tribunal Regional Eleitoral A medida punitiva foi oficializada neste s\u00e1bado (5) pelo Tribunal Regional Eleitoral do Paran\u00e1, impondo a san\u00e7\u00e3o ap\u00f3s an\u00e1lise de conte\u00fado","twitter:image":"https:\/\/acontecenafronteira.com.br\/wp-content\/uploads\/2021\/11\/logo-acontece-1.jpg"},"aioseo_meta_data":[],"aioseo_breadcrumb":"<div class=\"aioseo-breadcrumbs\"><span class=\"aioseo-breadcrumb\">\n\t\t\t<a href=\"https:\/\/acontecenafronteira.com.br\" title=\"Home\">Home<\/a>\n\t\t<\/span><span class=\"aioseo-breadcrumb-separator\">&raquo;<\/span><span class=\"aioseo-breadcrumb\">\n\t\t\t<a href=\"https:\/\/acontecenafronteira.com.br\/index.php\/category\/parana\/\" title=\"Paran\u00e1\">Paran\u00e1<\/a>\n\t\t<\/span><span class=\"aioseo-breadcrumb-separator\">&raquo;<\/span><span class=\"aioseo-breadcrumb\">\n\t\t\tTRE-PR pune Sandro Alex por ataques a Sergio Moro\n\t\t<\/span><\/div>","aioseo_breadcrumb_json":[{"label":"Home","link":"https:\/\/acontecenafronteira.com.br"},{"label":"Paran\u00e1","link":"https:\/\/acontecenafronteira.com.br\/index.php\/category\/parana\/"},{"label":"TRE-PR pune Sandro Alex por ataques a Sergio Moro","link":"https:\/\/acontecenafronteira.com.br\/index.php\/2026\/09\/06\/tre-pr-pune-sandro-alex-por-ataques-a-sergio-moro\/"}],"_links":{"self":[{"href":"https:\/\/acontecenafronteira.com.br\/index.php\/wp-json\/wp\/v2\/posts\/36761","targetHints":{"allow":["GET"]}}],"collection":[{"href":"https:\/\/acontecenafronteira.com.br\/index.php\/wp-json\/wp\/v2\/posts"}],"about":[{"href":"https:\/\/acontecenafronteira.com.br\/index.php\/wp-json\/wp\/v2\/types\/post"}],"replies":[{"embeddable":true,"href":"https:\/\/acontecenafronteira.com.br\/index.php\/wp-json\/wp\/v2\/comments?post=36761"}],"version-history":[{"count":1,"href":"https:\/\/acontecenafronteira.com.br\/index.php\/wp-json\/wp\/v2\/posts\/36761\/revisions"}],"predecessor-version":[{"id":36766,"href":"https:\/\/acontecenafronteira.com.br\/index.php\/wp-json\/wp\/v2\/posts\/36761\/revisions\/36766"}],"wp:featuredmedia":[{"embeddable":true,"href":"https:\/\/acontecenafronteira.com.br\/index.php\/wp-json\/wp\/v2\/media\/36767"}],"wp:attachment":[{"href":"https:\/\/acontecenafronteira.com.br\/index.php\/wp-json\/wp\/v2\/media?parent=36761"}],"wp:term":[{"taxonomy":"category","embeddable":true,"href":"https:\/\/acontecenafronteira.com.br\/index.php\/wp-json\/wp\/v2\/categories?post=36761"},{"taxonomy":"post_tag","embeddable":true,"href":"https:\/\/acontecenafronteira.com.br\/index.php\/wp-json\/wp\/v2\/tags?post=36761"}],"curies":[{"name":"wp","href":"https:\/\/api.w.org\/{rel}","templated":true}]}}