{"id":36760,"date":"2026-09-06T11:37:18","date_gmt":"2026-09-06T14:37:18","guid":{"rendered":"https:\/\/acontecenafronteira.com.br\/?p=36760"},"modified":"2026-09-06T11:37:18","modified_gmt":"2026-09-06T14:37:18","slug":"7-de-setembro-testa-forca-politica-de-lula-e-da-oposicao","status":"publish","type":"post","link":"https:\/\/acontecenafronteira.com.br\/index.php\/2026\/09\/06\/7-de-setembro-testa-forca-politica-de-lula-e-da-oposicao\/","title":{"rendered":"7 de Setembro testa for\u00e7a pol\u00edtica de Lula e da oposi\u00e7\u00e3o"},"content":{"rendered":"<p>O desfile oficial de 7 de Setembro deste ano adquiriu um peso pol\u00edtico estrat\u00e9gico e funciona como um verdadeiro teste de for\u00e7a para a capacidade de mobiliza\u00e7\u00e3o do presidente Luiz In\u00e1cio Lula da Silva e do senador Fl\u00e1vio Bolsonaro, ocorrendo bem na reta final da corrida eleitoral.<\/p>\n<h2>Cen\u00e1rio eleitoral nas ruas<\/h2>\n<p>O evento c\u00edvico ganhou contornos de demonstra\u00e7\u00e3o de popularidade, exigindo das principais lideran\u00e7as pol\u00edticas do pa\u00eds uma resposta r\u00e1pida em termos de presen\u00e7a de apoiadores e repercuss\u00e3o p\u00fablica nas redes sociais e na imprensa.<\/p>\n<h3>Estrat\u00e9gias dos grupos pol\u00edticos<\/h3>\n<p>Enquanto a base governista tenta consolidar a imagem de estabilidade institucional, a oposi\u00e7\u00e3o busca ocupar os espa\u00e7os p\u00fablicos para manter sua base engajada e demonstrar for\u00e7a pol\u00edtica antes das urnas.<\/p>\n<p>O engajamento popular durante o feriado \u00e9 visto pelos estrategistas de campanha como um term\u00f4metro antecipado do clima nas ruas, refletindo diretamente nas decis\u00f5es dos comit\u00eas eleitorais para as semanas decisivas que antecedem o pleito.<\/p>\n<h2>Impacto na corrida eleitoral<\/h2>\n<p>A repercuss\u00e3o dos atos e desfiles em todo o pa\u00eds serve como indicador do grau de polariza\u00e7\u00e3o e da mobiliza\u00e7\u00e3o dos eleitores mais fervorosos de ambos os lados pol\u00edticos envolvidos na disputa nacional.<\/p>\n<p>Por Reda\u00e7\u00e3o Acontece<\/p>\n<p>Foto: Divulga\u00e7\u00e3o\/Ag\u00eancia Brasil<\/p>\n","protected":false},"excerpt":{"rendered":"<p>O desfile oficial de 7 de Setembro deste ano adquiriu um peso pol\u00edtico estrat\u00e9gico e funciona como um verdadeiro teste de for\u00e7a para a capacidade de mobiliza\u00e7\u00e3o do presidente Luiz In\u00e1cio Lula da Silva e do senador Fl\u00e1vio Bolsonaro, ocorrendo bem na reta final da corrida eleitoral. Cen\u00e1rio eleitoral nas ruas O evento c\u00edvico ganhou [&hellip;]<\/p>\n","protected":false},"author":0,"featured_media":36765,"comment_status":"open","ping_status":"open","sticky":false,"template":"","format":"standard","meta":{"_monsterinsights_skip_tracking":false,"_uf_show_specific_survey":0,"_uf_disable_surveys":false,"footnotes":""},"categories":[18],"tags":[],"class_list":["post-36760","post","type-post","status-publish","format-standard","has-post-thumbnail","hentry","category-parana"],"aioseo_notices":[],"aioseo_head":"\n\t\t<!-- All in One SEO 5.0.1.1 - aioseo.com -->\n\t<meta name=\"description\" content=\"O desfile oficial de 7 de Setembro deste ano adquiriu um peso pol\u00edtico estrat\u00e9gico e funciona como um verdadeiro teste de for\u00e7a para a capacidade de mobiliza\u00e7\u00e3o do presidente Luiz In\u00e1cio Lula da Silva e do senador Fl\u00e1vio Bolsonaro, ocorrendo bem na reta final da corrida eleitoral. Cen\u00e1rio eleitoral nas ruas O evento c\u00edvico ganhou\" \/>\n\t<meta name=\"robots\" content=\"max-image-preview:large\" \/>\n\t<link rel=\"canonical\" href=\"https:\/\/acontecenafronteira.com.br\/index.php\/2026\/09\/06\/7-de-setembro-testa-forca-politica-de-lula-e-da-oposicao\/\" \/>\n\t<meta name=\"generator\" content=\"All in One SEO (AIOSEO) 5.0.1.1\" \/>\n\t\t<meta property=\"og:locale\" content=\"pt_PT\" \/>\n\t\t<meta property=\"og:site_name\" content=\"Acontece Na Fronteira - Noticias da Triplice Fronteira\" \/>\n\t\t<meta property=\"og:type\" content=\"article\" \/>\n\t\t<meta property=\"og:title\" content=\"7 de Setembro testa for\u00e7a pol\u00edtica de Lula e da oposi\u00e7\u00e3o - Acontece Na Fronteira\" \/>\n\t\t<meta property=\"og:description\" content=\"O desfile oficial de 7 de Setembro deste ano adquiriu um peso pol\u00edtico estrat\u00e9gico e funciona como um verdadeiro teste de for\u00e7a para a capacidade de mobiliza\u00e7\u00e3o do presidente Luiz In\u00e1cio Lula da Silva e do senador Fl\u00e1vio Bolsonaro, ocorrendo bem na reta final da corrida eleitoral. Cen\u00e1rio eleitoral nas ruas O evento c\u00edvico ganhou\" \/>\n\t\t<meta property=\"og:url\" content=\"https:\/\/acontecenafronteira.com.br\/index.php\/2026\/09\/06\/7-de-setembro-testa-forca-politica-de-lula-e-da-oposicao\/\" \/>\n\t\t<meta property=\"og:image\" content=\"https:\/\/acontecenafronteira.com.br\/wp-content\/uploads\/2021\/11\/logo-acontece-1.jpg\" \/>\n\t\t<meta property=\"og:image:secure_url\" content=\"https:\/\/acontecenafronteira.com.br\/wp-content\/uploads\/2021\/11\/logo-acontece-1.jpg\" \/>\n\t\t<meta property=\"article:published_time\" content=\"2026-09-06T14:37:18+00:00\" \/>\n\t\t<meta property=\"article:modified_time\" content=\"2026-09-06T14:37:18+00:00\" \/>\n\t\t<meta name=\"twitter:card\" content=\"summary_large_image\" \/>\n\t\t<meta name=\"twitter:title\" content=\"7 de Setembro testa for\u00e7a pol\u00edtica de Lula e da oposi\u00e7\u00e3o - Acontece Na Fronteira\" \/>\n\t\t<meta name=\"twitter:description\" content=\"O desfile oficial de 7 de Setembro deste ano adquiriu um peso pol\u00edtico estrat\u00e9gico e funciona como um verdadeiro teste de for\u00e7a para a capacidade de mobiliza\u00e7\u00e3o do presidente Luiz In\u00e1cio Lula da Silva e do senador Fl\u00e1vio Bolsonaro, ocorrendo bem na reta final da corrida eleitoral. Cen\u00e1rio eleitoral nas ruas O evento c\u00edvico ganhou\" \/>\n\t\t<meta name=\"twitter:image\" content=\"https:\/\/acontecenafronteira.com.br\/wp-content\/uploads\/2021\/11\/logo-acontece-1.jpg\" \/>\n\t\t<script type=\"application\/ld+json\" class=\"aioseo-schema\">\n\t\t\t{\"@context\":\"https:\\\/\\\/schema.org\",\"@graph\":[{\"@type\":\"BlogPosting\",\"@id\":\"https:\\\/\\\/acontecenafronteira.com.br\\\/index.php\\\/2026\\\/09\\\/06\\\/7-de-setembro-testa-forca-politica-de-lula-e-da-oposicao\\\/#blogposting\",\"name\":\"7 de Setembro testa for\\u00e7a pol\\u00edtica de Lula e da oposi\\u00e7\\u00e3o - Acontece Na Fronteira\",\"headline\":\"7 de Setembro testa for\\u00e7a pol\\u00edtica de Lula e da oposi\\u00e7\\u00e3o\",\"author\":{\"@id\":\"https:\\\/\\\/acontecenafronteira.com.br\\\/index.php\\\/author\\\/#author\"},\"publisher\":{\"@id\":\"https:\\\/\\\/acontecenafronteira.com.br\\\/#organization\"},\"image\":{\"@type\":\"ImageObject\",\"url\":\"https:\\\/\\\/acontecenafronteira.com.br\\\/wp-content\\\/uploads\\\/2026\\\/09\\\/7-de-setembro-vira-teste-de-forca-para-lula-e-flavio-bolsonaro-1788705438.jpg?v=1788705438\",\"width\":730,\"height\":400,\"caption\":\"7 de Setembro vira teste de for\\u00e7a para Lula e Fl\\u00e1vio Bolsonaro\"},\"datePublished\":\"2026-09-06T11:37:18-03:00\",\"dateModified\":\"2026-09-06T11:37:18-03:00\",\"inLanguage\":\"pt-PT\",\"mainEntityOfPage\":{\"@id\":\"https:\\\/\\\/acontecenafronteira.com.br\\\/index.php\\\/2026\\\/09\\\/06\\\/7-de-setembro-testa-forca-politica-de-lula-e-da-oposicao\\\/#webpage\"},\"isPartOf\":{\"@id\":\"https:\\\/\\\/acontecenafronteira.com.br\\\/index.php\\\/2026\\\/09\\\/06\\\/7-de-setembro-testa-forca-politica-de-lula-e-da-oposicao\\\/#webpage\"},\"articleSection\":\"Paran\\u00e1\"},{\"@type\":\"BreadcrumbList\",\"@id\":\"https:\\\/\\\/acontecenafronteira.com.br\\\/index.php\\\/2026\\\/09\\\/06\\\/7-de-setembro-testa-forca-politica-de-lula-e-da-oposicao\\\/#breadcrumblist\",\"itemListElement\":[{\"@type\":\"ListItem\",\"@id\":\"https:\\\/\\\/acontecenafronteira.com.br#listItem\",\"position\":1,\"name\":\"Home\",\"item\":\"https:\\\/\\\/acontecenafronteira.com.br\",\"nextItem\":{\"@type\":\"ListItem\",\"@id\":\"https:\\\/\\\/acontecenafronteira.com.br\\\/index.php\\\/category\\\/parana\\\/#listItem\",\"name\":\"Paran\\u00e1\"}},{\"@type\":\"ListItem\",\"@id\":\"https:\\\/\\\/acontecenafronteira.com.br\\\/index.php\\\/category\\\/parana\\\/#listItem\",\"position\":2,\"name\":\"Paran\\u00e1\",\"item\":\"https:\\\/\\\/acontecenafronteira.com.br\\\/index.php\\\/category\\\/parana\\\/\",\"nextItem\":{\"@type\":\"ListItem\",\"@id\":\"https:\\\/\\\/acontecenafronteira.com.br\\\/index.php\\\/2026\\\/09\\\/06\\\/7-de-setembro-testa-forca-politica-de-lula-e-da-oposicao\\\/#listItem\",\"name\":\"7 de Setembro testa for\\u00e7a pol\\u00edtica de Lula e da oposi\\u00e7\\u00e3o\"},\"previousItem\":{\"@type\":\"ListItem\",\"@id\":\"https:\\\/\\\/acontecenafronteira.com.br#listItem\",\"name\":\"Home\"}},{\"@type\":\"ListItem\",\"@id\":\"https:\\\/\\\/acontecenafronteira.com.br\\\/index.php\\\/2026\\\/09\\\/06\\\/7-de-setembro-testa-forca-politica-de-lula-e-da-oposicao\\\/#listItem\",\"position\":3,\"name\":\"7 de Setembro testa for\\u00e7a pol\\u00edtica de Lula e da oposi\\u00e7\\u00e3o\",\"previousItem\":{\"@type\":\"ListItem\",\"@id\":\"https:\\\/\\\/acontecenafronteira.com.br\\\/index.php\\\/category\\\/parana\\\/#listItem\",\"name\":\"Paran\\u00e1\"}}]},{\"@type\":\"Organization\",\"@id\":\"https:\\\/\\\/acontecenafronteira.com.br\\\/#organization\",\"name\":\"Acontece Na Fronteira\",\"description\":\"Noticias da Triplice Fronteira\",\"url\":\"https:\\\/\\\/acontecenafronteira.com.br\\\/\",\"logo\":{\"@type\":\"ImageObject\",\"url\":\"https:\\\/\\\/acontecenafronteira.com.br\\\/wp-content\\\/uploads\\\/2021\\\/11\\\/logo-acontece-1.jpg\",\"@id\":\"https:\\\/\\\/acontecenafronteira.com.br\\\/index.php\\\/2026\\\/09\\\/06\\\/7-de-setembro-testa-forca-politica-de-lula-e-da-oposicao\\\/#organizationLogo\",\"width\":519,\"height\":134},\"image\":{\"@id\":\"https:\\\/\\\/acontecenafronteira.com.br\\\/index.php\\\/2026\\\/09\\\/06\\\/7-de-setembro-testa-forca-politica-de-lula-e-da-oposicao\\\/#organizationLogo\"}},{\"@type\":\"WebPage\",\"@id\":\"https:\\\/\\\/acontecenafronteira.com.br\\\/index.php\\\/2026\\\/09\\\/06\\\/7-de-setembro-testa-forca-politica-de-lula-e-da-oposicao\\\/#webpage\",\"url\":\"https:\\\/\\\/acontecenafronteira.com.br\\\/index.php\\\/2026\\\/09\\\/06\\\/7-de-setembro-testa-forca-politica-de-lula-e-da-oposicao\\\/\",\"name\":\"7 de Setembro testa for\\u00e7a pol\\u00edtica de Lula e da oposi\\u00e7\\u00e3o - Acontece Na Fronteira\",\"description\":\"O desfile oficial de 7 de Setembro deste ano adquiriu um peso pol\\u00edtico estrat\\u00e9gico e funciona como um verdadeiro teste de for\\u00e7a para a capacidade de mobiliza\\u00e7\\u00e3o do presidente Luiz In\\u00e1cio Lula da Silva e do senador Fl\\u00e1vio Bolsonaro, ocorrendo bem na reta final da corrida eleitoral. Cen\\u00e1rio eleitoral nas ruas O evento c\\u00edvico ganhou\",\"inLanguage\":\"pt-PT\",\"isPartOf\":{\"@id\":\"https:\\\/\\\/acontecenafronteira.com.br\\\/#website\"},\"breadcrumb\":{\"@id\":\"https:\\\/\\\/acontecenafronteira.com.br\\\/index.php\\\/2026\\\/09\\\/06\\\/7-de-setembro-testa-forca-politica-de-lula-e-da-oposicao\\\/#breadcrumblist\"},\"author\":{\"@id\":\"https:\\\/\\\/acontecenafronteira.com.br\\\/index.php\\\/author\\\/#author\"},\"creator\":{\"@id\":\"https:\\\/\\\/acontecenafronteira.com.br\\\/index.php\\\/author\\\/#author\"},\"image\":{\"@type\":\"ImageObject\",\"url\":\"https:\\\/\\\/acontecenafronteira.com.br\\\/wp-content\\\/uploads\\\/2026\\\/09\\\/7-de-setembro-vira-teste-de-forca-para-lula-e-flavio-bolsonaro-1788705438.jpg?v=1788705438\",\"@id\":\"https:\\\/\\\/acontecenafronteira.com.br\\\/index.php\\\/2026\\\/09\\\/06\\\/7-de-setembro-testa-forca-politica-de-lula-e-da-oposicao\\\/#mainImage\",\"width\":730,\"height\":400,\"caption\":\"7 de Setembro vira teste de for\\u00e7a para Lula e Fl\\u00e1vio Bolsonaro\"},\"primaryImageOfPage\":{\"@id\":\"https:\\\/\\\/acontecenafronteira.com.br\\\/index.php\\\/2026\\\/09\\\/06\\\/7-de-setembro-testa-forca-politica-de-lula-e-da-oposicao\\\/#mainImage\"},\"datePublished\":\"2026-09-06T11:37:18-03:00\",\"dateModified\":\"2026-09-06T11:37:18-03:00\"},{\"@type\":\"WebSite\",\"@id\":\"https:\\\/\\\/acontecenafronteira.com.br\\\/#website\",\"url\":\"https:\\\/\\\/acontecenafronteira.com.br\\\/\",\"name\":\"Acontece Na Fronteira\",\"description\":\"Noticias da Triplice Fronteira\",\"inLanguage\":\"pt-PT\",\"publisher\":{\"@id\":\"https:\\\/\\\/acontecenafronteira.com.br\\\/#organization\"}}]}\n\t\t<\/script>\n\t\t<!-- All in One SEO -->\n\n","aioseo_head_json":{"title":"7 de Setembro testa for\u00e7a pol\u00edtica de Lula e da oposi\u00e7\u00e3o - Acontece Na Fronteira","description":"O desfile oficial de 7 de Setembro deste ano adquiriu um peso pol\u00edtico estrat\u00e9gico e funciona como um verdadeiro teste de for\u00e7a para a capacidade de mobiliza\u00e7\u00e3o do presidente Luiz In\u00e1cio Lula da Silva e do senador Fl\u00e1vio Bolsonaro, ocorrendo bem na reta final da corrida eleitoral. Cen\u00e1rio eleitoral nas ruas O evento c\u00edvico ganhou","canonical_url":"https:\/\/acontecenafronteira.com.br\/index.php\/2026\/09\/06\/7-de-setembro-testa-forca-politica-de-lula-e-da-oposicao\/","robots":"max-image-preview:large","keywords":"","webmasterTools":{"miscellaneous":""},"schema":{"@context":"https:\/\/schema.org","@graph":[{"@type":"BlogPosting","@id":"https:\/\/acontecenafronteira.com.br\/index.php\/2026\/09\/06\/7-de-setembro-testa-forca-politica-de-lula-e-da-oposicao\/#blogposting","name":"7 de Setembro testa for\u00e7a pol\u00edtica de Lula e da oposi\u00e7\u00e3o - Acontece Na Fronteira","headline":"7 de Setembro testa for\u00e7a pol\u00edtica de Lula e da oposi\u00e7\u00e3o","author":{"@id":"https:\/\/acontecenafronteira.com.br\/index.php\/author\/#author"},"publisher":{"@id":"https:\/\/acontecenafronteira.com.br\/#organization"},"image":{"@type":"ImageObject","url":"https:\/\/acontecenafronteira.com.br\/wp-content\/uploads\/2026\/09\/7-de-setembro-vira-teste-de-forca-para-lula-e-flavio-bolsonaro-1788705438.jpg?v=1788705438","width":730,"height":400,"caption":"7 de Setembro vira teste de for\u00e7a para Lula e Fl\u00e1vio Bolsonaro"},"datePublished":"2026-09-06T11:37:18-03:00","dateModified":"2026-09-06T11:37:18-03:00","inLanguage":"pt-PT","mainEntityOfPage":{"@id":"https:\/\/acontecenafronteira.com.br\/index.php\/2026\/09\/06\/7-de-setembro-testa-forca-politica-de-lula-e-da-oposicao\/#webpage"},"isPartOf":{"@id":"https:\/\/acontecenafronteira.com.br\/index.php\/2026\/09\/06\/7-de-setembro-testa-forca-politica-de-lula-e-da-oposicao\/#webpage"},"articleSection":"Paran\u00e1"},{"@type":"BreadcrumbList","@id":"https:\/\/acontecenafronteira.com.br\/index.php\/2026\/09\/06\/7-de-setembro-testa-forca-politica-de-lula-e-da-oposicao\/#breadcrumblist","itemListElement":[{"@type":"ListItem","@id":"https:\/\/acontecenafronteira.com.br#listItem","position":1,"name":"Home","item":"https:\/\/acontecenafronteira.com.br","nextItem":{"@type":"ListItem","@id":"https:\/\/acontecenafronteira.com.br\/index.php\/category\/parana\/#listItem","name":"Paran\u00e1"}},{"@type":"ListItem","@id":"https:\/\/acontecenafronteira.com.br\/index.php\/category\/parana\/#listItem","position":2,"name":"Paran\u00e1","item":"https:\/\/acontecenafronteira.com.br\/index.php\/category\/parana\/","nextItem":{"@type":"ListItem","@id":"https:\/\/acontecenafronteira.com.br\/index.php\/2026\/09\/06\/7-de-setembro-testa-forca-politica-de-lula-e-da-oposicao\/#listItem","name":"7 de Setembro testa for\u00e7a pol\u00edtica de Lula e da oposi\u00e7\u00e3o"},"previousItem":{"@type":"ListItem","@id":"https:\/\/acontecenafronteira.com.br#listItem","name":"Home"}},{"@type":"ListItem","@id":"https:\/\/acontecenafronteira.com.br\/index.php\/2026\/09\/06\/7-de-setembro-testa-forca-politica-de-lula-e-da-oposicao\/#listItem","position":3,"name":"7 de Setembro testa for\u00e7a pol\u00edtica de Lula e da oposi\u00e7\u00e3o","previousItem":{"@type":"ListItem","@id":"https:\/\/acontecenafronteira.com.br\/index.php\/category\/parana\/#listItem","name":"Paran\u00e1"}}]},{"@type":"Organization","@id":"https:\/\/acontecenafronteira.com.br\/#organization","name":"Acontece Na Fronteira","description":"Noticias da Triplice Fronteira","url":"https:\/\/acontecenafronteira.com.br\/","logo":{"@type":"ImageObject","url":"https:\/\/acontecenafronteira.com.br\/wp-content\/uploads\/2021\/11\/logo-acontece-1.jpg","@id":"https:\/\/acontecenafronteira.com.br\/index.php\/2026\/09\/06\/7-de-setembro-testa-forca-politica-de-lula-e-da-oposicao\/#organizationLogo","width":519,"height":134},"image":{"@id":"https:\/\/acontecenafronteira.com.br\/index.php\/2026\/09\/06\/7-de-setembro-testa-forca-politica-de-lula-e-da-oposicao\/#organizationLogo"}},{"@type":"WebPage","@id":"https:\/\/acontecenafronteira.com.br\/index.php\/2026\/09\/06\/7-de-setembro-testa-forca-politica-de-lula-e-da-oposicao\/#webpage","url":"https:\/\/acontecenafronteira.com.br\/index.php\/2026\/09\/06\/7-de-setembro-testa-forca-politica-de-lula-e-da-oposicao\/","name":"7 de Setembro testa for\u00e7a pol\u00edtica de Lula e da oposi\u00e7\u00e3o - Acontece Na Fronteira","description":"O desfile oficial de 7 de Setembro deste ano adquiriu um peso pol\u00edtico estrat\u00e9gico e funciona como um verdadeiro teste de for\u00e7a para a capacidade de mobiliza\u00e7\u00e3o do presidente Luiz In\u00e1cio Lula da Silva e do senador Fl\u00e1vio Bolsonaro, ocorrendo bem na reta final da corrida eleitoral. Cen\u00e1rio eleitoral nas ruas O evento c\u00edvico ganhou","inLanguage":"pt-PT","isPartOf":{"@id":"https:\/\/acontecenafronteira.com.br\/#website"},"breadcrumb":{"@id":"https:\/\/acontecenafronteira.com.br\/index.php\/2026\/09\/06\/7-de-setembro-testa-forca-politica-de-lula-e-da-oposicao\/#breadcrumblist"},"author":{"@id":"https:\/\/acontecenafronteira.com.br\/index.php\/author\/#author"},"creator":{"@id":"https:\/\/acontecenafronteira.com.br\/index.php\/author\/#author"},"image":{"@type":"ImageObject","url":"https:\/\/acontecenafronteira.com.br\/wp-content\/uploads\/2026\/09\/7-de-setembro-vira-teste-de-forca-para-lula-e-flavio-bolsonaro-1788705438.jpg?v=1788705438","@id":"https:\/\/acontecenafronteira.com.br\/index.php\/2026\/09\/06\/7-de-setembro-testa-forca-politica-de-lula-e-da-oposicao\/#mainImage","width":730,"height":400,"caption":"7 de Setembro vira teste de for\u00e7a para Lula e Fl\u00e1vio Bolsonaro"},"primaryImageOfPage":{"@id":"https:\/\/acontecenafronteira.com.br\/index.php\/2026\/09\/06\/7-de-setembro-testa-forca-politica-de-lula-e-da-oposicao\/#mainImage"},"datePublished":"2026-09-06T11:37:18-03:00","dateModified":"2026-09-06T11:37:18-03:00"},{"@type":"WebSite","@id":"https:\/\/acontecenafronteira.com.br\/#website","url":"https:\/\/acontecenafronteira.com.br\/","name":"Acontece Na Fronteira","description":"Noticias da Triplice Fronteira","inLanguage":"pt-PT","publisher":{"@id":"https:\/\/acontecenafronteira.com.br\/#organization"}}]},"og:locale":"pt_PT","og:site_name":"Acontece Na Fronteira - Noticias da Triplice Fronteira","og:type":"article","og:title":"7 de Setembro testa for\u00e7a pol\u00edtica de Lula e da oposi\u00e7\u00e3o - Acontece Na Fronteira","og:description":"O desfile oficial de 7 de Setembro deste ano adquiriu um peso pol\u00edtico estrat\u00e9gico e funciona como um verdadeiro teste de for\u00e7a para a capacidade de mobiliza\u00e7\u00e3o do presidente Luiz In\u00e1cio Lula da Silva e do senador Fl\u00e1vio Bolsonaro, ocorrendo bem na reta final da corrida eleitoral. Cen\u00e1rio eleitoral nas ruas O evento c\u00edvico ganhou","og:url":"https:\/\/acontecenafronteira.com.br\/index.php\/2026\/09\/06\/7-de-setembro-testa-forca-politica-de-lula-e-da-oposicao\/","og:image":"https:\/\/acontecenafronteira.com.br\/wp-content\/uploads\/2021\/11\/logo-acontece-1.jpg","og:image:secure_url":"https:\/\/acontecenafronteira.com.br\/wp-content\/uploads\/2021\/11\/logo-acontece-1.jpg","article:published_time":"2026-09-06T14:37:18+00:00","article:modified_time":"2026-09-06T14:37:18+00:00","twitter:card":"summary_large_image","twitter:title":"7 de Setembro testa for\u00e7a pol\u00edtica de Lula e da oposi\u00e7\u00e3o - Acontece Na Fronteira","twitter:description":"O desfile oficial de 7 de Setembro deste ano adquiriu um peso pol\u00edtico estrat\u00e9gico e funciona como um verdadeiro teste de for\u00e7a para a capacidade de mobiliza\u00e7\u00e3o do presidente Luiz In\u00e1cio Lula da Silva e do senador Fl\u00e1vio Bolsonaro, ocorrendo bem na reta final da corrida eleitoral. Cen\u00e1rio eleitoral nas ruas O evento c\u00edvico ganhou","twitter:image":"https:\/\/acontecenafronteira.com.br\/wp-content\/uploads\/2021\/11\/logo-acontece-1.jpg"},"aioseo_meta_data":[],"aioseo_breadcrumb":"<div class=\"aioseo-breadcrumbs\"><span class=\"aioseo-breadcrumb\">\n\t\t\t<a href=\"https:\/\/acontecenafronteira.com.br\" title=\"Home\">Home<\/a>\n\t\t<\/span><span class=\"aioseo-breadcrumb-separator\">&raquo;<\/span><span class=\"aioseo-breadcrumb\">\n\t\t\t<a href=\"https:\/\/acontecenafronteira.com.br\/index.php\/category\/parana\/\" title=\"Paran\u00e1\">Paran\u00e1<\/a>\n\t\t<\/span><span class=\"aioseo-breadcrumb-separator\">&raquo;<\/span><span class=\"aioseo-breadcrumb\">\n\t\t\t7 de Setembro testa for\u00e7a pol\u00edtica de Lula e da oposi\u00e7\u00e3o\n\t\t<\/span><\/div>","aioseo_breadcrumb_json":[{"label":"Home","link":"https:\/\/acontecenafronteira.com.br"},{"label":"Paran\u00e1","link":"https:\/\/acontecenafronteira.com.br\/index.php\/category\/parana\/"},{"label":"7 de Setembro testa for\u00e7a pol\u00edtica de Lula e da oposi\u00e7\u00e3o","link":"https:\/\/acontecenafronteira.com.br\/index.php\/2026\/09\/06\/7-de-setembro-testa-forca-politica-de-lula-e-da-oposicao\/"}],"_links":{"self":[{"href":"https:\/\/acontecenafronteira.com.br\/index.php\/wp-json\/wp\/v2\/posts\/36760","targetHints":{"allow":["GET"]}}],"collection":[{"href":"https:\/\/acontecenafronteira.com.br\/index.php\/wp-json\/wp\/v2\/posts"}],"about":[{"href":"https:\/\/acontecenafronteira.com.br\/index.php\/wp-json\/wp\/v2\/types\/post"}],"replies":[{"embeddable":true,"href":"https:\/\/acontecenafronteira.com.br\/index.php\/wp-json\/wp\/v2\/comments?post=36760"}],"version-history":[{"count":1,"href":"https:\/\/acontecenafronteira.com.br\/index.php\/wp-json\/wp\/v2\/posts\/36760\/revisions"}],"predecessor-version":[{"id":36764,"href":"https:\/\/acontecenafronteira.com.br\/index.php\/wp-json\/wp\/v2\/posts\/36760\/revisions\/36764"}],"wp:featuredmedia":[{"embeddable":true,"href":"https:\/\/acontecenafronteira.com.br\/index.php\/wp-json\/wp\/v2\/media\/36765"}],"wp:attachment":[{"href":"https:\/\/acontecenafronteira.com.br\/index.php\/wp-json\/wp\/v2\/media?parent=36760"}],"wp:term":[{"taxonomy":"category","embeddable":true,"href":"https:\/\/acontecenafronteira.com.br\/index.php\/wp-json\/wp\/v2\/categories?post=36760"},{"taxonomy":"post_tag","embeddable":true,"href":"https:\/\/acontecenafronteira.com.br\/index.php\/wp-json\/wp\/v2\/tags?post=36760"}],"curies":[{"name":"wp","href":"https:\/\/api.w.org\/{rel}","templated":true}]}}