{"id":36680,"date":"2026-09-06T10:37:17","date_gmt":"2026-09-06T13:37:17","guid":{"rendered":"https:\/\/acontecenafronteira.com.br\/?p=36680"},"modified":"2026-09-06T10:37:17","modified_gmt":"2026-09-06T13:37:17","slug":"receita-de-pudim-de-cafe-aprenda-a-fazer-a-sobremesa","status":"publish","type":"post","link":"https:\/\/acontecenafronteira.com.br\/index.php\/2026\/09\/06\/receita-de-pudim-de-cafe-aprenda-a-fazer-a-sobremesa\/","title":{"rendered":"Receita de pudim de caf\u00e9: aprenda a fazer a sobremesa"},"content":{"rendered":"<p>O estado do Paran\u00e1 consolidou ainda mais sua tradi\u00e7\u00e3o cafeeira em 2025 ao conquistar a certifica\u00e7\u00e3o de indica\u00e7\u00e3o geogr\u00e1fica para os gr\u00e3os cultivados em Mandaguari, na regi\u00e3o norte. Esse reconhecimento impulsionou a entrada de novos produtores focados em safras especiais, valorizando o produto regional. Entre os adeptos dessa nova fase est\u00e1 a agricultora Luzia Cedran, que ensina uma maneira criativa de aproveitar a bebida na culin\u00e1ria doce.<\/p>\n<h2>Ingredientes necess\u00e1rios<\/h2>\n<p>Para preparar esta sobremesa cremosa em sua casa, voc\u00ea precisar\u00e1 separar uma lata de leite condensado, a mesma medida de leite integral, uma x\u00edcara de caf\u00e9 coado sem a\u00e7\u00facar, quatro ovos inteiros, uma colher de sopa de amido de milho e uma x\u00edcara de a\u00e7\u00facar para a calda.<\/p>\n<h2>Modo de preparo passo a passo<\/h2>\n<p>O processo culin\u00e1rio \u00e9 simples e r\u00e1pido. Primeiramente, coloque no liquidificador os ovos, o leite, o leite condensado, o amido de milho e o caf\u00e9 coado. Deixe batendo por aproximadamente dois minutos at\u00e9 obter uma mistura totalmente homog\u00eanea.<\/p>\n<p>Em seguida, pegue uma forma redonda com furo central e espalhe o a\u00e7\u00facar no fundo. Leve ao fogo baixo para caramelizar, mexendo constantemente para evitar que a calda queime. Logo ap\u00f3s atingir o ponto de caramelo ideal, despeje a massa batida por cima com cuidado.<\/p>\n<p>O cozimento deve ser feito em banho-maria por cerca de quarenta minutos. Espere esfriar para desenformar com seguran\u00e7a e, para dar um toque especial na apresenta\u00e7\u00e3o, finalize polvilhando um pouco de caf\u00e9 em p\u00f3 e distribuindo gr\u00e3os torrados por cima antes de servir aos convidados.<\/p>\n<p>Com a alta qualidade dos gr\u00e3os produzidos em terras paranaenses, receitas caseiras como esta ganham um sabor \u00fanico e valorizam a agricultura local de forma saborosa.<\/p>\n<p>Por Reda\u00e7\u00e3o Acontece<\/p>\n<p>Caminhos do Campo<\/p>\n","protected":false},"excerpt":{"rendered":"<p>O estado do Paran\u00e1 consolidou ainda mais sua tradi\u00e7\u00e3o cafeeira em 2025 ao conquistar a certifica\u00e7\u00e3o de indica\u00e7\u00e3o geogr\u00e1fica para os gr\u00e3os cultivados em Mandaguari, na regi\u00e3o norte. Esse reconhecimento impulsionou a entrada de novos produtores focados em safras especiais, valorizando o produto regional. Entre os adeptos dessa nova fase est\u00e1 a agricultora Luzia Cedran, [&hellip;]<\/p>\n","protected":false},"author":0,"featured_media":36683,"comment_status":"open","ping_status":"open","sticky":false,"template":"","format":"standard","meta":{"_monsterinsights_skip_tracking":false,"_uf_show_specific_survey":0,"_uf_disable_surveys":false,"footnotes":""},"categories":[18],"tags":[],"class_list":["post-36680","post","type-post","status-publish","format-standard","has-post-thumbnail","hentry","category-parana"],"aioseo_notices":[],"aioseo_head":"\n\t\t<!-- All in One SEO 5.0.1.1 - aioseo.com -->\n\t<meta name=\"description\" content=\"O estado do Paran\u00e1 consolidou ainda mais sua tradi\u00e7\u00e3o cafeeira em 2025 ao conquistar a certifica\u00e7\u00e3o de indica\u00e7\u00e3o geogr\u00e1fica para os gr\u00e3os cultivados em Mandaguari, na regi\u00e3o norte. Esse reconhecimento impulsionou a entrada de novos produtores focados em safras especiais, valorizando o produto regional. Entre os adeptos dessa nova fase est\u00e1 a agricultora Luzia Cedran,\" \/>\n\t<meta name=\"robots\" content=\"max-image-preview:large\" \/>\n\t<link rel=\"canonical\" href=\"https:\/\/acontecenafronteira.com.br\/index.php\/2026\/09\/06\/receita-de-pudim-de-cafe-aprenda-a-fazer-a-sobremesa\/\" \/>\n\t<meta name=\"generator\" content=\"All in One SEO (AIOSEO) 5.0.1.1\" \/>\n\t\t<meta property=\"og:locale\" content=\"pt_PT\" \/>\n\t\t<meta property=\"og:site_name\" content=\"Acontece Na Fronteira - Noticias da Triplice Fronteira\" \/>\n\t\t<meta property=\"og:type\" content=\"article\" \/>\n\t\t<meta property=\"og:title\" content=\"Receita de pudim de caf\u00e9: aprenda a fazer a sobremesa - Acontece Na Fronteira\" \/>\n\t\t<meta property=\"og:description\" content=\"O estado do Paran\u00e1 consolidou ainda mais sua tradi\u00e7\u00e3o cafeeira em 2025 ao conquistar a certifica\u00e7\u00e3o de indica\u00e7\u00e3o geogr\u00e1fica para os gr\u00e3os cultivados em Mandaguari, na regi\u00e3o norte. Esse reconhecimento impulsionou a entrada de novos produtores focados em safras especiais, valorizando o produto regional. Entre os adeptos dessa nova fase est\u00e1 a agricultora Luzia Cedran,\" \/>\n\t\t<meta property=\"og:url\" content=\"https:\/\/acontecenafronteira.com.br\/index.php\/2026\/09\/06\/receita-de-pudim-de-cafe-aprenda-a-fazer-a-sobremesa\/\" \/>\n\t\t<meta property=\"og:image\" content=\"https:\/\/acontecenafronteira.com.br\/wp-content\/uploads\/2021\/11\/logo-acontece-1.jpg\" \/>\n\t\t<meta property=\"og:image:secure_url\" content=\"https:\/\/acontecenafronteira.com.br\/wp-content\/uploads\/2021\/11\/logo-acontece-1.jpg\" \/>\n\t\t<meta property=\"article:published_time\" content=\"2026-09-06T13:37:17+00:00\" \/>\n\t\t<meta property=\"article:modified_time\" content=\"2026-09-06T13:37:17+00:00\" \/>\n\t\t<meta name=\"twitter:card\" content=\"summary_large_image\" \/>\n\t\t<meta name=\"twitter:title\" content=\"Receita de pudim de caf\u00e9: aprenda a fazer a sobremesa - Acontece Na Fronteira\" \/>\n\t\t<meta name=\"twitter:description\" content=\"O estado do Paran\u00e1 consolidou ainda mais sua tradi\u00e7\u00e3o cafeeira em 2025 ao conquistar a certifica\u00e7\u00e3o de indica\u00e7\u00e3o geogr\u00e1fica para os gr\u00e3os cultivados em Mandaguari, na regi\u00e3o norte. Esse reconhecimento impulsionou a entrada de novos produtores focados em safras especiais, valorizando o produto regional. Entre os adeptos dessa nova fase est\u00e1 a agricultora Luzia Cedran,\" \/>\n\t\t<meta name=\"twitter:image\" content=\"https:\/\/acontecenafronteira.com.br\/wp-content\/uploads\/2021\/11\/logo-acontece-1.jpg\" \/>\n\t\t<script type=\"application\/ld+json\" class=\"aioseo-schema\">\n\t\t\t{\"@context\":\"https:\\\/\\\/schema.org\",\"@graph\":[{\"@type\":\"BlogPosting\",\"@id\":\"https:\\\/\\\/acontecenafronteira.com.br\\\/index.php\\\/2026\\\/09\\\/06\\\/receita-de-pudim-de-cafe-aprenda-a-fazer-a-sobremesa\\\/#blogposting\",\"name\":\"Receita de pudim de caf\\u00e9: aprenda a fazer a sobremesa - Acontece Na Fronteira\",\"headline\":\"Receita de pudim de caf\\u00e9: aprenda a fazer a sobremesa\",\"author\":{\"@id\":\"https:\\\/\\\/acontecenafronteira.com.br\\\/index.php\\\/author\\\/#author\"},\"publisher\":{\"@id\":\"https:\\\/\\\/acontecenafronteira.com.br\\\/#organization\"},\"image\":{\"@type\":\"ImageObject\",\"url\":\"https:\\\/\\\/acontecenafronteira.com.br\\\/wp-content\\\/uploads\\\/2026\\\/09\\\/do-coador-para-a-sobremesa-aprenda-receita-de-pudim-de-cafe-1788701837.jpg?v=1788701837\",\"width\":1200,\"height\":675,\"caption\":\"Do coador para a sobremesa: aprenda receita de pudim de caf\\u00e9\"},\"datePublished\":\"2026-09-06T10:37:17-03:00\",\"dateModified\":\"2026-09-06T10:37:17-03:00\",\"inLanguage\":\"pt-PT\",\"mainEntityOfPage\":{\"@id\":\"https:\\\/\\\/acontecenafronteira.com.br\\\/index.php\\\/2026\\\/09\\\/06\\\/receita-de-pudim-de-cafe-aprenda-a-fazer-a-sobremesa\\\/#webpage\"},\"isPartOf\":{\"@id\":\"https:\\\/\\\/acontecenafronteira.com.br\\\/index.php\\\/2026\\\/09\\\/06\\\/receita-de-pudim-de-cafe-aprenda-a-fazer-a-sobremesa\\\/#webpage\"},\"articleSection\":\"Paran\\u00e1\"},{\"@type\":\"BreadcrumbList\",\"@id\":\"https:\\\/\\\/acontecenafronteira.com.br\\\/index.php\\\/2026\\\/09\\\/06\\\/receita-de-pudim-de-cafe-aprenda-a-fazer-a-sobremesa\\\/#breadcrumblist\",\"itemListElement\":[{\"@type\":\"ListItem\",\"@id\":\"https:\\\/\\\/acontecenafronteira.com.br#listItem\",\"position\":1,\"name\":\"Home\",\"item\":\"https:\\\/\\\/acontecenafronteira.com.br\",\"nextItem\":{\"@type\":\"ListItem\",\"@id\":\"https:\\\/\\\/acontecenafronteira.com.br\\\/index.php\\\/category\\\/parana\\\/#listItem\",\"name\":\"Paran\\u00e1\"}},{\"@type\":\"ListItem\",\"@id\":\"https:\\\/\\\/acontecenafronteira.com.br\\\/index.php\\\/category\\\/parana\\\/#listItem\",\"position\":2,\"name\":\"Paran\\u00e1\",\"item\":\"https:\\\/\\\/acontecenafronteira.com.br\\\/index.php\\\/category\\\/parana\\\/\",\"nextItem\":{\"@type\":\"ListItem\",\"@id\":\"https:\\\/\\\/acontecenafronteira.com.br\\\/index.php\\\/2026\\\/09\\\/06\\\/receita-de-pudim-de-cafe-aprenda-a-fazer-a-sobremesa\\\/#listItem\",\"name\":\"Receita de pudim de caf\\u00e9: aprenda a fazer a sobremesa\"},\"previousItem\":{\"@type\":\"ListItem\",\"@id\":\"https:\\\/\\\/acontecenafronteira.com.br#listItem\",\"name\":\"Home\"}},{\"@type\":\"ListItem\",\"@id\":\"https:\\\/\\\/acontecenafronteira.com.br\\\/index.php\\\/2026\\\/09\\\/06\\\/receita-de-pudim-de-cafe-aprenda-a-fazer-a-sobremesa\\\/#listItem\",\"position\":3,\"name\":\"Receita de pudim de caf\\u00e9: aprenda a fazer a sobremesa\",\"previousItem\":{\"@type\":\"ListItem\",\"@id\":\"https:\\\/\\\/acontecenafronteira.com.br\\\/index.php\\\/category\\\/parana\\\/#listItem\",\"name\":\"Paran\\u00e1\"}}]},{\"@type\":\"Organization\",\"@id\":\"https:\\\/\\\/acontecenafronteira.com.br\\\/#organization\",\"name\":\"Acontece Na Fronteira\",\"description\":\"Noticias da Triplice Fronteira\",\"url\":\"https:\\\/\\\/acontecenafronteira.com.br\\\/\",\"logo\":{\"@type\":\"ImageObject\",\"url\":\"https:\\\/\\\/acontecenafronteira.com.br\\\/wp-content\\\/uploads\\\/2021\\\/11\\\/logo-acontece-1.jpg\",\"@id\":\"https:\\\/\\\/acontecenafronteira.com.br\\\/index.php\\\/2026\\\/09\\\/06\\\/receita-de-pudim-de-cafe-aprenda-a-fazer-a-sobremesa\\\/#organizationLogo\",\"width\":519,\"height\":134},\"image\":{\"@id\":\"https:\\\/\\\/acontecenafronteira.com.br\\\/index.php\\\/2026\\\/09\\\/06\\\/receita-de-pudim-de-cafe-aprenda-a-fazer-a-sobremesa\\\/#organizationLogo\"}},{\"@type\":\"WebPage\",\"@id\":\"https:\\\/\\\/acontecenafronteira.com.br\\\/index.php\\\/2026\\\/09\\\/06\\\/receita-de-pudim-de-cafe-aprenda-a-fazer-a-sobremesa\\\/#webpage\",\"url\":\"https:\\\/\\\/acontecenafronteira.com.br\\\/index.php\\\/2026\\\/09\\\/06\\\/receita-de-pudim-de-cafe-aprenda-a-fazer-a-sobremesa\\\/\",\"name\":\"Receita de pudim de caf\\u00e9: aprenda a fazer a sobremesa - Acontece Na Fronteira\",\"description\":\"O estado do Paran\\u00e1 consolidou ainda mais sua tradi\\u00e7\\u00e3o cafeeira em 2025 ao conquistar a certifica\\u00e7\\u00e3o de indica\\u00e7\\u00e3o geogr\\u00e1fica para os gr\\u00e3os cultivados em Mandaguari, na regi\\u00e3o norte. Esse reconhecimento impulsionou a entrada de novos produtores focados em safras especiais, valorizando o produto regional. Entre os adeptos dessa nova fase est\\u00e1 a agricultora Luzia Cedran,\",\"inLanguage\":\"pt-PT\",\"isPartOf\":{\"@id\":\"https:\\\/\\\/acontecenafronteira.com.br\\\/#website\"},\"breadcrumb\":{\"@id\":\"https:\\\/\\\/acontecenafronteira.com.br\\\/index.php\\\/2026\\\/09\\\/06\\\/receita-de-pudim-de-cafe-aprenda-a-fazer-a-sobremesa\\\/#breadcrumblist\"},\"author\":{\"@id\":\"https:\\\/\\\/acontecenafronteira.com.br\\\/index.php\\\/author\\\/#author\"},\"creator\":{\"@id\":\"https:\\\/\\\/acontecenafronteira.com.br\\\/index.php\\\/author\\\/#author\"},\"image\":{\"@type\":\"ImageObject\",\"url\":\"https:\\\/\\\/acontecenafronteira.com.br\\\/wp-content\\\/uploads\\\/2026\\\/09\\\/do-coador-para-a-sobremesa-aprenda-receita-de-pudim-de-cafe-1788701837.jpg?v=1788701837\",\"@id\":\"https:\\\/\\\/acontecenafronteira.com.br\\\/index.php\\\/2026\\\/09\\\/06\\\/receita-de-pudim-de-cafe-aprenda-a-fazer-a-sobremesa\\\/#mainImage\",\"width\":1200,\"height\":675,\"caption\":\"Do coador para a sobremesa: aprenda receita de pudim de caf\\u00e9\"},\"primaryImageOfPage\":{\"@id\":\"https:\\\/\\\/acontecenafronteira.com.br\\\/index.php\\\/2026\\\/09\\\/06\\\/receita-de-pudim-de-cafe-aprenda-a-fazer-a-sobremesa\\\/#mainImage\"},\"datePublished\":\"2026-09-06T10:37:17-03:00\",\"dateModified\":\"2026-09-06T10:37:17-03:00\"},{\"@type\":\"WebSite\",\"@id\":\"https:\\\/\\\/acontecenafronteira.com.br\\\/#website\",\"url\":\"https:\\\/\\\/acontecenafronteira.com.br\\\/\",\"name\":\"Acontece Na Fronteira\",\"description\":\"Noticias da Triplice Fronteira\",\"inLanguage\":\"pt-PT\",\"publisher\":{\"@id\":\"https:\\\/\\\/acontecenafronteira.com.br\\\/#organization\"}}]}\n\t\t<\/script>\n\t\t<!-- All in One SEO -->\n\n","aioseo_head_json":{"title":"Receita de pudim de caf\u00e9: aprenda a fazer a sobremesa - Acontece Na Fronteira","description":"O estado do Paran\u00e1 consolidou ainda mais sua tradi\u00e7\u00e3o cafeeira em 2025 ao conquistar a certifica\u00e7\u00e3o de indica\u00e7\u00e3o geogr\u00e1fica para os gr\u00e3os cultivados em Mandaguari, na regi\u00e3o norte. Esse reconhecimento impulsionou a entrada de novos produtores focados em safras especiais, valorizando o produto regional. Entre os adeptos dessa nova fase est\u00e1 a agricultora Luzia Cedran,","canonical_url":"https:\/\/acontecenafronteira.com.br\/index.php\/2026\/09\/06\/receita-de-pudim-de-cafe-aprenda-a-fazer-a-sobremesa\/","robots":"max-image-preview:large","keywords":"","webmasterTools":{"miscellaneous":""},"schema":{"@context":"https:\/\/schema.org","@graph":[{"@type":"BlogPosting","@id":"https:\/\/acontecenafronteira.com.br\/index.php\/2026\/09\/06\/receita-de-pudim-de-cafe-aprenda-a-fazer-a-sobremesa\/#blogposting","name":"Receita de pudim de caf\u00e9: aprenda a fazer a sobremesa - Acontece Na Fronteira","headline":"Receita de pudim de caf\u00e9: aprenda a fazer a sobremesa","author":{"@id":"https:\/\/acontecenafronteira.com.br\/index.php\/author\/#author"},"publisher":{"@id":"https:\/\/acontecenafronteira.com.br\/#organization"},"image":{"@type":"ImageObject","url":"https:\/\/acontecenafronteira.com.br\/wp-content\/uploads\/2026\/09\/do-coador-para-a-sobremesa-aprenda-receita-de-pudim-de-cafe-1788701837.jpg?v=1788701837","width":1200,"height":675,"caption":"Do coador para a sobremesa: aprenda receita de pudim de caf\u00e9"},"datePublished":"2026-09-06T10:37:17-03:00","dateModified":"2026-09-06T10:37:17-03:00","inLanguage":"pt-PT","mainEntityOfPage":{"@id":"https:\/\/acontecenafronteira.com.br\/index.php\/2026\/09\/06\/receita-de-pudim-de-cafe-aprenda-a-fazer-a-sobremesa\/#webpage"},"isPartOf":{"@id":"https:\/\/acontecenafronteira.com.br\/index.php\/2026\/09\/06\/receita-de-pudim-de-cafe-aprenda-a-fazer-a-sobremesa\/#webpage"},"articleSection":"Paran\u00e1"},{"@type":"BreadcrumbList","@id":"https:\/\/acontecenafronteira.com.br\/index.php\/2026\/09\/06\/receita-de-pudim-de-cafe-aprenda-a-fazer-a-sobremesa\/#breadcrumblist","itemListElement":[{"@type":"ListItem","@id":"https:\/\/acontecenafronteira.com.br#listItem","position":1,"name":"Home","item":"https:\/\/acontecenafronteira.com.br","nextItem":{"@type":"ListItem","@id":"https:\/\/acontecenafronteira.com.br\/index.php\/category\/parana\/#listItem","name":"Paran\u00e1"}},{"@type":"ListItem","@id":"https:\/\/acontecenafronteira.com.br\/index.php\/category\/parana\/#listItem","position":2,"name":"Paran\u00e1","item":"https:\/\/acontecenafronteira.com.br\/index.php\/category\/parana\/","nextItem":{"@type":"ListItem","@id":"https:\/\/acontecenafronteira.com.br\/index.php\/2026\/09\/06\/receita-de-pudim-de-cafe-aprenda-a-fazer-a-sobremesa\/#listItem","name":"Receita de pudim de caf\u00e9: aprenda a fazer a sobremesa"},"previousItem":{"@type":"ListItem","@id":"https:\/\/acontecenafronteira.com.br#listItem","name":"Home"}},{"@type":"ListItem","@id":"https:\/\/acontecenafronteira.com.br\/index.php\/2026\/09\/06\/receita-de-pudim-de-cafe-aprenda-a-fazer-a-sobremesa\/#listItem","position":3,"name":"Receita de pudim de caf\u00e9: aprenda a fazer a sobremesa","previousItem":{"@type":"ListItem","@id":"https:\/\/acontecenafronteira.com.br\/index.php\/category\/parana\/#listItem","name":"Paran\u00e1"}}]},{"@type":"Organization","@id":"https:\/\/acontecenafronteira.com.br\/#organization","name":"Acontece Na Fronteira","description":"Noticias da Triplice Fronteira","url":"https:\/\/acontecenafronteira.com.br\/","logo":{"@type":"ImageObject","url":"https:\/\/acontecenafronteira.com.br\/wp-content\/uploads\/2021\/11\/logo-acontece-1.jpg","@id":"https:\/\/acontecenafronteira.com.br\/index.php\/2026\/09\/06\/receita-de-pudim-de-cafe-aprenda-a-fazer-a-sobremesa\/#organizationLogo","width":519,"height":134},"image":{"@id":"https:\/\/acontecenafronteira.com.br\/index.php\/2026\/09\/06\/receita-de-pudim-de-cafe-aprenda-a-fazer-a-sobremesa\/#organizationLogo"}},{"@type":"WebPage","@id":"https:\/\/acontecenafronteira.com.br\/index.php\/2026\/09\/06\/receita-de-pudim-de-cafe-aprenda-a-fazer-a-sobremesa\/#webpage","url":"https:\/\/acontecenafronteira.com.br\/index.php\/2026\/09\/06\/receita-de-pudim-de-cafe-aprenda-a-fazer-a-sobremesa\/","name":"Receita de pudim de caf\u00e9: aprenda a fazer a sobremesa - Acontece Na Fronteira","description":"O estado do Paran\u00e1 consolidou ainda mais sua tradi\u00e7\u00e3o cafeeira em 2025 ao conquistar a certifica\u00e7\u00e3o de indica\u00e7\u00e3o geogr\u00e1fica para os gr\u00e3os cultivados em Mandaguari, na regi\u00e3o norte. Esse reconhecimento impulsionou a entrada de novos produtores focados em safras especiais, valorizando o produto regional. Entre os adeptos dessa nova fase est\u00e1 a agricultora Luzia Cedran,","inLanguage":"pt-PT","isPartOf":{"@id":"https:\/\/acontecenafronteira.com.br\/#website"},"breadcrumb":{"@id":"https:\/\/acontecenafronteira.com.br\/index.php\/2026\/09\/06\/receita-de-pudim-de-cafe-aprenda-a-fazer-a-sobremesa\/#breadcrumblist"},"author":{"@id":"https:\/\/acontecenafronteira.com.br\/index.php\/author\/#author"},"creator":{"@id":"https:\/\/acontecenafronteira.com.br\/index.php\/author\/#author"},"image":{"@type":"ImageObject","url":"https:\/\/acontecenafronteira.com.br\/wp-content\/uploads\/2026\/09\/do-coador-para-a-sobremesa-aprenda-receita-de-pudim-de-cafe-1788701837.jpg?v=1788701837","@id":"https:\/\/acontecenafronteira.com.br\/index.php\/2026\/09\/06\/receita-de-pudim-de-cafe-aprenda-a-fazer-a-sobremesa\/#mainImage","width":1200,"height":675,"caption":"Do coador para a sobremesa: aprenda receita de pudim de caf\u00e9"},"primaryImageOfPage":{"@id":"https:\/\/acontecenafronteira.com.br\/index.php\/2026\/09\/06\/receita-de-pudim-de-cafe-aprenda-a-fazer-a-sobremesa\/#mainImage"},"datePublished":"2026-09-06T10:37:17-03:00","dateModified":"2026-09-06T10:37:17-03:00"},{"@type":"WebSite","@id":"https:\/\/acontecenafronteira.com.br\/#website","url":"https:\/\/acontecenafronteira.com.br\/","name":"Acontece Na Fronteira","description":"Noticias da Triplice Fronteira","inLanguage":"pt-PT","publisher":{"@id":"https:\/\/acontecenafronteira.com.br\/#organization"}}]},"og:locale":"pt_PT","og:site_name":"Acontece Na Fronteira - Noticias da Triplice Fronteira","og:type":"article","og:title":"Receita de pudim de caf\u00e9: aprenda a fazer a sobremesa - Acontece Na Fronteira","og:description":"O estado do Paran\u00e1 consolidou ainda mais sua tradi\u00e7\u00e3o cafeeira em 2025 ao conquistar a certifica\u00e7\u00e3o de indica\u00e7\u00e3o geogr\u00e1fica para os gr\u00e3os cultivados em Mandaguari, na regi\u00e3o norte. Esse reconhecimento impulsionou a entrada de novos produtores focados em safras especiais, valorizando o produto regional. Entre os adeptos dessa nova fase est\u00e1 a agricultora Luzia Cedran,","og:url":"https:\/\/acontecenafronteira.com.br\/index.php\/2026\/09\/06\/receita-de-pudim-de-cafe-aprenda-a-fazer-a-sobremesa\/","og:image":"https:\/\/acontecenafronteira.com.br\/wp-content\/uploads\/2021\/11\/logo-acontece-1.jpg","og:image:secure_url":"https:\/\/acontecenafronteira.com.br\/wp-content\/uploads\/2021\/11\/logo-acontece-1.jpg","article:published_time":"2026-09-06T13:37:17+00:00","article:modified_time":"2026-09-06T13:37:17+00:00","twitter:card":"summary_large_image","twitter:title":"Receita de pudim de caf\u00e9: aprenda a fazer a sobremesa - Acontece Na Fronteira","twitter:description":"O estado do Paran\u00e1 consolidou ainda mais sua tradi\u00e7\u00e3o cafeeira em 2025 ao conquistar a certifica\u00e7\u00e3o de indica\u00e7\u00e3o geogr\u00e1fica para os gr\u00e3os cultivados em Mandaguari, na regi\u00e3o norte. Esse reconhecimento impulsionou a entrada de novos produtores focados em safras especiais, valorizando o produto regional. Entre os adeptos dessa nova fase est\u00e1 a agricultora Luzia Cedran,","twitter:image":"https:\/\/acontecenafronteira.com.br\/wp-content\/uploads\/2021\/11\/logo-acontece-1.jpg"},"aioseo_meta_data":[],"aioseo_breadcrumb":"<div class=\"aioseo-breadcrumbs\"><span class=\"aioseo-breadcrumb\">\n\t\t\t<a href=\"https:\/\/acontecenafronteira.com.br\" title=\"Home\">Home<\/a>\n\t\t<\/span><span class=\"aioseo-breadcrumb-separator\">&raquo;<\/span><span class=\"aioseo-breadcrumb\">\n\t\t\t<a href=\"https:\/\/acontecenafronteira.com.br\/index.php\/category\/parana\/\" title=\"Paran\u00e1\">Paran\u00e1<\/a>\n\t\t<\/span><span class=\"aioseo-breadcrumb-separator\">&raquo;<\/span><span class=\"aioseo-breadcrumb\">\n\t\t\tReceita de pudim de caf\u00e9: aprenda a fazer a sobremesa\n\t\t<\/span><\/div>","aioseo_breadcrumb_json":[{"label":"Home","link":"https:\/\/acontecenafronteira.com.br"},{"label":"Paran\u00e1","link":"https:\/\/acontecenafronteira.com.br\/index.php\/category\/parana\/"},{"label":"Receita de pudim de caf\u00e9: aprenda a fazer a sobremesa","link":"https:\/\/acontecenafronteira.com.br\/index.php\/2026\/09\/06\/receita-de-pudim-de-cafe-aprenda-a-fazer-a-sobremesa\/"}],"_links":{"self":[{"href":"https:\/\/acontecenafronteira.com.br\/index.php\/wp-json\/wp\/v2\/posts\/36680","targetHints":{"allow":["GET"]}}],"collection":[{"href":"https:\/\/acontecenafronteira.com.br\/index.php\/wp-json\/wp\/v2\/posts"}],"about":[{"href":"https:\/\/acontecenafronteira.com.br\/index.php\/wp-json\/wp\/v2\/types\/post"}],"replies":[{"embeddable":true,"href":"https:\/\/acontecenafronteira.com.br\/index.php\/wp-json\/wp\/v2\/comments?post=36680"}],"version-history":[{"count":1,"href":"https:\/\/acontecenafronteira.com.br\/index.php\/wp-json\/wp\/v2\/posts\/36680\/revisions"}],"predecessor-version":[{"id":36682,"href":"https:\/\/acontecenafronteira.com.br\/index.php\/wp-json\/wp\/v2\/posts\/36680\/revisions\/36682"}],"wp:featuredmedia":[{"embeddable":true,"href":"https:\/\/acontecenafronteira.com.br\/index.php\/wp-json\/wp\/v2\/media\/36683"}],"wp:attachment":[{"href":"https:\/\/acontecenafronteira.com.br\/index.php\/wp-json\/wp\/v2\/media?parent=36680"}],"wp:term":[{"taxonomy":"category","embeddable":true,"href":"https:\/\/acontecenafronteira.com.br\/index.php\/wp-json\/wp\/v2\/categories?post=36680"},{"taxonomy":"post_tag","embeddable":true,"href":"https:\/\/acontecenafronteira.com.br\/index.php\/wp-json\/wp\/v2\/tags?post=36680"}],"curies":[{"name":"wp","href":"https:\/\/api.w.org\/{rel}","templated":true}]}}