{"id":36659,"date":"2026-09-06T09:37:59","date_gmt":"2026-09-06T12:37:59","guid":{"rendered":"https:\/\/acontecenafronteira.com.br\/?p=36659"},"modified":"2026-09-06T09:37:59","modified_gmt":"2026-09-06T12:37:59","slug":"bela-gil-no-rio-gastronomia-2026-saiba-data-e-horario","status":"publish","type":"post","link":"https:\/\/acontecenafronteira.com.br\/index.php\/2026\/09\/06\/bela-gil-no-rio-gastronomia-2026-saiba-data-e-horario\/","title":{"rendered":"Bela Gil no Rio Gastronomia 2026: saiba data e hor\u00e1rio"},"content":{"rendered":"<p>A renomada culinarista Bela Gil confirmou presen\u00e7a na edi\u00e7\u00e3o de 2026 do Rio Gastronomia, evento que ter\u00e1 in\u00edcio no pr\u00f3ximo dia 17 de setembro no Jockey Club, situado no bairro da G\u00e1vea. A famosa chef \u00e9 filha de Gilberto Gil e recentemente inaugurou em S\u00e3o Paulo o restaurante Preta Maria, batizado em homenagem \u00e0 sua irm\u00e3, Preta Gil, falecida no ano passado.<\/p>\n<h2>Programa\u00e7\u00e3o da chef no evento<\/h2>\n<p>A participa\u00e7\u00e3o de Bela Gil na principal feira gastron\u00f4mica do Rio de Janeiro est\u00e1 marcada para o dia 27 de setembro, \u00e0s 17h. Na ocasi\u00e3o, a especialista em culin\u00e1ria saud\u00e1vel ministrar\u00e1 uma aula especial sobre os conceitos de sua cozinha para o p\u00fablico presente.<\/p>\n<h2>Nova fase profissional e homenagens<\/h2>\n<p>O evento carioca marcar\u00e1 um dos primeiros grandes encontros p\u00fablicos da culin\u00e1ria ap\u00f3s a abertura do seu novo estabelecimento na capital paulista. O restaurante homenageia a mem\u00f3ria de sua irm\u00e3 e tem atra\u00eddo grande aten\u00e7\u00e3o da cr\u00edtica e do p\u00fablico desde a inaugura\u00e7\u00e3o.<\/p>\n<p>A programa\u00e7\u00e3o completa do festival culin\u00e1rio contar\u00e1 com diversos nomes de destaque da gastronomia nacional, oficinas pr\u00e1ticas e apresenta\u00e7\u00f5es culturais ao longo dos dias de realiza\u00e7\u00e3o no tradicional espa\u00e7o da zona sul carioca.<\/p>\n<p>Por Reda\u00e7\u00e3o Acontece<\/p>\n<p>Cr\u00e9ditos da imagem: Divulga\u00e7\u00e3o \/ Rio Gastronomia<\/p>\n","protected":false},"excerpt":{"rendered":"<p>A renomada culinarista Bela Gil confirmou presen\u00e7a na edi\u00e7\u00e3o de 2026 do Rio Gastronomia, evento que ter\u00e1 in\u00edcio no pr\u00f3ximo dia 17 de setembro no Jockey Club, situado no bairro da G\u00e1vea. A famosa chef \u00e9 filha de Gilberto Gil e recentemente inaugurou em S\u00e3o Paulo o restaurante Preta Maria, batizado em homenagem \u00e0 sua [&hellip;]<\/p>\n","protected":false},"author":0,"featured_media":36669,"comment_status":"open","ping_status":"open","sticky":false,"template":"","format":"standard","meta":{"footnotes":""},"categories":[28],"tags":[],"class_list":["post-36659","post","type-post","status-publish","format-standard","has-post-thumbnail","hentry","category-mundo"],"_links":{"self":[{"href":"https:\/\/acontecenafronteira.com.br\/index.php\/wp-json\/wp\/v2\/posts\/36659","targetHints":{"allow":["GET"]}}],"collection":[{"href":"https:\/\/acontecenafronteira.com.br\/index.php\/wp-json\/wp\/v2\/posts"}],"about":[{"href":"https:\/\/acontecenafronteira.com.br\/index.php\/wp-json\/wp\/v2\/types\/post"}],"replies":[{"embeddable":true,"href":"https:\/\/acontecenafronteira.com.br\/index.php\/wp-json\/wp\/v2\/comments?post=36659"}],"version-history":[{"count":1,"href":"https:\/\/acontecenafronteira.com.br\/index.php\/wp-json\/wp\/v2\/posts\/36659\/revisions"}],"predecessor-version":[{"id":36668,"href":"https:\/\/acontecenafronteira.com.br\/index.php\/wp-json\/wp\/v2\/posts\/36659\/revisions\/36668"}],"wp:featuredmedia":[{"embeddable":true,"href":"https:\/\/acontecenafronteira.com.br\/index.php\/wp-json\/wp\/v2\/media\/36669"}],"wp:attachment":[{"href":"https:\/\/acontecenafronteira.com.br\/index.php\/wp-json\/wp\/v2\/media?parent=36659"}],"wp:term":[{"taxonomy":"category","embeddable":true,"href":"https:\/\/acontecenafronteira.com.br\/index.php\/wp-json\/wp\/v2\/categories?post=36659"},{"taxonomy":"post_tag","embeddable":true,"href":"https:\/\/acontecenafronteira.com.br\/index.php\/wp-json\/wp\/v2\/tags?post=36659"}],"curies":[{"name":"wp","href":"https:\/\/api.w.org\/{rel}","templated":true}]}}