{"id":36658,"date":"2026-09-06T09:37:49","date_gmt":"2026-09-06T12:37:49","guid":{"rendered":"https:\/\/acontecenafronteira.com.br\/?p=36658"},"modified":"2026-09-06T09:37:49","modified_gmt":"2026-09-06T12:37:49","slug":"incendio-em-foz-do-iguacu-destroi-comercio-e-mobiliza-bombeiros","status":"publish","type":"post","link":"https:\/\/acontecenafronteira.com.br\/index.php\/2026\/09\/06\/incendio-em-foz-do-iguacu-destroi-comercio-e-mobiliza-bombeiros\/","title":{"rendered":"Inc\u00eandio em Foz do Igua\u00e7u destr\u00f3i com\u00e9rcio e mobiliza bombeiros"},"content":{"rendered":"<p>Um inc\u00eandio de grandes propor\u00e7\u00f5es atingiu um estabelecimento comercial localizado em Foz do Igua\u00e7u, no estado do Paran\u00e1, mobilizando equipes do Corpo de Bombeiros durante a opera\u00e7\u00e3o de combate \u00e0s chamas e rescaldo na regi\u00e3o.<\/p>\n<h2>Mobiliza\u00e7\u00e3o das equipes de seguran\u00e7a<\/h2>\n<p>O fogo come\u00e7ou de forma repentina e rapidamente se espalhou pelo im\u00f3vel, gerando densas colunas de fuma\u00e7a preta que podiam ser vistas de v\u00e1rios pontos da cidade paranaense, chamando a aten\u00e7\u00e3o de motoristas e moradores locais.<\/p>\n<h3>Atendimento e rescaldo<\/h3>\n<p>As autoridades de seguran\u00e7a p\u00fablica e os agentes de salvamento isolaram imediatamente o per\u00edmetro para evitar novos acidentes, enquanto os socorristas trabalhavam intensamente para controlar o avan\u00e7o do fogo e impedir que o sinistro atingisse edif\u00edcios vizinhos.<\/p>\n<p>Impacto na rotina local e preju\u00edzos materiais<\/p>\n<p>Apesar do susto e dos danos estruturais significativos registrados no local, n\u00e3o houve registro de v\u00edtimas fatais durante a ocorr\u00eancia, restando apenas preju\u00edzos materiais para os propriet\u00e1rios do estabelecimento comercial afetado.<\/p>\n<p>As causas exatas que deram origem ao fogo ainda s\u00e3o desconhecidas e dever\u00e3o ser apuradas por meio de laudo pericial a ser emitido pelos \u00f3rg\u00e3os competentes do estado do Paran\u00e1 nos pr\u00f3ximos dias.<\/p>\n<p>Por Reda\u00e7\u00e3o Acontece<\/p>\n<p>Foto: Corpo de Bombeiros\/Divulga\u00e7\u00e3o<\/p>\n","protected":false},"excerpt":{"rendered":"<p>Um inc\u00eandio de grandes propor\u00e7\u00f5es atingiu um estabelecimento comercial localizado em Foz do Igua\u00e7u, no estado do Paran\u00e1, mobilizando equipes do Corpo de Bombeiros durante a opera\u00e7\u00e3o de combate \u00e0s chamas e rescaldo na regi\u00e3o. Mobiliza\u00e7\u00e3o das equipes de seguran\u00e7a O fogo come\u00e7ou de forma repentina e rapidamente se espalhou pelo im\u00f3vel, gerando densas colunas [&hellip;]<\/p>\n","protected":false},"author":0,"featured_media":36667,"comment_status":"open","ping_status":"open","sticky":false,"template":"","format":"standard","meta":{"footnotes":""},"categories":[28],"tags":[],"class_list":["post-36658","post","type-post","status-publish","format-standard","has-post-thumbnail","hentry","category-mundo"],"_links":{"self":[{"href":"https:\/\/acontecenafronteira.com.br\/index.php\/wp-json\/wp\/v2\/posts\/36658","targetHints":{"allow":["GET"]}}],"collection":[{"href":"https:\/\/acontecenafronteira.com.br\/index.php\/wp-json\/wp\/v2\/posts"}],"about":[{"href":"https:\/\/acontecenafronteira.com.br\/index.php\/wp-json\/wp\/v2\/types\/post"}],"replies":[{"embeddable":true,"href":"https:\/\/acontecenafronteira.com.br\/index.php\/wp-json\/wp\/v2\/comments?post=36658"}],"version-history":[{"count":1,"href":"https:\/\/acontecenafronteira.com.br\/index.php\/wp-json\/wp\/v2\/posts\/36658\/revisions"}],"predecessor-version":[{"id":36666,"href":"https:\/\/acontecenafronteira.com.br\/index.php\/wp-json\/wp\/v2\/posts\/36658\/revisions\/36666"}],"wp:featuredmedia":[{"embeddable":true,"href":"https:\/\/acontecenafronteira.com.br\/index.php\/wp-json\/wp\/v2\/media\/36667"}],"wp:attachment":[{"href":"https:\/\/acontecenafronteira.com.br\/index.php\/wp-json\/wp\/v2\/media?parent=36658"}],"wp:term":[{"taxonomy":"category","embeddable":true,"href":"https:\/\/acontecenafronteira.com.br\/index.php\/wp-json\/wp\/v2\/categories?post=36658"},{"taxonomy":"post_tag","embeddable":true,"href":"https:\/\/acontecenafronteira.com.br\/index.php\/wp-json\/wp\/v2\/tags?post=36658"}],"curies":[{"name":"wp","href":"https:\/\/api.w.org\/{rel}","templated":true}]}}