{"id":36656,"date":"2026-09-06T09:37:34","date_gmt":"2026-09-06T12:37:34","guid":{"rendered":"https:\/\/acontecenafronteira.com.br\/?p=36656"},"modified":"2026-09-06T09:37:34","modified_gmt":"2026-09-06T12:37:34","slug":"queda-na-popularidade-de-lula-acende-alerta-nas-eleicoes","status":"publish","type":"post","link":"https:\/\/acontecenafronteira.com.br\/index.php\/2026\/09\/06\/queda-na-popularidade-de-lula-acende-alerta-nas-eleicoes\/","title":{"rendered":"Queda na popularidade de Lula acende alerta nas elei\u00e7\u00f5es"},"content":{"rendered":"<p>A exatos trinta dias do pleito eleitoral, o cen\u00e1rio pol\u00edtico brasileiro registra um momento de instabilidade para o Pal\u00e1cio do Planalto, conforme apontam levantamentos recentes.<\/p>\n<p>H2 Aumento da preocupa\u00e7\u00e3o na campanha petista<\/p>\n<p>Registros estat\u00edsticos obtidos pela pr\u00f3pria coordena\u00e7\u00e3o partid\u00e1ria revelam um movimento de retra\u00e7\u00e3o nos \u00edndices de aprova\u00e7\u00e3o do atual mandat\u00e1rio ao longo das \u00faltimas semanas.<\/p>\n<p>H3 O pior \u00edndice do \u00faltimo ano<\/p>\n<p>Essa oscila\u00e7\u00e3o negativa representa o patamar mais desfavor\u00e1vel enfrentado pela gest\u00e3o federal no per\u00edodo de doze meses, gerando debates estrat\u00e9gicos urgentes.<\/p>\n<p>Fatores determinantes para o cen\u00e1rio<\/p>\n<p>Analistas pol\u00edticos avaliam que diversos fatores econ\u00f4micos e sociais influenciam diretamente essa percep\u00e7\u00e3o do eleitorado no momento decisivo da corrida nas urnas.<\/p>\n<p>Proje\u00e7\u00f5es para as pr\u00f3ximas semanas<\/p>\n<p>Enquanto a oposi\u00e7\u00e3o busca capitalizar sobre esses n\u00fameros, os articuladores governamentais intensificam o planejamento para reverter a tend\u00eancia de baixa at\u00e9 o dia da vota\u00e7\u00e3o.<\/p>\n<p>Por Reda\u00e7\u00e3o Acontece<\/p>\n<p>Cr\u00e9ditos da imagem: Divulga\u00e7\u00e3o\/Presid\u00eancia<\/p>\n","protected":false},"excerpt":{"rendered":"<p>A exatos trinta dias do pleito eleitoral, o cen\u00e1rio pol\u00edtico brasileiro registra um momento de instabilidade para o Pal\u00e1cio do Planalto, conforme apontam levantamentos recentes. H2 Aumento da preocupa\u00e7\u00e3o na campanha petista Registros estat\u00edsticos obtidos pela pr\u00f3pria coordena\u00e7\u00e3o partid\u00e1ria revelam um movimento de retra\u00e7\u00e3o nos \u00edndices de aprova\u00e7\u00e3o do atual mandat\u00e1rio ao longo das \u00faltimas [&hellip;]<\/p>\n","protected":false},"author":0,"featured_media":36663,"comment_status":"open","ping_status":"open","sticky":false,"template":"","format":"standard","meta":{"footnotes":""},"categories":[28],"tags":[],"class_list":["post-36656","post","type-post","status-publish","format-standard","has-post-thumbnail","hentry","category-mundo"],"_links":{"self":[{"href":"https:\/\/acontecenafronteira.com.br\/index.php\/wp-json\/wp\/v2\/posts\/36656","targetHints":{"allow":["GET"]}}],"collection":[{"href":"https:\/\/acontecenafronteira.com.br\/index.php\/wp-json\/wp\/v2\/posts"}],"about":[{"href":"https:\/\/acontecenafronteira.com.br\/index.php\/wp-json\/wp\/v2\/types\/post"}],"replies":[{"embeddable":true,"href":"https:\/\/acontecenafronteira.com.br\/index.php\/wp-json\/wp\/v2\/comments?post=36656"}],"version-history":[{"count":1,"href":"https:\/\/acontecenafronteira.com.br\/index.php\/wp-json\/wp\/v2\/posts\/36656\/revisions"}],"predecessor-version":[{"id":36662,"href":"https:\/\/acontecenafronteira.com.br\/index.php\/wp-json\/wp\/v2\/posts\/36656\/revisions\/36662"}],"wp:featuredmedia":[{"embeddable":true,"href":"https:\/\/acontecenafronteira.com.br\/index.php\/wp-json\/wp\/v2\/media\/36663"}],"wp:attachment":[{"href":"https:\/\/acontecenafronteira.com.br\/index.php\/wp-json\/wp\/v2\/media?parent=36656"}],"wp:term":[{"taxonomy":"category","embeddable":true,"href":"https:\/\/acontecenafronteira.com.br\/index.php\/wp-json\/wp\/v2\/categories?post=36656"},{"taxonomy":"post_tag","embeddable":true,"href":"https:\/\/acontecenafronteira.com.br\/index.php\/wp-json\/wp\/v2\/tags?post=36656"}],"curies":[{"name":"wp","href":"https:\/\/api.w.org\/{rel}","templated":true}]}}