{"id":36633,"date":"2026-09-06T08:37:19","date_gmt":"2026-09-06T11:37:19","guid":{"rendered":"https:\/\/acontecenafronteira.com.br\/?p=36633"},"modified":"2026-09-06T08:37:19","modified_gmt":"2026-09-06T11:37:19","slug":"crise-no-stf-e-bastidores-de-poder-movimentam-o-cenario-politico","status":"publish","type":"post","link":"https:\/\/acontecenafronteira.com.br\/index.php\/2026\/09\/06\/crise-no-stf-e-bastidores-de-poder-movimentam-o-cenario-politico\/","title":{"rendered":"Crise no STF e bastidores de poder movimentam o cen\u00e1rio pol\u00edtico"},"content":{"rendered":"<p>A tens\u00e3o entre os ministros Alexandre de Moraes e Andr\u00e9 Mendon\u00e7a no Supremo Tribunal Federal (STF) chegou ao \u00e1pice, exigindo uma a\u00e7\u00e3o direta do ministro Edson Fachin, que assumiu a relatoria para tentar conter o conflito na corte.<\/p>\n<h2>A rea\u00e7\u00e3o do Pal\u00e1cio do Planalto<\/h2>\n<p>O abalo institucional tamb\u00e9m repercutiu na sede do governo federal, onde o presidente Luiz In\u00e1cio Lula da Silva exigiu maior controle interno e o fim de vazamentos direcionados para proteger a reputa\u00e7\u00e3o do Poder Judici\u00e1rio.<\/p>\n<h2>Bastidores e movimenta\u00e7\u00f5es pol\u00edticas<\/h2>\n<p>Enquanto a crise se desenrolava nos tribunais, Mendon\u00e7a utilizou suas plataformas digitais para solicitar preces a correligion\u00e1rios e simpatizantes. Simultaneamente, o senador Fl\u00e1vio Bolsonaro tentou associar o dirigente partid\u00e1rio Gilberto Kassab a investiga\u00e7\u00f5es sobre repasses financeiros ligados ao Banco Master no ano de 2022.<\/p>\n<h2>An\u00e1lise do cen\u00e1rio institucional<\/h2>\n<p>Especialistas em pol\u00edtica debateram profundamente os desdobramentos desse xadrez de poder, destrinchando as estrat\u00e9gias pol\u00edticas, os impedimentos legais de vota\u00e7\u00e3o na mais alta corte do pa\u00eds e as inconsist\u00eancias jur\u00eddicas apresentadas pelas defesas.<\/p>\n<p>O epis\u00f3dio reflete um momento de alta volatilidade entre os Poderes, exigindo aten\u00e7\u00e3o redobrada sobre os rumos da governabilidade e da estabilidade jur\u00eddica no Brasil.<\/p>\n<p>Por Reda\u00e7\u00e3o Acontece<\/p>\n<p>Cr\u00e9ditos da imagem: Reprodu\u00e7\u00e3o \/ Redes Sociais<\/p>\n","protected":false},"excerpt":{"rendered":"<p>A tens\u00e3o entre os ministros Alexandre de Moraes e Andr\u00e9 Mendon\u00e7a no Supremo Tribunal Federal (STF) chegou ao \u00e1pice, exigindo uma a\u00e7\u00e3o direta do ministro Edson Fachin, que assumiu a relatoria para tentar conter o conflito na corte. A rea\u00e7\u00e3o do Pal\u00e1cio do Planalto O abalo institucional tamb\u00e9m repercutiu na sede do governo federal, onde [&hellip;]<\/p>\n","protected":false},"author":0,"featured_media":36643,"comment_status":"open","ping_status":"open","sticky":false,"template":"","format":"standard","meta":{"footnotes":""},"categories":[6],"tags":[],"class_list":["post-36633","post","type-post","status-publish","format-standard","has-post-thumbnail","hentry","category-mercosul"],"_links":{"self":[{"href":"https:\/\/acontecenafronteira.com.br\/index.php\/wp-json\/wp\/v2\/posts\/36633","targetHints":{"allow":["GET"]}}],"collection":[{"href":"https:\/\/acontecenafronteira.com.br\/index.php\/wp-json\/wp\/v2\/posts"}],"about":[{"href":"https:\/\/acontecenafronteira.com.br\/index.php\/wp-json\/wp\/v2\/types\/post"}],"replies":[{"embeddable":true,"href":"https:\/\/acontecenafronteira.com.br\/index.php\/wp-json\/wp\/v2\/comments?post=36633"}],"version-history":[{"count":1,"href":"https:\/\/acontecenafronteira.com.br\/index.php\/wp-json\/wp\/v2\/posts\/36633\/revisions"}],"predecessor-version":[{"id":36642,"href":"https:\/\/acontecenafronteira.com.br\/index.php\/wp-json\/wp\/v2\/posts\/36633\/revisions\/36642"}],"wp:featuredmedia":[{"embeddable":true,"href":"https:\/\/acontecenafronteira.com.br\/index.php\/wp-json\/wp\/v2\/media\/36643"}],"wp:attachment":[{"href":"https:\/\/acontecenafronteira.com.br\/index.php\/wp-json\/wp\/v2\/media?parent=36633"}],"wp:term":[{"taxonomy":"category","embeddable":true,"href":"https:\/\/acontecenafronteira.com.br\/index.php\/wp-json\/wp\/v2\/categories?post=36633"},{"taxonomy":"post_tag","embeddable":true,"href":"https:\/\/acontecenafronteira.com.br\/index.php\/wp-json\/wp\/v2\/tags?post=36633"}],"curies":[{"name":"wp","href":"https:\/\/api.w.org\/{rel}","templated":true}]}}