{"id":36632,"date":"2026-09-06T08:37:15","date_gmt":"2026-09-06T11:37:15","guid":{"rendered":"https:\/\/acontecenafronteira.com.br\/?p=36632"},"modified":"2026-09-06T08:37:15","modified_gmt":"2026-09-06T11:37:15","slug":"athletico-pr-x-rivais-confira-os-jogos-do-brasileirao","status":"publish","type":"post","link":"https:\/\/acontecenafronteira.com.br\/index.php\/2026\/09\/06\/athletico-pr-x-rivais-confira-os-jogos-do-brasileirao\/","title":{"rendered":"Athletico-PR x rivais: confira os jogos do Brasileir\u00e3o"},"content":{"rendered":"<p>O Est\u00e1dio Nilton Santos ser\u00e1 palco, neste domingo (6\/9), \u00e0s 18h30 (de Bras\u00edlia), de um dos confrontos mais aguardados da 26\u00aa rodada do <strong>Campeonato Brasileiro<\/strong>. A partida coloca frente a frente equipes em momentos totalmente opostos na tabela, prometendo fortes emo\u00e7\u00f5es para os apostadores e torcedores que acompanham a competi\u00e7\u00e3o nacional.<\/p>\n<h2>Momento das equipes no torneio<\/h2>\n<p>O time carioca tenta deixar para tr\u00e1s uma fase bastante conturbada, marcada por protestos da torcida no centro de treinamentos e uma sequ\u00eancia negativa de tr\u00eas derrotas seguidas no torneio. A s\u00e9rie de resultados ruins come\u00e7ou no dia 16 de agosto com um rev\u00e9s por 1 a 0 para o Vit\u00f3ria fora de casa, seguiu com a derrota por 3 a 2 para o <strong>Athletico-PR<\/strong> no Rio de Janeiro, e culminou no 3 a 0 sofrido contra o Flamengo no Maracan\u00e3. Atualmente na 12\u00aa posi\u00e7\u00e3o com 30 pontos, a equipe busca reabilita\u00e7\u00e3o.<\/p>\n<h2>A briga pelo topo da tabela<\/h2>\n<p>Do outro lado, o advers\u00e1rio vive uma realidade bem mais confort\u00e1vel e lidera a competi\u00e7\u00e3o com 52 pontos, travando uma disputa acirrada pelo t\u00edtulo contra o Flamengo, que soma 51 pontos. O retrospecto recente \u00e9 amplamente desfavor\u00e1vel ao mandante, j\u00e1 que o Verd\u00e3o levou a melhor nos \u00faltimos tr\u00eas encontros diretos: 2 a 1 pelo Brasileir\u00e3o 2026, 1 a 0 no Brasileir\u00e3o 2025 e 1 a 0 nas oitavas de final da Copa do Mundo de Clubes 2025.<\/p>\n<h2>Cota\u00e7\u00f5es e expectativas para o confronto<\/h2>\n<p>Para quem deseja realizar palpites nas principais plataformas de apostas, as cota\u00e7\u00f5es apontam favoritismo para o visitante. As odds para o triunfo do mandante est\u00e3o em 3.35, enquanto o empate paga 3.40 e a vit\u00f3ria do l\u00edder \u00e9 cotada a 2.10 na Stake. Vale lembrar que os valores s\u00e3o flutuantes e o esporte \u00e9 imprevis\u00edvel. No mercado de rebaixamento, o clube carioca aparece cotado a 22.00, estando cinco pontos acima do Vasco, equipe que abre a zona de rebaixamento com 25 pontos.<\/p>\n<h2>Transmiss\u00e3o ao vivo<\/h2>\n<p>Os torcedores que n\u00e3o comparecerem ao est\u00e1dio poder\u00e3o acompanhar todas as emo\u00e7\u00f5es do duelo deste domingo atrav\u00e9s de diferentes canais de transmiss\u00e3o. O confronto ter\u00e1 exibi\u00e7\u00e3o ao vivo na TV aberta pela Record, na internet atrav\u00e9s da Caz\u00e9TV no YouTube, e no sistema pay-per-view pelo Premiere.<\/p>\n<p>Por Reda\u00e7\u00e3o Acontece<\/p>\n<p>Imagem: Divulga\u00e7\u00e3o \/ CBF<\/p>\n","protected":false},"excerpt":{"rendered":"<p>O Est\u00e1dio Nilton Santos ser\u00e1 palco, neste domingo (6\/9), \u00e0s 18h30 (de Bras\u00edlia), de um dos confrontos mais aguardados da 26\u00aa rodada do Campeonato Brasileiro. A partida coloca frente a frente equipes em momentos totalmente opostos na tabela, prometendo fortes emo\u00e7\u00f5es para os apostadores e torcedores que acompanham a competi\u00e7\u00e3o nacional. Momento das equipes no [&hellip;]<\/p>\n","protected":false},"author":0,"featured_media":36641,"comment_status":"open","ping_status":"open","sticky":false,"template":"","format":"standard","meta":{"footnotes":""},"categories":[6],"tags":[],"class_list":["post-36632","post","type-post","status-publish","format-standard","has-post-thumbnail","hentry","category-mercosul"],"_links":{"self":[{"href":"https:\/\/acontecenafronteira.com.br\/index.php\/wp-json\/wp\/v2\/posts\/36632","targetHints":{"allow":["GET"]}}],"collection":[{"href":"https:\/\/acontecenafronteira.com.br\/index.php\/wp-json\/wp\/v2\/posts"}],"about":[{"href":"https:\/\/acontecenafronteira.com.br\/index.php\/wp-json\/wp\/v2\/types\/post"}],"replies":[{"embeddable":true,"href":"https:\/\/acontecenafronteira.com.br\/index.php\/wp-json\/wp\/v2\/comments?post=36632"}],"version-history":[{"count":1,"href":"https:\/\/acontecenafronteira.com.br\/index.php\/wp-json\/wp\/v2\/posts\/36632\/revisions"}],"predecessor-version":[{"id":36640,"href":"https:\/\/acontecenafronteira.com.br\/index.php\/wp-json\/wp\/v2\/posts\/36632\/revisions\/36640"}],"wp:featuredmedia":[{"embeddable":true,"href":"https:\/\/acontecenafronteira.com.br\/index.php\/wp-json\/wp\/v2\/media\/36641"}],"wp:attachment":[{"href":"https:\/\/acontecenafronteira.com.br\/index.php\/wp-json\/wp\/v2\/media?parent=36632"}],"wp:term":[{"taxonomy":"category","embeddable":true,"href":"https:\/\/acontecenafronteira.com.br\/index.php\/wp-json\/wp\/v2\/categories?post=36632"},{"taxonomy":"post_tag","embeddable":true,"href":"https:\/\/acontecenafronteira.com.br\/index.php\/wp-json\/wp\/v2\/tags?post=36632"}],"curies":[{"name":"wp","href":"https:\/\/api.w.org\/{rel}","templated":true}]}}