{"id":36629,"date":"2026-09-06T08:37:02","date_gmt":"2026-09-06T11:37:02","guid":{"rendered":"https:\/\/acontecenafronteira.com.br\/?p=36629"},"modified":"2026-09-06T08:37:02","modified_gmt":"2026-09-06T11:37:02","slug":"defesa-de-ator-de-novela-rebate-acusacao-de-racismo-de-streamer","status":"publish","type":"post","link":"https:\/\/acontecenafronteira.com.br\/index.php\/2026\/09\/06\/defesa-de-ator-de-novela-rebate-acusacao-de-racismo-de-streamer\/","title":{"rendered":"Defesa de ator de novela rebate acusa\u00e7\u00e3o de racismo de streamer"},"content":{"rendered":"<p>Defesa de ator de novela rebate acusa\u00e7\u00e3o de racismo de streamer Advogados de ator da Globo respondem a acusa\u00e7\u00f5es de racismo feitas por streamer ap\u00f3s pol\u00eamica envolvendo epis\u00f3dios de homofobia em festival. A equipe jur\u00eddica do ator Jo\u00e3o Victor Gon\u00e7alves, conhecido por seu papel como Mau Mau na novela <strong>Quem Ama Cuida<\/strong>, emitiu um comunicado oficial para rebater as alega\u00e7\u00f5es de racismo levantadas por um streamer envolvido em uma pol\u00eamica recente. <\/p>\n<h2>Contexto das investiga\u00e7\u00f5es e desdobramentos<\/h2>\n<p> O embate come\u00e7ou ap\u00f3s a repercuss\u00e3o de uma transmiss\u00e3o ao vivo realizada nas imedia\u00e7\u00f5es do festival <strong>Rock in Rio<\/strong>. Na ocasi\u00e3o, o artista foi alvo de deboches p\u00fablicos relacionados \u00e0s suas vestimentas, interpretadas pelos agressores como fora dos padr\u00f5es tradicionais de g\u00eanero para um homem. Segundo a defesa, a abordagem hostil contou com a participa\u00e7\u00e3o de quatro indiv\u00edduos e foi transmitida em tempo real para os seguidores do influenciador digital. Os advogados enfatizam que a situa\u00e7\u00e3o configurou um ato grave de discrimina\u00e7\u00e3o devido \u00e0 orienta\u00e7\u00e3o sexual do int\u00e9rprete. <\/p>\n<h2>Esclarecimentos sobre a acusa\u00e7\u00e3o de racismo<\/h2>\n<p> Em contrapartida, o criador de conte\u00fado alegou posteriormente que o global teria tido uma postura racista durante uma de suas falas. A defesa do artista, no entanto, justificou que o receio manifestado por Jo\u00e3o Victor estava ligado exclusivamente \u00e0 falta de seguran\u00e7a e \u00e0 desvantagem num\u00e9rica no local. Os representantes legais ressaltaram que o temor de ser assaltado constitui uma rea\u00e7\u00e3o leg\u00edtima de autoprote\u00e7\u00e3o e n\u00e3o possui qualquer liga\u00e7\u00e3o com preconceito racial. Al\u00e9m disso, destacaram que a confiss\u00e3o do pr\u00f3prio streamer sobre o uso da pol\u00eamica para gerar engajamento comprova o car\u00e1ter deliberado da exposi\u00e7\u00e3o indevida. Por Reda\u00e7\u00e3o Acontece Reprodu\u00e7\u00e3o\/Instagram<\/p>\n","protected":false},"excerpt":{"rendered":"<p>Defesa de ator de novela rebate acusa\u00e7\u00e3o de racismo de streamer Advogados de ator da Globo respondem a acusa\u00e7\u00f5es de racismo feitas por streamer ap\u00f3s pol\u00eamica envolvendo epis\u00f3dios de homofobia em festival. A equipe jur\u00eddica do ator Jo\u00e3o Victor Gon\u00e7alves, conhecido por seu papel como Mau Mau na novela Quem Ama Cuida, emitiu um comunicado [&hellip;]<\/p>\n","protected":false},"author":0,"featured_media":36635,"comment_status":"open","ping_status":"open","sticky":false,"template":"","format":"standard","meta":{"footnotes":""},"categories":[6],"tags":[],"class_list":["post-36629","post","type-post","status-publish","format-standard","has-post-thumbnail","hentry","category-mercosul"],"_links":{"self":[{"href":"https:\/\/acontecenafronteira.com.br\/index.php\/wp-json\/wp\/v2\/posts\/36629","targetHints":{"allow":["GET"]}}],"collection":[{"href":"https:\/\/acontecenafronteira.com.br\/index.php\/wp-json\/wp\/v2\/posts"}],"about":[{"href":"https:\/\/acontecenafronteira.com.br\/index.php\/wp-json\/wp\/v2\/types\/post"}],"replies":[{"embeddable":true,"href":"https:\/\/acontecenafronteira.com.br\/index.php\/wp-json\/wp\/v2\/comments?post=36629"}],"version-history":[{"count":1,"href":"https:\/\/acontecenafronteira.com.br\/index.php\/wp-json\/wp\/v2\/posts\/36629\/revisions"}],"predecessor-version":[{"id":36634,"href":"https:\/\/acontecenafronteira.com.br\/index.php\/wp-json\/wp\/v2\/posts\/36629\/revisions\/36634"}],"wp:featuredmedia":[{"embeddable":true,"href":"https:\/\/acontecenafronteira.com.br\/index.php\/wp-json\/wp\/v2\/media\/36635"}],"wp:attachment":[{"href":"https:\/\/acontecenafronteira.com.br\/index.php\/wp-json\/wp\/v2\/media?parent=36629"}],"wp:term":[{"taxonomy":"category","embeddable":true,"href":"https:\/\/acontecenafronteira.com.br\/index.php\/wp-json\/wp\/v2\/categories?post=36629"},{"taxonomy":"post_tag","embeddable":true,"href":"https:\/\/acontecenafronteira.com.br\/index.php\/wp-json\/wp\/v2\/tags?post=36629"}],"curies":[{"name":"wp","href":"https:\/\/api.w.org\/{rel}","templated":true}]}}