{"id":36618,"date":"2026-09-06T08:36:57","date_gmt":"2026-09-06T11:36:57","guid":{"rendered":"https:\/\/acontecenafronteira.com.br\/?p=36618"},"modified":"2026-09-06T08:36:57","modified_gmt":"2026-09-06T11:36:57","slug":"tendencias-de-maquiagem-para-o-festival-foz-verao-2026","status":"publish","type":"post","link":"https:\/\/acontecenafronteira.com.br\/index.php\/2026\/09\/06\/tendencias-de-maquiagem-para-o-festival-foz-verao-2026\/","title":{"rendered":"Tend\u00eancias de maquiagem para o Festival Foz Ver\u00e3o 2026"},"content":{"rendered":"<p>O cen\u00e1rio musical e cultural do Paran\u00e1 j\u00e1 respira a atmosfera dos grandes eventos da temporada, trazendo para as produ\u00e7\u00f5es do p\u00fablico paranaense as principais refer\u00eancias de beleza que dominaram os palcos internacionais.<\/p>\n<h2>Delineados e brilho em alta no Paran\u00e1<\/h2>\n<p>\nA maquiagem para curtir os shows na regi\u00e3o transita entre peles com acabamento leve e pontos estrat\u00e9gicos de impacto visual. Tend\u00eancias como delineados coloridos, tons de prata, aplica\u00e7\u00e3o de strass e blush bastante marcado dividem espa\u00e7o com a est\u00e9tica de olhos propositalmente borrados. A grande proposta para os eventos deste ano \u00e9 selecionar apenas um elemento de destaque para conferir personalidade ao visual, evitando o excesso de informa\u00e7\u00f5es no mesmo rosto.<\/p>\n<h2>Dicas de especialistas para o visual<\/h2>\n<p>\nSegundo o maquiador e profissional de imagem Carlos Moura, o conceito de se produzir para maratonas de shows passou por uma grande transforma\u00e7\u00e3o nos \u00faltimos tempos. O especialista refor\u00e7a que n\u00e3o \u00e9 mais necess\u00e1rio acumular brilho, cor, pedrarias e tra\u00e7os pesados de forma simult\u00e2nea na produ\u00e7\u00e3o.<\/p>\n<p>Para garantir que o visual resista ao calor e \u00e0 movimenta\u00e7\u00e3o intensa durante as apresenta\u00e7\u00f5es, a prepara\u00e7\u00e3o da pele \u00e9 um fator determinante. A recomenda\u00e7\u00e3o de profissionais \u00e9 priorizar bases de textura natural e corre\u00e7\u00f5es pontuais, garantindo que o rosto permane\u00e7a fresco, sem o peso de m\u00faltiplas camadas que dificultem eventuais retoques ao longo da festa.<\/p>\n<p>Por Reda\u00e7\u00e3o Acontece<\/p>\n<p>Imagem: Divulga\u00e7\u00e3o \/ Freepik<\/p>\n","protected":false},"excerpt":{"rendered":"<p>O cen\u00e1rio musical e cultural do Paran\u00e1 j\u00e1 respira a atmosfera dos grandes eventos da temporada, trazendo para as produ\u00e7\u00f5es do p\u00fablico paranaense as principais refer\u00eancias de beleza que dominaram os palcos internacionais. Delineados e brilho em alta no Paran\u00e1 A maquiagem para curtir os shows na regi\u00e3o transita entre peles com acabamento leve e [&hellip;]<\/p>\n","protected":false},"author":0,"featured_media":36628,"comment_status":"open","ping_status":"open","sticky":false,"template":"","format":"standard","meta":{"footnotes":""},"categories":[28],"tags":[],"class_list":["post-36618","post","type-post","status-publish","format-standard","has-post-thumbnail","hentry","category-mundo"],"_links":{"self":[{"href":"https:\/\/acontecenafronteira.com.br\/index.php\/wp-json\/wp\/v2\/posts\/36618","targetHints":{"allow":["GET"]}}],"collection":[{"href":"https:\/\/acontecenafronteira.com.br\/index.php\/wp-json\/wp\/v2\/posts"}],"about":[{"href":"https:\/\/acontecenafronteira.com.br\/index.php\/wp-json\/wp\/v2\/types\/post"}],"replies":[{"embeddable":true,"href":"https:\/\/acontecenafronteira.com.br\/index.php\/wp-json\/wp\/v2\/comments?post=36618"}],"version-history":[{"count":1,"href":"https:\/\/acontecenafronteira.com.br\/index.php\/wp-json\/wp\/v2\/posts\/36618\/revisions"}],"predecessor-version":[{"id":36627,"href":"https:\/\/acontecenafronteira.com.br\/index.php\/wp-json\/wp\/v2\/posts\/36618\/revisions\/36627"}],"wp:featuredmedia":[{"embeddable":true,"href":"https:\/\/acontecenafronteira.com.br\/index.php\/wp-json\/wp\/v2\/media\/36628"}],"wp:attachment":[{"href":"https:\/\/acontecenafronteira.com.br\/index.php\/wp-json\/wp\/v2\/media?parent=36618"}],"wp:term":[{"taxonomy":"category","embeddable":true,"href":"https:\/\/acontecenafronteira.com.br\/index.php\/wp-json\/wp\/v2\/categories?post=36618"},{"taxonomy":"post_tag","embeddable":true,"href":"https:\/\/acontecenafronteira.com.br\/index.php\/wp-json\/wp\/v2\/tags?post=36618"}],"curies":[{"name":"wp","href":"https:\/\/api.w.org\/{rel}","templated":true}]}}