{"id":36616,"date":"2026-09-06T08:36:46","date_gmt":"2026-09-06T11:36:46","guid":{"rendered":"https:\/\/acontecenafronteira.com.br\/?p=36616"},"modified":"2026-09-06T08:36:46","modified_gmt":"2026-09-06T11:36:46","slug":"cvm-investiga-vazamento-na-vale-e-tranquilidade-e-ameacada","status":"publish","type":"post","link":"https:\/\/acontecenafronteira.com.br\/index.php\/2026\/09\/06\/cvm-investiga-vazamento-na-vale-e-tranquilidade-e-ameacada\/","title":{"rendered":"CVM investiga vazamento na Vale e tranquilidade \u00e9 amea\u00e7ada"},"content":{"rendered":"<p>A Comiss\u00e3o de Valores Mobili\u00e1rios (CVM) est\u00e1 aprofundando as investiga\u00e7\u00f5es sobre um suposto vazamento de voto de um ex-membro do conselho de administra\u00e7\u00e3o da <strong>Vale<\/strong> para o mercado financeiro. O caso amea\u00e7a a aparente calmaria que se instalou na mineradora nos \u00faltimos meses.<\/p>\n<h2>Bastidores da mineradora<\/h2>\n<p>O colegiado da companhia havia recuperado a estabilidade ap\u00f3s a escolha de um novo presidente do conselho, ocorrida em julho. Essa defini\u00e7\u00e3o encerrou um per\u00edodo turbulento marcado por intensas disputas pol\u00edticas e ru\u00eddos nos <strong>bastidores corporativos<\/strong>.<\/p>\n<h2>Avan\u00e7o nas apura\u00e7\u00f5es<\/h2>\n<p>Apesar do clima de aparente normalidade na gest\u00e3o atual, os reguladores do mercado de capitais seguem analisando a conduta relacionada \u00e0 revela\u00e7\u00e3o antecipada de informa\u00e7\u00f5es sigilosas. O epis\u00f3dio ocorreu antes da troca de comando e continua no radar das <strong>autoridades reguladoras<\/strong>.<\/p>\n<p>Especialistas apontam que a apura\u00e7\u00e3o pode trazer novos desdobramentos sobre a governan\u00e7a da empresa e a seguran\u00e7a na circula\u00e7\u00e3o de dados sens\u00edveis entre os dirigentes e agentes externos.<\/p>\n<p>O desfecho dessa fiscaliza\u00e7\u00e3o conduzida pela autarquia federal permanece incerto, mas evidencia a rigidez no monitoramento de <strong>informa\u00e7\u00f5es privilegiadas<\/strong> em companhias de capital aberto no Brasil.<\/p>\n<p>Por Reda\u00e7\u00e3o Acontece<\/p>\n<p>Cr\u00e9ditos da imagem: Divulga\u00e7\u00e3o\/Vale<\/p>\n","protected":false},"excerpt":{"rendered":"<p>A Comiss\u00e3o de Valores Mobili\u00e1rios (CVM) est\u00e1 aprofundando as investiga\u00e7\u00f5es sobre um suposto vazamento de voto de um ex-membro do conselho de administra\u00e7\u00e3o da Vale para o mercado financeiro. O caso amea\u00e7a a aparente calmaria que se instalou na mineradora nos \u00faltimos meses. Bastidores da mineradora O colegiado da companhia havia recuperado a estabilidade ap\u00f3s [&hellip;]<\/p>\n","protected":false},"author":0,"featured_media":36624,"comment_status":"open","ping_status":"open","sticky":false,"template":"","format":"standard","meta":{"footnotes":""},"categories":[28],"tags":[],"class_list":["post-36616","post","type-post","status-publish","format-standard","has-post-thumbnail","hentry","category-mundo"],"_links":{"self":[{"href":"https:\/\/acontecenafronteira.com.br\/index.php\/wp-json\/wp\/v2\/posts\/36616","targetHints":{"allow":["GET"]}}],"collection":[{"href":"https:\/\/acontecenafronteira.com.br\/index.php\/wp-json\/wp\/v2\/posts"}],"about":[{"href":"https:\/\/acontecenafronteira.com.br\/index.php\/wp-json\/wp\/v2\/types\/post"}],"replies":[{"embeddable":true,"href":"https:\/\/acontecenafronteira.com.br\/index.php\/wp-json\/wp\/v2\/comments?post=36616"}],"version-history":[{"count":1,"href":"https:\/\/acontecenafronteira.com.br\/index.php\/wp-json\/wp\/v2\/posts\/36616\/revisions"}],"predecessor-version":[{"id":36623,"href":"https:\/\/acontecenafronteira.com.br\/index.php\/wp-json\/wp\/v2\/posts\/36616\/revisions\/36623"}],"wp:featuredmedia":[{"embeddable":true,"href":"https:\/\/acontecenafronteira.com.br\/index.php\/wp-json\/wp\/v2\/media\/36624"}],"wp:attachment":[{"href":"https:\/\/acontecenafronteira.com.br\/index.php\/wp-json\/wp\/v2\/media?parent=36616"}],"wp:term":[{"taxonomy":"category","embeddable":true,"href":"https:\/\/acontecenafronteira.com.br\/index.php\/wp-json\/wp\/v2\/categories?post=36616"},{"taxonomy":"post_tag","embeddable":true,"href":"https:\/\/acontecenafronteira.com.br\/index.php\/wp-json\/wp\/v2\/tags?post=36616"}],"curies":[{"name":"wp","href":"https:\/\/api.w.org\/{rel}","templated":true}]}}