{"id":36615,"date":"2026-09-06T08:36:43","date_gmt":"2026-09-06T11:36:43","guid":{"rendered":"https:\/\/acontecenafronteira.com.br\/?p=36615"},"modified":"2026-09-06T08:36:43","modified_gmt":"2026-09-06T11:36:43","slug":"turista-morre-apos-salto-em-agua-rasa-na-turquia","status":"publish","type":"post","link":"https:\/\/acontecenafronteira.com.br\/index.php\/2026\/09\/06\/turista-morre-apos-salto-em-agua-rasa-na-turquia\/","title":{"rendered":"Turista morre ap\u00f3s salto em \u00e1gua rasa na Turquia"},"content":{"rendered":"<p>Um turista de 39 anos morreu ap\u00f3s ignorar avisos de seguran\u00e7a e mergulhar de cabe\u00e7a em uma \u00e1rea de \u00e1gua rasa na prov\u00edncia de Ant\u00e1lia, na Turquia, na \u00faltima sexta-feira (4).<\/p>\n<h2>F\u00e9rias em fam\u00edlia terminam em trag\u00e9dia<\/h2>\n<p>Arif Erman estava hospedado com a esposa e os tr\u00eas filhos em um resort localizado no bairro Konakli, na cidade turca de Alanya. A regi\u00e3o mediterr\u00e2nea \u00e9 amplamente conhecida por seus hot\u00e9is de alto padr\u00e3o voltados para o turismo de descanso.<\/p>\n<p>Por volta das 15h, a fam\u00edlia se dirigiu a um p\u00eder equipado com espregui\u00e7adeiras para relaxar \u00e0 beira-mar, local que contava com sinaliza\u00e7\u00f5es claras sobre a proibi\u00e7\u00e3o de saltos devido \u00e0 baixa profundidade.<\/p>\n<h2>C\u00e2meras registram o momento do salto<\/h2>\n<p>Imagens capturadas por sistemas de seguran\u00e7a mostram o momento em que Arif caminha descal\u00e7o e sem camisa pelo deck de madeira. Ap\u00f3s analisar o local, ele recua alguns metros para pegar impulso e executa o salto mortal de cabe\u00e7a em dire\u00e7\u00e3o ao mar.<\/p>\n<p>Relat\u00f3rios da imprensa local indicam que o trecho onde ocorreu o mergulho contava com apenas 50 cent\u00edmetros de profundidade, tornando a manobra extremamente perigosa e proibida pelo estabelecimento.<\/p>\n<h2>Socorro imediato e fatalidade<\/h2>\n<p>Assim que o acidente aconteceu, outros h\u00f3spedes presentes no p\u00eder come\u00e7am a gesticular desesperadamente em busca de socorro. Um salva-vidas rapidamente pulou na \u00e1gua, onde o n\u00edvel mal atingia a altura de seus quadris.<\/p>\n<p>O impacto violento provocou uma fratura severa no pesco\u00e7o da v\u00edtima. Embora tenha sido socorrido prontamente e internado em uma unidade de terapia intensiva, Arif n\u00e3o resistiu aos ferimentos e faleceu no s\u00e1bado (5). O corpo foi trasladado para sua cidade natal, Sapanca, onde ocorreu o sepultamento.<\/p>\n<p>Por Reda\u00e7\u00e3o Acontece<\/p>\n<p>Reprodu\u00e7\u00e3o via La Nacion<\/p>\n","protected":false},"excerpt":{"rendered":"<p>Um turista de 39 anos morreu ap\u00f3s ignorar avisos de seguran\u00e7a e mergulhar de cabe\u00e7a em uma \u00e1rea de \u00e1gua rasa na prov\u00edncia de Ant\u00e1lia, na Turquia, na \u00faltima sexta-feira (4). F\u00e9rias em fam\u00edlia terminam em trag\u00e9dia Arif Erman estava hospedado com a esposa e os tr\u00eas filhos em um resort localizado no bairro Konakli, [&hellip;]<\/p>\n","protected":false},"author":0,"featured_media":36622,"comment_status":"open","ping_status":"open","sticky":false,"template":"","format":"standard","meta":{"footnotes":""},"categories":[28],"tags":[],"class_list":["post-36615","post","type-post","status-publish","format-standard","has-post-thumbnail","hentry","category-mundo"],"_links":{"self":[{"href":"https:\/\/acontecenafronteira.com.br\/index.php\/wp-json\/wp\/v2\/posts\/36615","targetHints":{"allow":["GET"]}}],"collection":[{"href":"https:\/\/acontecenafronteira.com.br\/index.php\/wp-json\/wp\/v2\/posts"}],"about":[{"href":"https:\/\/acontecenafronteira.com.br\/index.php\/wp-json\/wp\/v2\/types\/post"}],"replies":[{"embeddable":true,"href":"https:\/\/acontecenafronteira.com.br\/index.php\/wp-json\/wp\/v2\/comments?post=36615"}],"version-history":[{"count":1,"href":"https:\/\/acontecenafronteira.com.br\/index.php\/wp-json\/wp\/v2\/posts\/36615\/revisions"}],"predecessor-version":[{"id":36621,"href":"https:\/\/acontecenafronteira.com.br\/index.php\/wp-json\/wp\/v2\/posts\/36615\/revisions\/36621"}],"wp:featuredmedia":[{"embeddable":true,"href":"https:\/\/acontecenafronteira.com.br\/index.php\/wp-json\/wp\/v2\/media\/36622"}],"wp:attachment":[{"href":"https:\/\/acontecenafronteira.com.br\/index.php\/wp-json\/wp\/v2\/media?parent=36615"}],"wp:term":[{"taxonomy":"category","embeddable":true,"href":"https:\/\/acontecenafronteira.com.br\/index.php\/wp-json\/wp\/v2\/categories?post=36615"},{"taxonomy":"post_tag","embeddable":true,"href":"https:\/\/acontecenafronteira.com.br\/index.php\/wp-json\/wp\/v2\/tags?post=36615"}],"curies":[{"name":"wp","href":"https:\/\/api.w.org\/{rel}","templated":true}]}}