{"id":36614,"date":"2026-09-06T08:36:37","date_gmt":"2026-09-06T11:36:37","guid":{"rendered":"https:\/\/acontecenafronteira.com.br\/?p=36614"},"modified":"2026-09-06T08:36:37","modified_gmt":"2026-09-06T11:36:37","slug":"chapinha-que-vibra-retorna-ao-mercado-e-gera-duvidas-sobre-a-saude-capilar","status":"publish","type":"post","link":"https:\/\/acontecenafronteira.com.br\/index.php\/2026\/09\/06\/chapinha-que-vibra-retorna-ao-mercado-e-gera-duvidas-sobre-a-saude-capilar\/","title":{"rendered":"Chapinha que vibra retorna ao mercado e gera d\u00favidas sobre a sa\u00fade capilar"},"content":{"rendered":"<p>As ferramentas de beleza que utilizam o movimento vibrat\u00f3rio, grande febre dos anos 2000, est\u00e3o de volta ao mercado com a promessa de facilitar a modelagem e proteger a fibra capilar. Chapinhas e escovas equipadas com essa tecnologia buscam garantir um deslizamento mais suave pelas mechas, gerando debates entre profissionais sobre os reais benef\u00edcios para a sa\u00fade do cabelo.<\/p>\n<h2>Como funciona a tecnologia vibrat\u00f3ria<\/h2>\n<p>\nO princ\u00edpio por tr\u00e1s dessas ferramentas \u00e9 simples: fazer com que as placas e cerdas vibrem para diminuir a resist\u00eancia ao deslizar pelos fios. De acordo com especialistas, essa movimenta\u00e7\u00e3o ajuda a espalhar melhor a press\u00e3o sobre o cabelo, evitando a concentra\u00e7\u00e3o de for\u00e7a em pontos espec\u00edficos e reduzindo o risco de prender as cut\u00edculas durante o processo de alisamento.<\/p>\n<h2>Impacto na redu\u00e7\u00e3o de passadas<\/h2>\n<p>\nOutro ponto defendido pelos fabricantes \u00e9 a otimiza\u00e7\u00e3o do tempo. Com um melhor alinhamento proporcionado pela vibra\u00e7\u00e3o, o aparelho pode diminuir a necessidade de repetir o movimento v\u00e1rias vezes na mesma mecha. A distribui\u00e7\u00e3o do calor tende a ser mais homog\u00eanea, o que reduziria a exposi\u00e7\u00e3o localizada a altas temperaturas.<\/p>\n<h2>Cuidados essenciais e limites do calor<\/h2>\n<p>\nApesar da inova\u00e7\u00e3o mec\u00e2nica, os especialistas alertam que nenhuma tecnologia anula totalmente os riscos do calor excessivo. O limite seguro para a fibra capilar permanece em 180 \u00b0C; acima disso, o cabelo come\u00e7a a perder \u00e1gua e a sofrer danos na queratina. O uso de protetor t\u00e9rmico antes da modelagem e a restri\u00e7\u00e3o de movimentos parados continuam sendo indispens\u00e1veis para evitar a quebra.<\/p>\n<h2>Diferen\u00e7as entre os tipos de cabelo<\/h2>\n<p>\nA efic\u00e1cia do aparelho tamb\u00e9m varia conforme a textura das madeixas. Fios finos ou descoloridos podem notar maior facilidade e menor quebra, enquanto cabelos crespos, muito cacheados ou grossos podem n\u00e3o apresentar o mesmo desempenho com essa tecnologia. O estado inicial do cabelo segue sendo o fator determinante para o resultado final da escova ou chapinha.<\/p>\n<p>Por Reda\u00e7\u00e3o Acontece<\/p>\n<p>Foto: Divulga\u00e7\u00e3o\/Pixabay<\/p>\n","protected":false},"excerpt":{"rendered":"<p>As ferramentas de beleza que utilizam o movimento vibrat\u00f3rio, grande febre dos anos 2000, est\u00e3o de volta ao mercado com a promessa de facilitar a modelagem e proteger a fibra capilar. Chapinhas e escovas equipadas com essa tecnologia buscam garantir um deslizamento mais suave pelas mechas, gerando debates entre profissionais sobre os reais benef\u00edcios para [&hellip;]<\/p>\n","protected":false},"author":0,"featured_media":36620,"comment_status":"open","ping_status":"open","sticky":false,"template":"","format":"standard","meta":{"footnotes":""},"categories":[28],"tags":[],"class_list":["post-36614","post","type-post","status-publish","format-standard","has-post-thumbnail","hentry","category-mundo"],"_links":{"self":[{"href":"https:\/\/acontecenafronteira.com.br\/index.php\/wp-json\/wp\/v2\/posts\/36614","targetHints":{"allow":["GET"]}}],"collection":[{"href":"https:\/\/acontecenafronteira.com.br\/index.php\/wp-json\/wp\/v2\/posts"}],"about":[{"href":"https:\/\/acontecenafronteira.com.br\/index.php\/wp-json\/wp\/v2\/types\/post"}],"replies":[{"embeddable":true,"href":"https:\/\/acontecenafronteira.com.br\/index.php\/wp-json\/wp\/v2\/comments?post=36614"}],"version-history":[{"count":1,"href":"https:\/\/acontecenafronteira.com.br\/index.php\/wp-json\/wp\/v2\/posts\/36614\/revisions"}],"predecessor-version":[{"id":36619,"href":"https:\/\/acontecenafronteira.com.br\/index.php\/wp-json\/wp\/v2\/posts\/36614\/revisions\/36619"}],"wp:featuredmedia":[{"embeddable":true,"href":"https:\/\/acontecenafronteira.com.br\/index.php\/wp-json\/wp\/v2\/media\/36620"}],"wp:attachment":[{"href":"https:\/\/acontecenafronteira.com.br\/index.php\/wp-json\/wp\/v2\/media?parent=36614"}],"wp:term":[{"taxonomy":"category","embeddable":true,"href":"https:\/\/acontecenafronteira.com.br\/index.php\/wp-json\/wp\/v2\/categories?post=36614"},{"taxonomy":"post_tag","embeddable":true,"href":"https:\/\/acontecenafronteira.com.br\/index.php\/wp-json\/wp\/v2\/tags?post=36614"}],"curies":[{"name":"wp","href":"https:\/\/api.w.org\/{rel}","templated":true}]}}