{"id":36609,"date":"2026-09-06T08:36:29","date_gmt":"2026-09-06T11:36:29","guid":{"rendered":"https:\/\/acontecenafronteira.com.br\/?p=36609"},"modified":"2026-09-06T08:36:29","modified_gmt":"2026-09-06T11:36:29","slug":"brasileirao-internacional-e-santos-duelam-contra-o-rebaixamento","status":"publish","type":"post","link":"https:\/\/acontecenafronteira.com.br\/index.php\/2026\/09\/06\/brasileirao-internacional-e-santos-duelam-contra-o-rebaixamento\/","title":{"rendered":"Brasileir\u00e3o: Internacional e Santos duelam contra o rebaixamento"},"content":{"rendered":"<p>Enquanto a briga pelo topo do Campeonato Brasileiro atrai os holofotes, a parte inferior da tabela reserva um confronto dram\u00e1tico entre <b>Internacional<\/b> e <b>Santos<\/b>, duas camisas tradicionais do futebol nacional que tentam escapar do descenso nesta temporada.<\/p>\n<h2>A situa\u00e7\u00e3o cr\u00edtica na tabela do Brasileir\u00e3o<\/h2>\n<p>Tanto o clube ga\u00facho quanto a equipe paulista entram em campo pressionados pela necessidade urgente de somar pontos. A campanha irregular colocou ambos os times em uma posi\u00e7\u00e3o desconfort\u00e1vel, transformando o confronto direto em uma verdadeira batalha pela sobreviv\u00eancia na elite.<\/p>\n<h3>Expectativas para a partida decisiva<\/h3>\n<p>Com margem de erro m\u00ednima, os t\u00e9cnicos de ambas as equipes preparam estrat\u00e9gias cautelosas, mas que buscam a vit\u00f3ria para afastar o fantasma da segunda divis\u00e3o. A press\u00e3o da torcida e o peso hist\u00f3rico aumentam a tens\u00e3o para este duelo v\u00e1lido pelo <b>Campeonato Brasileiro<\/b>.<\/p>\n<p>A prepara\u00e7\u00e3o f\u00edsica e o aspecto psicol\u00f3gico dos atletas ser\u00e3o determinantes para suportar a carga emocional do jogo. Erros defensivos podem custar caro na reta decisiva da competi\u00e7\u00e3o.<\/p>\n<p>O resultado deste embate promete sacudir a classifica\u00e7\u00e3o e redefinir os rumos dos dois clubes no torneio nacional, tornando cada minuto em campo absolutamente crucial.<\/p>\n<p>Por Reda\u00e7\u00e3o Acontece<\/p>\n<p>Cr\u00e9dito da imagem: Divulga\u00e7\u00e3o \/ CBF<\/p>\n","protected":false},"excerpt":{"rendered":"<p>Enquanto a briga pelo topo do Campeonato Brasileiro atrai os holofotes, a parte inferior da tabela reserva um confronto dram\u00e1tico entre Internacional e Santos, duas camisas tradicionais do futebol nacional que tentam escapar do descenso nesta temporada. A situa\u00e7\u00e3o cr\u00edtica na tabela do Brasileir\u00e3o Tanto o clube ga\u00facho quanto a equipe paulista entram em campo [&hellip;]<\/p>\n","protected":false},"author":0,"featured_media":36613,"comment_status":"open","ping_status":"open","sticky":false,"template":"","format":"standard","meta":{"footnotes":""},"categories":[18],"tags":[],"class_list":["post-36609","post","type-post","status-publish","format-standard","has-post-thumbnail","hentry","category-parana"],"_links":{"self":[{"href":"https:\/\/acontecenafronteira.com.br\/index.php\/wp-json\/wp\/v2\/posts\/36609","targetHints":{"allow":["GET"]}}],"collection":[{"href":"https:\/\/acontecenafronteira.com.br\/index.php\/wp-json\/wp\/v2\/posts"}],"about":[{"href":"https:\/\/acontecenafronteira.com.br\/index.php\/wp-json\/wp\/v2\/types\/post"}],"replies":[{"embeddable":true,"href":"https:\/\/acontecenafronteira.com.br\/index.php\/wp-json\/wp\/v2\/comments?post=36609"}],"version-history":[{"count":1,"href":"https:\/\/acontecenafronteira.com.br\/index.php\/wp-json\/wp\/v2\/posts\/36609\/revisions"}],"predecessor-version":[{"id":36612,"href":"https:\/\/acontecenafronteira.com.br\/index.php\/wp-json\/wp\/v2\/posts\/36609\/revisions\/36612"}],"wp:featuredmedia":[{"embeddable":true,"href":"https:\/\/acontecenafronteira.com.br\/index.php\/wp-json\/wp\/v2\/media\/36613"}],"wp:attachment":[{"href":"https:\/\/acontecenafronteira.com.br\/index.php\/wp-json\/wp\/v2\/media?parent=36609"}],"wp:term":[{"taxonomy":"category","embeddable":true,"href":"https:\/\/acontecenafronteira.com.br\/index.php\/wp-json\/wp\/v2\/categories?post=36609"},{"taxonomy":"post_tag","embeddable":true,"href":"https:\/\/acontecenafronteira.com.br\/index.php\/wp-json\/wp\/v2\/tags?post=36609"}],"curies":[{"name":"wp","href":"https:\/\/api.w.org\/{rel}","templated":true}]}}