{"id":36608,"date":"2026-09-06T08:36:13","date_gmt":"2026-09-06T11:36:13","guid":{"rendered":"https:\/\/acontecenafronteira.com.br\/?p=36608"},"modified":"2026-09-06T08:36:13","modified_gmt":"2026-09-06T11:36:13","slug":"lula-acusa-trump-de-ameacar-o-pix-e-promete-defesa","status":"publish","type":"post","link":"https:\/\/acontecenafronteira.com.br\/index.php\/2026\/09\/06\/lula-acusa-trump-de-ameacar-o-pix-e-promete-defesa\/","title":{"rendered":"Lula acusa Trump de amea\u00e7ar o Pix e promete defesa"},"content":{"rendered":"<p>O presidente da Rep\u00fablica e candidato \u00e0 reelei\u00e7\u00e3o, Luiz In\u00e1cio Lula da Silva (PT), afirmou em um evento recente que o presidente dos Estados Unidos, Donald Trump, tem a inten\u00e7\u00e3o de <b>acabar com o Pix<\/b> e garantiu que vai defender o sistema de pagamentos instant\u00e2neos brasileiro.<\/p>\n<h2>Declara\u00e7\u00f5es sobre a economia global<\/h2>\n<p>Durante o seu discurso, o mandat\u00e1rio brasileiro expressou preocupa\u00e7\u00e3o com medidas protecionistas internacionais e criticou interfer\u00eancias externas na economia nacional, destacando a popularidade e a efici\u00eancia da ferramenta financeira criada pelo Banco Central.<\/p>\n<h2>O impacto das amea\u00e7as externas<\/h2>\n<p>Segundo o chefe do Executivo, a soberania digital e financeira do Brasil est\u00e1 sob mira, o que exige uma resposta firme do governo federal para proteger as inova\u00e7\u00f5es tecnol\u00f3gicas que beneficiam milh\u00f5es de cidad\u00e3os diariamente.<\/p>\n<p>A fala repercutiu fortemente nos bastidores da pol\u00edtica nacional, mobilizando aliados e gerando debates sobre as rela\u00e7\u00f5es diplom\u00e1ticas e comerciais entre Bras\u00edlia e Washington nos pr\u00f3ximos anos.<\/p>\n<p>Diante do cen\u00e1rio pol\u00edtico acirrado, o tema ganha for\u00e7a na agenda eleitoral, transformando a defesa da tecnologia de pagamentos em uma das principais bandeiras da campanha atual.<\/p>\n<p>Por Reda\u00e7\u00e3o Acontece<\/p>\n<p>Cr\u00e9ditos da imagem: Reprodu\u00e7\u00e3o \/ Ag\u00eancia Brasil<\/p>\n","protected":false},"excerpt":{"rendered":"<p>O presidente da Rep\u00fablica e candidato \u00e0 reelei\u00e7\u00e3o, Luiz In\u00e1cio Lula da Silva (PT), afirmou em um evento recente que o presidente dos Estados Unidos, Donald Trump, tem a inten\u00e7\u00e3o de acabar com o Pix e garantiu que vai defender o sistema de pagamentos instant\u00e2neos brasileiro. Declara\u00e7\u00f5es sobre a economia global Durante o seu discurso, [&hellip;]<\/p>\n","protected":false},"author":0,"featured_media":36611,"comment_status":"open","ping_status":"open","sticky":false,"template":"","format":"standard","meta":{"footnotes":""},"categories":[18],"tags":[],"class_list":["post-36608","post","type-post","status-publish","format-standard","has-post-thumbnail","hentry","category-parana"],"_links":{"self":[{"href":"https:\/\/acontecenafronteira.com.br\/index.php\/wp-json\/wp\/v2\/posts\/36608","targetHints":{"allow":["GET"]}}],"collection":[{"href":"https:\/\/acontecenafronteira.com.br\/index.php\/wp-json\/wp\/v2\/posts"}],"about":[{"href":"https:\/\/acontecenafronteira.com.br\/index.php\/wp-json\/wp\/v2\/types\/post"}],"replies":[{"embeddable":true,"href":"https:\/\/acontecenafronteira.com.br\/index.php\/wp-json\/wp\/v2\/comments?post=36608"}],"version-history":[{"count":1,"href":"https:\/\/acontecenafronteira.com.br\/index.php\/wp-json\/wp\/v2\/posts\/36608\/revisions"}],"predecessor-version":[{"id":36610,"href":"https:\/\/acontecenafronteira.com.br\/index.php\/wp-json\/wp\/v2\/posts\/36608\/revisions\/36610"}],"wp:featuredmedia":[{"embeddable":true,"href":"https:\/\/acontecenafronteira.com.br\/index.php\/wp-json\/wp\/v2\/media\/36611"}],"wp:attachment":[{"href":"https:\/\/acontecenafronteira.com.br\/index.php\/wp-json\/wp\/v2\/media?parent=36608"}],"wp:term":[{"taxonomy":"category","embeddable":true,"href":"https:\/\/acontecenafronteira.com.br\/index.php\/wp-json\/wp\/v2\/categories?post=36608"},{"taxonomy":"post_tag","embeddable":true,"href":"https:\/\/acontecenafronteira.com.br\/index.php\/wp-json\/wp\/v2\/tags?post=36608"}],"curies":[{"name":"wp","href":"https:\/\/api.w.org\/{rel}","templated":true}]}}