{"id":36592,"date":"2026-09-06T07:37:08","date_gmt":"2026-09-06T10:37:08","guid":{"rendered":"https:\/\/acontecenafronteira.com.br\/?p=36592"},"modified":"2026-09-06T07:37:08","modified_gmt":"2026-09-06T10:37:08","slug":"joao-bosco-e-caetano-veloso-gravam-classico-para-novo-disco","status":"publish","type":"post","link":"https:\/\/acontecenafronteira.com.br\/index.php\/2026\/09\/06\/joao-bosco-e-caetano-veloso-gravam-classico-para-novo-disco\/","title":{"rendered":"Jo\u00e3o Bosco e Caetano Veloso gravam cl\u00e1ssico para novo disco"},"content":{"rendered":"<p>O renomado cantor e compositor Jo\u00e3o Bosco se uniu ao \u00edcone Caetano Veloso em est\u00fadio para uma grava\u00e7\u00e3o in\u00e9dita que integra o projeto comemorativo de oito d\u00e9cadas de vida do artista mineiro.<\/p>\n<p>H2 Detalhes da parceria musical<\/p>\n<p>O encontro entre os dois grandes nomes da MPB aconteceu no Rio de Janeiro para registrar uma nova vers\u00e3o da faixa Sinh\u00e1, lan\u00e7ada originalmente em 2011.<\/p>\n<p>H2 Hist\u00f3ria da can\u00e7\u00e3o<\/p>\n<p>A m\u00fasica escolhida para o \u00e1lbum \u00e9 fruto de uma parceria de Jo\u00e3o Bosco com Chico Buarque. A letra aborda a narrativa dram\u00e1tica de um escravo que enfrenta graves consequ\u00eancias ap\u00f3s flagrar a senhora da fazenda tomando banho de rio.<\/p>\n<p>O projeto comemorativo tem mobilizado grandes nomes da m\u00fasica brasileira para celebrar a trajet\u00f3ria de um dos maiores violonistas e compositores do pa\u00eds, prometendo novidades para o mercado fonogr\u00e1fico nos pr\u00f3ximos meses.<\/p>\n<p>Por Reda\u00e7\u00e3o Acontece<\/p>\n<p>Cr\u00e9ditos da imagem: Divulga\u00e7\u00e3o<\/p>\n","protected":false},"excerpt":{"rendered":"<p>O renomado cantor e compositor Jo\u00e3o Bosco se uniu ao \u00edcone Caetano Veloso em est\u00fadio para uma grava\u00e7\u00e3o in\u00e9dita que integra o projeto comemorativo de oito d\u00e9cadas de vida do artista mineiro. H2 Detalhes da parceria musical O encontro entre os dois grandes nomes da MPB aconteceu no Rio de Janeiro para registrar uma nova [&hellip;]<\/p>\n","protected":false},"author":0,"featured_media":36599,"comment_status":"open","ping_status":"open","sticky":false,"template":"","format":"standard","meta":{"footnotes":""},"categories":[28],"tags":[],"class_list":["post-36592","post","type-post","status-publish","format-standard","has-post-thumbnail","hentry","category-mundo"],"_links":{"self":[{"href":"https:\/\/acontecenafronteira.com.br\/index.php\/wp-json\/wp\/v2\/posts\/36592","targetHints":{"allow":["GET"]}}],"collection":[{"href":"https:\/\/acontecenafronteira.com.br\/index.php\/wp-json\/wp\/v2\/posts"}],"about":[{"href":"https:\/\/acontecenafronteira.com.br\/index.php\/wp-json\/wp\/v2\/types\/post"}],"replies":[{"embeddable":true,"href":"https:\/\/acontecenafronteira.com.br\/index.php\/wp-json\/wp\/v2\/comments?post=36592"}],"version-history":[{"count":1,"href":"https:\/\/acontecenafronteira.com.br\/index.php\/wp-json\/wp\/v2\/posts\/36592\/revisions"}],"predecessor-version":[{"id":36598,"href":"https:\/\/acontecenafronteira.com.br\/index.php\/wp-json\/wp\/v2\/posts\/36592\/revisions\/36598"}],"wp:featuredmedia":[{"embeddable":true,"href":"https:\/\/acontecenafronteira.com.br\/index.php\/wp-json\/wp\/v2\/media\/36599"}],"wp:attachment":[{"href":"https:\/\/acontecenafronteira.com.br\/index.php\/wp-json\/wp\/v2\/media?parent=36592"}],"wp:term":[{"taxonomy":"category","embeddable":true,"href":"https:\/\/acontecenafronteira.com.br\/index.php\/wp-json\/wp\/v2\/categories?post=36592"},{"taxonomy":"post_tag","embeddable":true,"href":"https:\/\/acontecenafronteira.com.br\/index.php\/wp-json\/wp\/v2\/tags?post=36592"}],"curies":[{"name":"wp","href":"https:\/\/api.w.org\/{rel}","templated":true}]}}