{"id":36591,"date":"2026-09-06T07:36:39","date_gmt":"2026-09-06T10:36:39","guid":{"rendered":"https:\/\/acontecenafronteira.com.br\/?p=36591"},"modified":"2026-09-06T07:36:39","modified_gmt":"2026-09-06T10:36:39","slug":"jornalista-deixa-venezuela-apos-ameacas-do-regime-de-maduro","status":"publish","type":"post","link":"https:\/\/acontecenafronteira.com.br\/index.php\/2026\/09\/06\/jornalista-deixa-venezuela-apos-ameacas-do-regime-de-maduro\/","title":{"rendered":"Jornalista deixa Venezuela ap\u00f3s amea\u00e7as do regime de Maduro"},"content":{"rendered":"<p>A fundadora do portal independente <strong>Efecto Cocuyo<\/strong>, Luz Reyes, precisou abandonar a Venezuela em decorr\u00eancia de graves amea\u00e7as recebidas pelo regime local.<\/p>\n<h2>A persegui\u00e7\u00e3o pol\u00edtica na Venezuela<\/h2>\n<p>A premiada comunicadora revelou que a decis\u00e3o de deixar o pa\u00eds ocorreu ap\u00f3s ser diretamente visada por Diosdado Cabello, que atualmente ocupa o cargo de ministro do Interior na na\u00e7\u00e3o governada por Nicol\u00e1s Maduro.<\/p>\n<h3>O impacto no jornalismo independente<\/h3>\n<p>O cerco \u00e0 imprensa livre tem se intensificado na regi\u00e3o, for\u00e7ando profissionais da informa\u00e7\u00e3o a buscarem ref\u00fagio no exterior para garantir a pr\u00f3pria seguran\u00e7a e a continuidade de seus trabalhos investigativos.<\/p>\n<p>O epis\u00f3dio evidencia o clima de tens\u00e3o enfrentado por vozes dissonantes no territ\u00f3rio venezuelano, onde a liberdade de express\u00e3o sofre constantes restri\u00e7\u00f5es e retalia\u00e7\u00f5es por parte das autoridades governamentais.<\/p>\n<p>Autor: AconteceIA<\/p>\n<p>Por Reda\u00e7\u00e3o Acontece<\/p>\n<p>Imagem: Reprodu\u00e7\u00e3o \/ Redes sociais<\/p>\n","protected":false},"excerpt":{"rendered":"<p>A fundadora do portal independente Efecto Cocuyo, Luz Reyes, precisou abandonar a Venezuela em decorr\u00eancia de graves amea\u00e7as recebidas pelo regime local. A persegui\u00e7\u00e3o pol\u00edtica na Venezuela A premiada comunicadora revelou que a decis\u00e3o de deixar o pa\u00eds ocorreu ap\u00f3s ser diretamente visada por Diosdado Cabello, que atualmente ocupa o cargo de ministro do Interior [&hellip;]<\/p>\n","protected":false},"author":0,"featured_media":36597,"comment_status":"open","ping_status":"open","sticky":false,"template":"","format":"standard","meta":{"footnotes":""},"categories":[28],"tags":[],"class_list":["post-36591","post","type-post","status-publish","format-standard","has-post-thumbnail","hentry","category-mundo"],"_links":{"self":[{"href":"https:\/\/acontecenafronteira.com.br\/index.php\/wp-json\/wp\/v2\/posts\/36591","targetHints":{"allow":["GET"]}}],"collection":[{"href":"https:\/\/acontecenafronteira.com.br\/index.php\/wp-json\/wp\/v2\/posts"}],"about":[{"href":"https:\/\/acontecenafronteira.com.br\/index.php\/wp-json\/wp\/v2\/types\/post"}],"replies":[{"embeddable":true,"href":"https:\/\/acontecenafronteira.com.br\/index.php\/wp-json\/wp\/v2\/comments?post=36591"}],"version-history":[{"count":1,"href":"https:\/\/acontecenafronteira.com.br\/index.php\/wp-json\/wp\/v2\/posts\/36591\/revisions"}],"predecessor-version":[{"id":36596,"href":"https:\/\/acontecenafronteira.com.br\/index.php\/wp-json\/wp\/v2\/posts\/36591\/revisions\/36596"}],"wp:featuredmedia":[{"embeddable":true,"href":"https:\/\/acontecenafronteira.com.br\/index.php\/wp-json\/wp\/v2\/media\/36597"}],"wp:attachment":[{"href":"https:\/\/acontecenafronteira.com.br\/index.php\/wp-json\/wp\/v2\/media?parent=36591"}],"wp:term":[{"taxonomy":"category","embeddable":true,"href":"https:\/\/acontecenafronteira.com.br\/index.php\/wp-json\/wp\/v2\/categories?post=36591"},{"taxonomy":"post_tag","embeddable":true,"href":"https:\/\/acontecenafronteira.com.br\/index.php\/wp-json\/wp\/v2\/tags?post=36591"}],"curies":[{"name":"wp","href":"https:\/\/api.w.org\/{rel}","templated":true}]}}