{"id":36583,"date":"2026-09-06T07:36:03","date_gmt":"2026-09-06T10:36:03","guid":{"rendered":"https:\/\/acontecenafronteira.com.br\/?p=36583"},"modified":"2026-09-06T07:36:03","modified_gmt":"2026-09-06T10:36:03","slug":"augusto-cury-faz-carreata-no-pr-e-critica-polarizacao","status":"publish","type":"post","link":"https:\/\/acontecenafronteira.com.br\/index.php\/2026\/09\/06\/augusto-cury-faz-carreata-no-pr-e-critica-polarizacao\/","title":{"rendered":"Augusto Cury faz carreata no PR e critica polariza\u00e7\u00e3o"},"content":{"rendered":"<p>O candidato do Avante \u00e0 Presid\u00eancia da Rep\u00fablica, Augusto Cury, realizou neste s\u00e1bado (5), em Foz do Igua\u00e7u, no estado do Paran\u00e1, uma carreata para defender a pacifica\u00e7\u00e3o nacional e criticar a polariza\u00e7\u00e3o pol\u00edtica que domina o cen\u00e1rio eleitoral brasileiro.<\/p>\n<h2>Mensagem de uni\u00e3o e paz<\/h2>\n<p>Durante o ato pol\u00edtico em territ\u00f3rio paranaense, o postulante ao Pal\u00e1cio do Planalto destacou que o pa\u00eds precisa superar as divis\u00f5es partid\u00e1rias extremas. Para Cury, o foco dos debates deve ser o bem-estar da popula\u00e7\u00e3o e o desenvolvimento socioecon\u00f4mico, deixando de lado os conflitos ideol\u00f3gicos que polarizam a sociedade.<\/p>\n<h3>Propostas para o cen\u00e1rio nacional<\/h3>\n<p>O evento reuniu apoiadores e simpatizantes da campanha na regi\u00e3o oeste paranaense, onde o candidato refor\u00e7ou suas principais diretrizes de governo. A mobiliza\u00e7\u00e3o buscou atrair eleitores indecisos e consolidar a presen\u00e7a da chapa no estado.<\/p>\n<p>Aspectos econ\u00f4micos e sociais tamb\u00e9m integraram o discurso do presidenci\u00e1vel durante a passagem por Foz do Igua\u00e7u, enfatizando a import\u00e2ncia de pol\u00edticas p\u00fablicas voltadas para a educa\u00e7\u00e3o e a sa\u00fade mental dos brasileiros.<\/p>\n<p>A carreata encerrou a agenda do candidato na cidade, marcando mais uma etapa de sua campanha itinerante pelo interior do pa\u00eds em busca de maior visibilidade eleitoral.<\/p>\n<p>Por Reda\u00e7\u00e3o Acontece<\/p>\n<p>Cr\u00e9ditos da imagem: Divulga\u00e7\u00e3o \/ Campanha Avante<\/p>\n","protected":false},"excerpt":{"rendered":"<p>O candidato do Avante \u00e0 Presid\u00eancia da Rep\u00fablica, Augusto Cury, realizou neste s\u00e1bado (5), em Foz do Igua\u00e7u, no estado do Paran\u00e1, uma carreata para defender a pacifica\u00e7\u00e3o nacional e criticar a polariza\u00e7\u00e3o pol\u00edtica que domina o cen\u00e1rio eleitoral brasileiro. Mensagem de uni\u00e3o e paz Durante o ato pol\u00edtico em territ\u00f3rio paranaense, o postulante ao [&hellip;]<\/p>\n","protected":false},"author":0,"featured_media":36588,"comment_status":"open","ping_status":"open","sticky":false,"template":"","format":"standard","meta":{"footnotes":""},"categories":[18],"tags":[],"class_list":["post-36583","post","type-post","status-publish","format-standard","has-post-thumbnail","hentry","category-parana"],"_links":{"self":[{"href":"https:\/\/acontecenafronteira.com.br\/index.php\/wp-json\/wp\/v2\/posts\/36583","targetHints":{"allow":["GET"]}}],"collection":[{"href":"https:\/\/acontecenafronteira.com.br\/index.php\/wp-json\/wp\/v2\/posts"}],"about":[{"href":"https:\/\/acontecenafronteira.com.br\/index.php\/wp-json\/wp\/v2\/types\/post"}],"replies":[{"embeddable":true,"href":"https:\/\/acontecenafronteira.com.br\/index.php\/wp-json\/wp\/v2\/comments?post=36583"}],"version-history":[{"count":1,"href":"https:\/\/acontecenafronteira.com.br\/index.php\/wp-json\/wp\/v2\/posts\/36583\/revisions"}],"predecessor-version":[{"id":36587,"href":"https:\/\/acontecenafronteira.com.br\/index.php\/wp-json\/wp\/v2\/posts\/36583\/revisions\/36587"}],"wp:featuredmedia":[{"embeddable":true,"href":"https:\/\/acontecenafronteira.com.br\/index.php\/wp-json\/wp\/v2\/media\/36588"}],"wp:attachment":[{"href":"https:\/\/acontecenafronteira.com.br\/index.php\/wp-json\/wp\/v2\/media?parent=36583"}],"wp:term":[{"taxonomy":"category","embeddable":true,"href":"https:\/\/acontecenafronteira.com.br\/index.php\/wp-json\/wp\/v2\/categories?post=36583"},{"taxonomy":"post_tag","embeddable":true,"href":"https:\/\/acontecenafronteira.com.br\/index.php\/wp-json\/wp\/v2\/tags?post=36583"}],"curies":[{"name":"wp","href":"https:\/\/api.w.org\/{rel}","templated":true}]}}