{"id":36582,"date":"2026-09-06T07:35:59","date_gmt":"2026-09-06T10:35:59","guid":{"rendered":"https:\/\/acontecenafronteira.com.br\/?p=36582"},"modified":"2026-09-06T07:35:59","modified_gmt":"2026-09-06T10:35:59","slug":"governo-do-parana-assume-salarios-de-terceirizados-da-produserv","status":"publish","type":"post","link":"https:\/\/acontecenafronteira.com.br\/index.php\/2026\/09\/06\/governo-do-parana-assume-salarios-de-terceirizados-da-produserv\/","title":{"rendered":"Governo do Paran\u00e1 assume sal\u00e1rios de terceirizados da Produserv"},"content":{"rendered":"<p>O governo estadual decidiu intervir diretamente na crise financeira da Produserv Servi\u00e7os Ltda. e assumiu a responsabilidade pelo repasse dos sal\u00e1rios e benef\u00edcios devidos a mais de 2 mil funcion\u00e1rios terceirizados que estavam sem receber.<\/p>\n<h2>A situa\u00e7\u00e3o dos trabalhadores afetados<\/h2>\n<p>A medida emergencial foi tomada ap\u00f3s o ac\u00famulo de den\u00fancias sobre atrasos recorrentes nos pagamentos e a falta de quita\u00e7\u00e3o de direitos trabalhistas b\u00e1sicos por parte da empresa contratada, gerando forte apreens\u00e3o entre os prestadores de servi\u00e7o.<\/p>\n<h2>Garantia de quita\u00e7\u00e3o financeira<\/h2>\n<p>De acordo com a administra\u00e7\u00e3o estadual, os valores retidos ser\u00e3o direcionados diretamente para a folha de pagamento dos colaboradores, assegurando que o sustento dessas fam\u00edlias n\u00e3o seja mais prejudicado pelas falhas administrativas da companhia.<\/p>\n<p>As equipes jur\u00eddicas e financeiras do executivo estadual intensificaram os tr\u00e2metes burocr\u00e1ticos para agilizar a libera\u00e7\u00e3o das verbas e minimizar os impactos causados aos profissionais que atuam em diferentes \u00f3rg\u00e3os p\u00fablicos do estado.<\/p>\n<p>Novas diretrizes contratuais tamb\u00e9m est\u00e3o sendo avaliadas para evitar que epis\u00f3dios semelhantes de calote e inadimpl\u00eancia voltem a se repetir com prestadores de servi\u00e7os vinculados ao poder p\u00fablico regional.<\/p>\n<p>Por Reda\u00e7\u00e3o Acontece<\/p>\n<p>Foto: Divulga\u00e7\u00e3o\/Ag\u00eancia Estadual de Not\u00edcias<\/p>\n","protected":false},"excerpt":{"rendered":"<p>O governo estadual decidiu intervir diretamente na crise financeira da Produserv Servi\u00e7os Ltda. e assumiu a responsabilidade pelo repasse dos sal\u00e1rios e benef\u00edcios devidos a mais de 2 mil funcion\u00e1rios terceirizados que estavam sem receber. A situa\u00e7\u00e3o dos trabalhadores afetados A medida emergencial foi tomada ap\u00f3s o ac\u00famulo de den\u00fancias sobre atrasos recorrentes nos pagamentos [&hellip;]<\/p>\n","protected":false},"author":0,"featured_media":36586,"comment_status":"open","ping_status":"open","sticky":false,"template":"","format":"standard","meta":{"footnotes":""},"categories":[18],"tags":[],"class_list":["post-36582","post","type-post","status-publish","format-standard","has-post-thumbnail","hentry","category-parana"],"_links":{"self":[{"href":"https:\/\/acontecenafronteira.com.br\/index.php\/wp-json\/wp\/v2\/posts\/36582","targetHints":{"allow":["GET"]}}],"collection":[{"href":"https:\/\/acontecenafronteira.com.br\/index.php\/wp-json\/wp\/v2\/posts"}],"about":[{"href":"https:\/\/acontecenafronteira.com.br\/index.php\/wp-json\/wp\/v2\/types\/post"}],"replies":[{"embeddable":true,"href":"https:\/\/acontecenafronteira.com.br\/index.php\/wp-json\/wp\/v2\/comments?post=36582"}],"version-history":[{"count":1,"href":"https:\/\/acontecenafronteira.com.br\/index.php\/wp-json\/wp\/v2\/posts\/36582\/revisions"}],"predecessor-version":[{"id":36585,"href":"https:\/\/acontecenafronteira.com.br\/index.php\/wp-json\/wp\/v2\/posts\/36582\/revisions\/36585"}],"wp:featuredmedia":[{"embeddable":true,"href":"https:\/\/acontecenafronteira.com.br\/index.php\/wp-json\/wp\/v2\/media\/36586"}],"wp:attachment":[{"href":"https:\/\/acontecenafronteira.com.br\/index.php\/wp-json\/wp\/v2\/media?parent=36582"}],"wp:term":[{"taxonomy":"category","embeddable":true,"href":"https:\/\/acontecenafronteira.com.br\/index.php\/wp-json\/wp\/v2\/categories?post=36582"},{"taxonomy":"post_tag","embeddable":true,"href":"https:\/\/acontecenafronteira.com.br\/index.php\/wp-json\/wp\/v2\/tags?post=36582"}],"curies":[{"name":"wp","href":"https:\/\/api.w.org\/{rel}","templated":true}]}}