{"id":36570,"date":"2026-09-06T06:36:42","date_gmt":"2026-09-06T09:36:42","guid":{"rendered":"https:\/\/acontecenafronteira.com.br\/?p=36570"},"modified":"2026-09-06T06:36:42","modified_gmt":"2026-09-06T09:36:42","slug":"pf-no-parana-diretor-avalia-medidas-apos-citacao-no-stf","status":"publish","type":"post","link":"https:\/\/acontecenafronteira.com.br\/index.php\/2026\/09\/06\/pf-no-parana-diretor-avalia-medidas-apos-citacao-no-stf\/","title":{"rendered":"PF no Paran\u00e1: Diretor avalia medidas ap\u00f3s cita\u00e7\u00e3o no STF"},"content":{"rendered":"<p>O comando da Pol\u00edcia Federal avalia quais medidas adotar ap\u00f3s o envolvimento do dirigente m\u00e1ximo da corpora\u00e7\u00e3o em um relat\u00f3rio requisitado pelo ministro do Supremo Tribunal Federal, Andr\u00e9 Mendon\u00e7a.<\/p>\n<p>H2 Repercuss\u00e3o interna na Pol\u00edcia Federal<\/p>\n<p>O documento em quest\u00e3o analisa dados extra\u00eddos do telefone celular de Daniel Vorcaro. Nos bastidores, o chefe da corpora\u00e7\u00e3o tem demonstrado insatisfa\u00e7\u00e3o a pessoas pr\u00f3ximas.<\/p>\n<p>H3 Cr\u00edticas \u00e0 exposi\u00e7\u00e3o p\u00fablica<\/p>\n<p>A principal reclama\u00e7\u00e3o gira em torno da suposta exposi\u00e7\u00e3o negativa gerada pelo magistrado do STF, que teria arrastado sua reputa\u00e7\u00e3o \u2014 assim como as de Paulo Gonet e Alexandre de Moraes \u2014 para uma situa\u00e7\u00e3o delicada.<\/p>\n<p>O descontentamento reflete o momento de tens\u00e3o institucional gerado pelas investiga\u00e7\u00f5es em curso e pela forma como o relat\u00f3rio foi divulgado e tratado no \u00e2mbito judicial.<\/p>\n<p>As pr\u00f3ximas semanas devem definir se a\u00e7\u00f5es formais ser\u00e3o tomadas pela dire\u00e7\u00e3o da for\u00e7a policial em resposta ao epis\u00f3dio envolvendo a Suprema Corte.<\/p>\n<p>Por Reda\u00e7\u00e3o Acontece<\/p>\n<p>Cr\u00e9dito da imagem: Divulga\u00e7\u00e3o\/Ag\u00eancia Brasil<\/p>\n","protected":false},"excerpt":{"rendered":"<p>O comando da Pol\u00edcia Federal avalia quais medidas adotar ap\u00f3s o envolvimento do dirigente m\u00e1ximo da corpora\u00e7\u00e3o em um relat\u00f3rio requisitado pelo ministro do Supremo Tribunal Federal, Andr\u00e9 Mendon\u00e7a. H2 Repercuss\u00e3o interna na Pol\u00edcia Federal O documento em quest\u00e3o analisa dados extra\u00eddos do telefone celular de Daniel Vorcaro. Nos bastidores, o chefe da corpora\u00e7\u00e3o tem [&hellip;]<\/p>\n","protected":false},"author":0,"featured_media":36576,"comment_status":"open","ping_status":"open","sticky":false,"template":"","format":"standard","meta":{"footnotes":""},"categories":[28],"tags":[],"class_list":["post-36570","post","type-post","status-publish","format-standard","has-post-thumbnail","hentry","category-mundo"],"_links":{"self":[{"href":"https:\/\/acontecenafronteira.com.br\/index.php\/wp-json\/wp\/v2\/posts\/36570","targetHints":{"allow":["GET"]}}],"collection":[{"href":"https:\/\/acontecenafronteira.com.br\/index.php\/wp-json\/wp\/v2\/posts"}],"about":[{"href":"https:\/\/acontecenafronteira.com.br\/index.php\/wp-json\/wp\/v2\/types\/post"}],"replies":[{"embeddable":true,"href":"https:\/\/acontecenafronteira.com.br\/index.php\/wp-json\/wp\/v2\/comments?post=36570"}],"version-history":[{"count":1,"href":"https:\/\/acontecenafronteira.com.br\/index.php\/wp-json\/wp\/v2\/posts\/36570\/revisions"}],"predecessor-version":[{"id":36575,"href":"https:\/\/acontecenafronteira.com.br\/index.php\/wp-json\/wp\/v2\/posts\/36570\/revisions\/36575"}],"wp:featuredmedia":[{"embeddable":true,"href":"https:\/\/acontecenafronteira.com.br\/index.php\/wp-json\/wp\/v2\/media\/36576"}],"wp:attachment":[{"href":"https:\/\/acontecenafronteira.com.br\/index.php\/wp-json\/wp\/v2\/media?parent=36570"}],"wp:term":[{"taxonomy":"category","embeddable":true,"href":"https:\/\/acontecenafronteira.com.br\/index.php\/wp-json\/wp\/v2\/categories?post=36570"},{"taxonomy":"post_tag","embeddable":true,"href":"https:\/\/acontecenafronteira.com.br\/index.php\/wp-json\/wp\/v2\/tags?post=36570"}],"curies":[{"name":"wp","href":"https:\/\/api.w.org\/{rel}","templated":true}]}}