{"id":36560,"date":"2026-09-06T05:37:35","date_gmt":"2026-09-06T08:37:35","guid":{"rendered":"https:\/\/acontecenafronteira.com.br\/?p=36560"},"modified":"2026-09-06T05:37:35","modified_gmt":"2026-09-06T08:37:35","slug":"eleicoes-no-parana-caso-vorcaro-nao-altera-cenario-nacional","status":"publish","type":"post","link":"https:\/\/acontecenafronteira.com.br\/index.php\/2026\/09\/06\/eleicoes-no-parana-caso-vorcaro-nao-altera-cenario-nacional\/","title":{"rendered":"Elei\u00e7\u00f5es no Paran\u00e1: Caso Vorcaro n\u00e3o altera cen\u00e1rio nacional"},"content":{"rendered":"<p>Apesar de toda a repercuss\u00e3o pol\u00edtica recente envolvendo liga\u00e7\u00f5es diretas ou indiretas de presidenci\u00e1veis com Daniel Vorcaro, especialistas avaliam que o esc\u00e2ndalo n\u00e3o possui for\u00e7a suficiente para alterar a previs\u00e3o de segundo turno nas elei\u00e7\u00f5es brasileiras, reflexo tamb\u00e9m monitorado por eleitores no <b>Paran\u00e1<\/b>.<\/p>\n<h2>Impacto das pesquisas eleitorais<\/h2>\n<p>Mesmo com a divulga\u00e7\u00e3o de contatos entre o banqueiro e figuras como Fl\u00e1vio Bolsonaro (PL) e aliados do governo atual, os principais levantamentos de inten\u00e7\u00e3o de voto seguem indicando estabilidade na corrida presidencial que movimenta o cen\u00e1rio pol\u00edtico em territ\u00f3rio paranaense.<\/p>\n<h2>Cronologia dos levantamentos<\/h2>\n<p>O efeito limitado do esc\u00e2ndalo pode ser observado de maneira cronol\u00f3gica atrav\u00e9s de institutos como Quaest e Datafolha. Quando o caso envolvendo Fl\u00e1vio Bolsonaro veio \u00e0 tona em maio, o candidato do PL registrava 35% no Datafolha, enquanto o atual presidente pontuava com 39%.<\/p>\n<p>Ap\u00f3s turbul\u00eancias que afetaram tanto a oposi\u00e7\u00e3o quanto aliados governistas, a poeira baixou e os n\u00fameros recentes voltaram a patamares muito pr\u00f3ximos aos registrados no per\u00edodo anterior \u00e0 deflagra\u00e7\u00e3o das investiga\u00e7\u00f5es federais.<\/p>\n<p>Novos desdobramentos sobre a rela\u00e7\u00e3o de autoridades com o banqueiro continuam sendo testados nas pesquisas de opini\u00e3o p\u00fablica, mantendo o eleitorado atento aos desdobramentos da crise pol\u00edtica nacional.<\/p>\n<p>Por Reda\u00e7\u00e3o Acontece<\/p>\n<p>Cr\u00e9ditos da imagem: Divulga\u00e7\u00e3o \/ Metr\u00f3poles<\/p>\n","protected":false},"excerpt":{"rendered":"<p>Apesar de toda a repercuss\u00e3o pol\u00edtica recente envolvendo liga\u00e7\u00f5es diretas ou indiretas de presidenci\u00e1veis com Daniel Vorcaro, especialistas avaliam que o esc\u00e2ndalo n\u00e3o possui for\u00e7a suficiente para alterar a previs\u00e3o de segundo turno nas elei\u00e7\u00f5es brasileiras, reflexo tamb\u00e9m monitorado por eleitores no Paran\u00e1. Impacto das pesquisas eleitorais Mesmo com a divulga\u00e7\u00e3o de contatos entre o [&hellip;]<\/p>\n","protected":false},"author":0,"featured_media":36567,"comment_status":"open","ping_status":"open","sticky":false,"template":"","format":"standard","meta":{"footnotes":""},"categories":[6],"tags":[],"class_list":["post-36560","post","type-post","status-publish","format-standard","has-post-thumbnail","hentry","category-mercosul"],"_links":{"self":[{"href":"https:\/\/acontecenafronteira.com.br\/index.php\/wp-json\/wp\/v2\/posts\/36560","targetHints":{"allow":["GET"]}}],"collection":[{"href":"https:\/\/acontecenafronteira.com.br\/index.php\/wp-json\/wp\/v2\/posts"}],"about":[{"href":"https:\/\/acontecenafronteira.com.br\/index.php\/wp-json\/wp\/v2\/types\/post"}],"replies":[{"embeddable":true,"href":"https:\/\/acontecenafronteira.com.br\/index.php\/wp-json\/wp\/v2\/comments?post=36560"}],"version-history":[{"count":1,"href":"https:\/\/acontecenafronteira.com.br\/index.php\/wp-json\/wp\/v2\/posts\/36560\/revisions"}],"predecessor-version":[{"id":36566,"href":"https:\/\/acontecenafronteira.com.br\/index.php\/wp-json\/wp\/v2\/posts\/36560\/revisions\/36566"}],"wp:featuredmedia":[{"embeddable":true,"href":"https:\/\/acontecenafronteira.com.br\/index.php\/wp-json\/wp\/v2\/media\/36567"}],"wp:attachment":[{"href":"https:\/\/acontecenafronteira.com.br\/index.php\/wp-json\/wp\/v2\/media?parent=36560"}],"wp:term":[{"taxonomy":"category","embeddable":true,"href":"https:\/\/acontecenafronteira.com.br\/index.php\/wp-json\/wp\/v2\/categories?post=36560"},{"taxonomy":"post_tag","embeddable":true,"href":"https:\/\/acontecenafronteira.com.br\/index.php\/wp-json\/wp\/v2\/tags?post=36560"}],"curies":[{"name":"wp","href":"https:\/\/api.w.org\/{rel}","templated":true}]}}