{"id":36558,"date":"2026-09-06T05:37:16","date_gmt":"2026-09-06T08:37:16","guid":{"rendered":"https:\/\/acontecenafronteira.com.br\/?p=36558"},"modified":"2026-09-06T05:37:16","modified_gmt":"2026-09-06T08:37:16","slug":"charge-do-aroeira-humor-grafico-na-politica-do-parana-2","status":"publish","type":"post","link":"https:\/\/acontecenafronteira.com.br\/index.php\/2026\/09\/06\/charge-do-aroeira-humor-grafico-na-politica-do-parana-2\/","title":{"rendered":"Charge do Aroeira: Humor gr\u00e1fico na pol\u00edtica do Paran\u00e1"},"content":{"rendered":"<p>O renomado cartunista Aroeira voltou a chamar a aten\u00e7\u00e3o do p\u00fablico brasileiro com suas produ\u00e7\u00f5es \u00e1cidas que satirizam os principais acontecimentos da pol\u00edtica nacional, gerando forte repercuss\u00e3o tamb\u00e9m entre os leitores paranaenses.<\/p>\n<p>H2 O papel do humor gr\u00e1fico no jornalismo atual<\/p>\n<p>As ilustra\u00e7\u00f5es de Aroeira utilizam a s\u00e1tira como ferramenta cr\u00edtica para expor contradi\u00e7\u00f5es de figuras p\u00fablicas e institui\u00e7\u00f5es, levantando debates essenciais sobre a liberdade de express\u00e3o e o papel da arte na sociedade.<\/p>\n<p>H3 Repercuss\u00e3o nas redes sociais<\/p>\n<p>Com o compartilhamento em massa nas plataformas digitais, as charges ultrapassam os limites tradicionais da imprensa impressa, alcan\u00e7ando milhares de cidad\u00e3os em Curitiba e em todo o interior do estado.<\/p>\n<p>A for\u00e7a visual das imagens facilita a compreens\u00e3o r\u00e1pida de cen\u00e1rios complexos, tornando-se um elemento indispens\u00e1vel para o entendimento cr\u00edtico da conjuntura pol\u00edtica recente.<\/p>\n<p>Enquanto o debate sobre os limites do humor continua em alta nos tribunais e na opini\u00e3o p\u00fablica, o trabalho de chargistas consagrados segue desempenhando uma fun\u00e7\u00e3o hist\u00f3rica vital na democracia brasileira.<\/p>\n<p>Por Reda\u00e7\u00e3o Acontece<\/p>\n<p>Cr\u00e9ditos da imagem: Reprodu\u00e7\u00e3o \/ Redes Sociais<\/p>\n","protected":false},"excerpt":{"rendered":"<p>O renomado cartunista Aroeira voltou a chamar a aten\u00e7\u00e3o do p\u00fablico brasileiro com suas produ\u00e7\u00f5es \u00e1cidas que satirizam os principais acontecimentos da pol\u00edtica nacional, gerando forte repercuss\u00e3o tamb\u00e9m entre os leitores paranaenses. H2 O papel do humor gr\u00e1fico no jornalismo atual As ilustra\u00e7\u00f5es de Aroeira utilizam a s\u00e1tira como ferramenta cr\u00edtica para expor contradi\u00e7\u00f5es de [&hellip;]<\/p>\n","protected":false},"author":0,"featured_media":36564,"comment_status":"open","ping_status":"open","sticky":false,"template":"","format":"standard","meta":{"footnotes":""},"categories":[6],"tags":[],"class_list":["post-36558","post","type-post","status-publish","format-standard","has-post-thumbnail","hentry","category-mercosul"],"_links":{"self":[{"href":"https:\/\/acontecenafronteira.com.br\/index.php\/wp-json\/wp\/v2\/posts\/36558","targetHints":{"allow":["GET"]}}],"collection":[{"href":"https:\/\/acontecenafronteira.com.br\/index.php\/wp-json\/wp\/v2\/posts"}],"about":[{"href":"https:\/\/acontecenafronteira.com.br\/index.php\/wp-json\/wp\/v2\/types\/post"}],"replies":[{"embeddable":true,"href":"https:\/\/acontecenafronteira.com.br\/index.php\/wp-json\/wp\/v2\/comments?post=36558"}],"version-history":[{"count":1,"href":"https:\/\/acontecenafronteira.com.br\/index.php\/wp-json\/wp\/v2\/posts\/36558\/revisions"}],"predecessor-version":[{"id":36563,"href":"https:\/\/acontecenafronteira.com.br\/index.php\/wp-json\/wp\/v2\/posts\/36558\/revisions\/36563"}],"wp:featuredmedia":[{"embeddable":true,"href":"https:\/\/acontecenafronteira.com.br\/index.php\/wp-json\/wp\/v2\/media\/36564"}],"wp:attachment":[{"href":"https:\/\/acontecenafronteira.com.br\/index.php\/wp-json\/wp\/v2\/media?parent=36558"}],"wp:term":[{"taxonomy":"category","embeddable":true,"href":"https:\/\/acontecenafronteira.com.br\/index.php\/wp-json\/wp\/v2\/categories?post=36558"},{"taxonomy":"post_tag","embeddable":true,"href":"https:\/\/acontecenafronteira.com.br\/index.php\/wp-json\/wp\/v2\/tags?post=36558"}],"curies":[{"name":"wp","href":"https:\/\/api.w.org\/{rel}","templated":true}]}}