{"id":36548,"date":"2026-09-06T05:36:38","date_gmt":"2026-09-06T08:36:38","guid":{"rendered":"https:\/\/acontecenafronteira.com.br\/?p=36548"},"modified":"2026-09-06T05:36:38","modified_gmt":"2026-09-06T08:36:38","slug":"ex-bailarina-famosa-por-aulas-de-alongamento-completa-50-anos-de-carreira","status":"publish","type":"post","link":"https:\/\/acontecenafronteira.com.br\/index.php\/2026\/09\/06\/ex-bailarina-famosa-por-aulas-de-alongamento-completa-50-anos-de-carreira\/","title":{"rendered":"Ex-bailarina famosa por aulas de alongamento completa 50 anos de carreira"},"content":{"rendered":"<p>A renomada educadora corporal e ex-bailarina Cristina Heydt celebra meio s\u00e9culo dedicado ao movimento, acumulando uma legi\u00e3o de admiradores e alunas famosas que marcaram gera\u00e7\u00f5es na Zona Sul carioca.<\/p>\n<h2>A origem do m\u00e9todo inovador<\/h2>\n<p>Nos anos 1970, Cristina abandonou a gradua\u00e7\u00e3o em filosofia para mergulhar na dan\u00e7a, ensaiando at\u00e9 oito horas di\u00e1rias com grandes refer\u00eancias da \u00e9poca. Ao trabalhar como assistente do ic\u00f4nico core\u00f3grafo americano Lennie Dale, ela desenvolveu um aquecimento pr\u00f3prio focado em flexibilidade que conquistou a classe art\u00edstica e deu in\u00edcio \u00e0 sua famosa t\u00e9cnica.<\/p>\n<h3>O sucesso na tradicional Academia Jussara<\/h3>\n<p>Durante as d\u00e9cadas de 1980 e 1990, o endere\u00e7o na Rua Visconde de Piraj\u00e1 reunia celebridades como Cissa Guimar\u00e3es, Claudia Raia e Julia Lemmertz em busca das disputadas aulas de flexibilidade, que combinavam rigor t\u00e9cnico, disciplina e trilhas sonoras sofisticadas.<\/p>\n<h2>Transi\u00e7\u00e3o para a sa\u00fade e bem-estar<\/h2>\n<p>Ap\u00f3s passar por renomados espa\u00e7os de condicionamento f\u00edsico da cidade e concluir sua forma\u00e7\u00e3o em fisioterapia, a profissional redirecionou seu foco para a preven\u00e7\u00e3o de les\u00f5es e reeduca\u00e7\u00e3o corporal, inspirando praticantes de todas as idades com uma abordagem voltada para a sa\u00fade integral.<\/p>\n<h2>Escola da Coluna no Leblon<\/h2>\n<p>Atualmente, a especialista comanda a Escola da Coluna no Leblon, onde atende pequenos grupos com um m\u00e9todo adaptado da escola francesa voltada para a musculatura que sustenta a espinha dorsal, unindo for\u00e7a, equil\u00edbrio e dan\u00e7a.<\/p>\n<p>Por Reda\u00e7\u00e3o Acontece Cr\u00e9ditos da imagem: Ana Branco<\/p>\n","protected":false},"excerpt":{"rendered":"<p>A renomada educadora corporal e ex-bailarina Cristina Heydt celebra meio s\u00e9culo dedicado ao movimento, acumulando uma legi\u00e3o de admiradores e alunas famosas que marcaram gera\u00e7\u00f5es na Zona Sul carioca. A origem do m\u00e9todo inovador Nos anos 1970, Cristina abandonou a gradua\u00e7\u00e3o em filosofia para mergulhar na dan\u00e7a, ensaiando at\u00e9 oito horas di\u00e1rias com grandes refer\u00eancias [&hellip;]<\/p>\n","protected":false},"author":0,"featured_media":36556,"comment_status":"open","ping_status":"open","sticky":false,"template":"","format":"standard","meta":{"footnotes":""},"categories":[28],"tags":[],"class_list":["post-36548","post","type-post","status-publish","format-standard","has-post-thumbnail","hentry","category-mundo"],"_links":{"self":[{"href":"https:\/\/acontecenafronteira.com.br\/index.php\/wp-json\/wp\/v2\/posts\/36548","targetHints":{"allow":["GET"]}}],"collection":[{"href":"https:\/\/acontecenafronteira.com.br\/index.php\/wp-json\/wp\/v2\/posts"}],"about":[{"href":"https:\/\/acontecenafronteira.com.br\/index.php\/wp-json\/wp\/v2\/types\/post"}],"replies":[{"embeddable":true,"href":"https:\/\/acontecenafronteira.com.br\/index.php\/wp-json\/wp\/v2\/comments?post=36548"}],"version-history":[{"count":1,"href":"https:\/\/acontecenafronteira.com.br\/index.php\/wp-json\/wp\/v2\/posts\/36548\/revisions"}],"predecessor-version":[{"id":36555,"href":"https:\/\/acontecenafronteira.com.br\/index.php\/wp-json\/wp\/v2\/posts\/36548\/revisions\/36555"}],"wp:featuredmedia":[{"embeddable":true,"href":"https:\/\/acontecenafronteira.com.br\/index.php\/wp-json\/wp\/v2\/media\/36556"}],"wp:attachment":[{"href":"https:\/\/acontecenafronteira.com.br\/index.php\/wp-json\/wp\/v2\/media?parent=36548"}],"wp:term":[{"taxonomy":"category","embeddable":true,"href":"https:\/\/acontecenafronteira.com.br\/index.php\/wp-json\/wp\/v2\/categories?post=36548"},{"taxonomy":"post_tag","embeddable":true,"href":"https:\/\/acontecenafronteira.com.br\/index.php\/wp-json\/wp\/v2\/tags?post=36548"}],"curies":[{"name":"wp","href":"https:\/\/api.w.org\/{rel}","templated":true}]}}