{"id":36547,"date":"2026-09-06T05:36:33","date_gmt":"2026-09-06T08:36:33","guid":{"rendered":"https:\/\/acontecenafronteira.com.br\/?p=36547"},"modified":"2026-09-06T05:36:33","modified_gmt":"2026-09-06T08:36:33","slug":"festival-de-foz-do-iguacu-supera-expectativas-no-parana","status":"publish","type":"post","link":"https:\/\/acontecenafronteira.com.br\/index.php\/2026\/09\/06\/festival-de-foz-do-iguacu-supera-expectativas-no-parana\/","title":{"rendered":"Festival de Foz do Igua\u00e7u supera expectativas no Paran\u00e1"},"content":{"rendered":"<p>A cidade de Foz do Igua\u00e7u, no estado do Paran\u00e1, foi palco de um grande evento cultural neste final de semana, reunindo milhares de pessoas na regi\u00e3o oeste paranaense para apresenta\u00e7\u00f5es musicais marcantes e muita emo\u00e7\u00e3o do p\u00fablico.<\/p>\n<h2>Destaques positivos do evento em Foz do Igua\u00e7u<\/h2>\n<p>A infraestrutura montada no Paran\u00e1 impressionou positivamente os participantes, especialmente no que diz respeito ao uso de tecnologia de ponta nos tel\u00f5es gigantes e na qualidade do transporte p\u00fablico local, que facilitou o acesso do p\u00fablico ao espa\u00e7o dos shows sem maiores transtornos de tr\u00e2nsito na regi\u00e3o.<\/p>\n<p>Al\u00e9m disso, artistas locais e nacionais entregaram performances memor\u00e1veis, consolidando o calend\u00e1rio de eventos do estado do Paran\u00e1 como um dos mais importantes do cen\u00e1rio nacional de entretenimento.<\/p>\n<h2>O que precisa melhorar para as pr\u00f3ximas edi\u00e7\u00f5es<\/h2>\n<p>Apesar do sucesso de p\u00fablico, alguns pontos log\u00edsticos deixaram a desejar e exigem aten\u00e7\u00e3o da organiza\u00e7\u00e3o para os pr\u00f3ximos anos no Paran\u00e1.<\/p>\n<p>Entre as principais reclama\u00e7\u00f5es dos visitantes estiveram a escassez de pontos para recarga de baterias de celulares e alguns pontos de alagamento provocados pelas chuvas que atingiram o munic\u00edpio paranaense durante a programa\u00e7\u00e3o.<\/p>\n<p>O evento na fronteira paranaense encerrou sua programa\u00e7\u00e3o com saldo positivo, mas deixou li\u00e7\u00f5es valiosas para aprimorar ainda mais a experi\u00eancia dos f\u00e3s que lotaram a arena de espet\u00e1culos.<\/p>\n<p>Por Reda\u00e7\u00e3o Acontece<\/p>\n<p>Foto: Divulga\u00e7\u00e3o \/ AconteceIA<\/p>\n","protected":false},"excerpt":{"rendered":"<p>A cidade de Foz do Igua\u00e7u, no estado do Paran\u00e1, foi palco de um grande evento cultural neste final de semana, reunindo milhares de pessoas na regi\u00e3o oeste paranaense para apresenta\u00e7\u00f5es musicais marcantes e muita emo\u00e7\u00e3o do p\u00fablico. Destaques positivos do evento em Foz do Igua\u00e7u A infraestrutura montada no Paran\u00e1 impressionou positivamente os participantes, [&hellip;]<\/p>\n","protected":false},"author":0,"featured_media":36554,"comment_status":"open","ping_status":"open","sticky":false,"template":"","format":"standard","meta":{"footnotes":""},"categories":[28],"tags":[],"class_list":["post-36547","post","type-post","status-publish","format-standard","has-post-thumbnail","hentry","category-mundo"],"_links":{"self":[{"href":"https:\/\/acontecenafronteira.com.br\/index.php\/wp-json\/wp\/v2\/posts\/36547","targetHints":{"allow":["GET"]}}],"collection":[{"href":"https:\/\/acontecenafronteira.com.br\/index.php\/wp-json\/wp\/v2\/posts"}],"about":[{"href":"https:\/\/acontecenafronteira.com.br\/index.php\/wp-json\/wp\/v2\/types\/post"}],"replies":[{"embeddable":true,"href":"https:\/\/acontecenafronteira.com.br\/index.php\/wp-json\/wp\/v2\/comments?post=36547"}],"version-history":[{"count":1,"href":"https:\/\/acontecenafronteira.com.br\/index.php\/wp-json\/wp\/v2\/posts\/36547\/revisions"}],"predecessor-version":[{"id":36553,"href":"https:\/\/acontecenafronteira.com.br\/index.php\/wp-json\/wp\/v2\/posts\/36547\/revisions\/36553"}],"wp:featuredmedia":[{"embeddable":true,"href":"https:\/\/acontecenafronteira.com.br\/index.php\/wp-json\/wp\/v2\/media\/36554"}],"wp:attachment":[{"href":"https:\/\/acontecenafronteira.com.br\/index.php\/wp-json\/wp\/v2\/media?parent=36547"}],"wp:term":[{"taxonomy":"category","embeddable":true,"href":"https:\/\/acontecenafronteira.com.br\/index.php\/wp-json\/wp\/v2\/categories?post=36547"},{"taxonomy":"post_tag","embeddable":true,"href":"https:\/\/acontecenafronteira.com.br\/index.php\/wp-json\/wp\/v2\/tags?post=36547"}],"curies":[{"name":"wp","href":"https:\/\/api.w.org\/{rel}","templated":true}]}}